{"id":14153,"date":"2013-12-27T12:52:36","date_gmt":"2013-12-27T11:52:36","guid":{"rendered":"http:\/\/www.invarena.cz\/?p=14153"},"modified":"2013-12-27T13:21:16","modified_gmt":"2013-12-27T12:21:16","slug":"od-podzimu-do-jara-muzete-vicekrat-nachladnout","status":"publish","type":"post","link":"https:\/\/www.invarena.cz\/?p=14153","title":{"rendered":"P\u0159es zimu m\u016f\u017eete v\u00edcekr\u00e1t nachladnout"},"content":{"rendered":"<p><strong>Zejm\u00e9na ve m\u011bstech, kde je velk\u00e1 koncentrace lid\u00ed, nen\u00ed <strong>podle l\u00e9ka\u0159\u016f <\/strong>v\u00fdjimkou, \u017ee se \u010dlov\u011bk pot\u00fdk\u00e1 od podzimu do jara dvakr\u00e1t a\u017e t\u0159ikr\u00e1t s nachlazen\u00edm.<!--more--><\/strong><\/p>\n<p><em>foto &#8211; autor : bartervile \/ MorgueFile<\/em><\/p>\n<p>Se zdrojem n\u00e1kazy se potk\u00e1v\u00e1 v dopravn\u00edch prost\u0159edc\u00edch, ve \u0161kol\u00e1ch, v pr\u00e1ci a v podstat\u011b se mu nem\u016f\u017ee vyhnout, \u0159ekl docent Petr \u010c\u00e1p z centra alergologie a klinick\u00e9 imunologie Nemocnice Na Homolce.<\/p>\n<p>Nemoci z nachlazen\u00ed se sice \u0161\u00ed\u0159\u00ed kap\u00e9nkovou infekc\u00ed, ale velk\u00fd v\u00fdznam p\u0159i tom maj\u00ed tak\u00e9 ruce.<\/p>\n<p>&#8222;Typick\u00e1 cesta p\u0159enosu je, \u017ee nemocn\u00fd si p\u0159i ka\u0161li d\u00e1 ruku p\u0159ed \u00fasta, pak se dotkne t\u0159eba kliky. Zdravotn\u00edci jsou zvykl\u00ed si ruce m\u00fdt mnohokr\u00e1t za den, b\u011b\u017en\u00e1 populace ale tento n\u00e1vyk nem\u00e1,&#8220; \u0159ekl.<\/p>\n<p>Podle \u010c\u00e1pa nen\u00ed na m\u00edst\u011b sm\u00e1t se Asiat\u016fm, kte\u0159\u00ed p\u0159i nachlazen\u00ed nos\u00ed \u00fastenku. &#8222;Je to projev ohleduplnosti k ostatn\u00edm,&#8220; vysv\u011btlil.<\/p>\n<p>Proti nachlazen\u00ed se na rozd\u00edl od ch\u0159ipky o\u010dkovat ned\u00e1, p\u0159\u00ed\u010din je p\u0159\u00edli\u0161 mnoho. P\u0159i l\u00e9\u010db\u011b se ned\u00e1vaj\u00ed antibiotika. Podobn\u011b jako u ch\u0159ipky se d\u00e1vaj\u00ed a\u017e u p\u0159\u00edpadn\u00fdch bakteri\u00e1ln\u00edch komplikac\u00ed, jako je z\u00e1pal plic \u010di akutn\u00ed bronchitida.<\/p>\n<p>L\u00e9ka\u0159 se rozhoduje podle v\u00fdsledku vy\u0161et\u0159en\u00ed C reaktivn\u00edho proteinu, zda jde o bakteri\u00e1ln\u00ed infekci. Jinak antibiotika ned\u00e1, aby se nezvy\u0161ovala odolnost bakteri\u00ed na tyto l\u00e9ky. Nezab\u00edraly by pak tehdy, a\u017e je pacient bude skute\u010dn\u011b pot\u0159ebovat.<\/p>\n<p>\u00daloha imunologa vystupuje podle \u010c\u00e1pa do pop\u0159ed\u00ed u lid\u00ed, kter\u00e9 postihuj\u00ed tyto infekce opakovan\u011b, t\u0159eba i osmkr\u00e1t \u010di desetkr\u00e1t b\u011bhem podzimu a zimy.<\/p>\n<p>&#8222;Takov\u00e9 pacienty vy\u0161et\u0159ujeme, zda maj\u00ed dostate\u010dnou tvorbu protil\u00e1tek, zastoupen\u00ed b\u00edl\u00fdch krvinek atd. M\u00e1me n\u00e1stroje, jak jejich imunitu podpo\u0159it, i kdy\u017e zcela nahradit ji neum\u00edme,&#8220; uvedl l\u00e9ka\u0159. Pokud je porucha na \u00farovni sliznic, mohou podle n\u011bj n\u011bkdy b\u00fdt u\u017eite\u010dn\u00e9 bakteri\u00e1ln\u00ed vakc\u00edny.<\/p>\n<p>\u010c\u00e1p doplnil, \u017ee na vy\u0161\u0161\u00edm v\u00fdskytu chorob z nachlazen\u00ed se pod\u00edl\u00ed i zne\u010di\u0161t\u011bn\u00e9 ovzdu\u0161\u00ed, hor\u0161\u00ed to tedy je b\u011bhem topn\u00e9 sez\u00f3ny.<\/p>\n<p>Velk\u00fdm probl\u00e9mem je tak\u00e9 pol\u00e9tav\u00fd prach venku, uvnit\u0159 pak topen\u00ed a klimatizace. V klimatizovan\u00e9 kancel\u00e1\u0159i, kde nelze otev\u0159\u00edt okno, se sliznice vysu\u0161uj\u00ed. Nemohou pak p\u016fsobit jako bari\u00e9ra a sn\u00e1ze se zan\u00edt\u00ed.<\/p>\n<p>&nbsp;<\/p>\n","protected":false},"excerpt":{"rendered":"<div class=\"mh-excerpt\"><p>Zejm\u00e9na ve m\u011bstech, kde je velk\u00e1 koncentrace lid\u00ed, nen\u00ed podle l\u00e9ka\u0159\u016f v\u00fdjimkou, \u017ee se \u010dlov\u011bk pot\u00fdk\u00e1 od podzimu do jara dvakr\u00e1t a\u017e t\u0159ikr\u00e1t s nachlazen\u00edm.<\/p>\n<\/div>","protected":false},"author":1,"featured_media":14154,"comment_status":"open","ping_status":"closed","sticky":false,"template":"","format":"standard","meta":{"footnotes":""},"categories":[11],"tags":[],"class_list":["post-14153","post","type-post","status-publish","format-standard","has-post-thumbnail","hentry","category-zdravi"],"_links":{"self":[{"href":"https:\/\/www.invarena.cz\/index.php?rest_route=\/wp\/v2\/posts\/14153","targetHints":{"allow":["GET"]}}],"collection":[{"href":"https:\/\/www.invarena.cz\/index.php?rest_route=\/wp\/v2\/posts"}],"about":[{"href":"https:\/\/www.invarena.cz\/index.php?rest_route=\/wp\/v2\/types\/post"}],"author":[{"embeddable":true,"href":"https:\/\/www.invarena.cz\/index.php?rest_route=\/wp\/v2\/users\/1"}],"replies":[{"embeddable":true,"href":"https:\/\/www.invarena.cz\/index.php?rest_route=%2Fwp%2Fv2%2Fcomments&post=14153"}],"version-history":[{"count":0,"href":"https:\/\/www.invarena.cz\/index.php?rest_route=\/wp\/v2\/posts\/14153\/revisions"}],"wp:featuredmedia":[{"embeddable":true,"href":"https:\/\/www.invarena.cz\/index.php?rest_route=\/wp\/v2\/media\/14154"}],"wp:attachment":[{"href":"https:\/\/www.invarena.cz\/index.php?rest_route=%2Fwp%2Fv2%2Fmedia&parent=14153"}],"wp:term":[{"taxonomy":"category","embeddable":true,"href":"https:\/\/www.invarena.cz\/index.php?rest_route=%2Fwp%2Fv2%2Fcategories&post=14153"},{"taxonomy":"post_tag","embeddable":true,"href":"https:\/\/www.invarena.cz\/index.php?rest_route=%2Fwp%2Fv2%2Ftags&post=14153"}],"curies":[{"name":"wp","href":"https:\/\/api.w.org\/{rel}","templated":true}]}}