{"id":14194,"date":"2013-12-29T13:28:21","date_gmt":"2013-12-29T12:28:21","guid":{"rendered":"http:\/\/www.invarena.cz\/?p=14194"},"modified":"2013-12-29T13:31:09","modified_gmt":"2013-12-29T12:31:09","slug":"nevidome-pred-vanoci-vykradli-dobri-lide-ale-pomohli","status":"publish","type":"post","link":"https:\/\/www.invarena.cz\/?p=14194","title":{"rendered":"Nevidom\u00e9 p\u0159ed V\u00e1noci vykradli. Dob\u0159\u00ed lid\u00e9 ale pomohli"},"content":{"rendered":"<p><strong>Jen dva dny p\u0159ed V\u00e1nocemi si zlod\u011bji vyhl\u00e9dli nevidom\u00fd man\u017eelsk\u00fd p\u00e1r, dostali se jim do bytu, ukradli pen\u00edze a platebn\u00ed kartu, ze kter\u00e9 obratem vybrali ve\u0161kerou hotovost. M\u011bly to tak b\u00fdt jejich nejhor\u0161\u00ed v\u00e1noce. Div\u00e1ci televize Nova jim v\u0161ak pomohli.<\/strong> <!--more--><\/p>\n<p><em>foto: PhotoRack<\/em><\/p>\n<p>report\u00e1\u017e <strong>televize Nova:<\/strong><br \/>\nMan\u017eel\u00e9 Male\u010dt\u00ed u\u017e p\u0159estali v\u011b\u0159it tomu, \u017ee V\u00e1noce jsou sv\u00e1tky, kdy se k sob\u011b lid\u00e9 alespo\u0148 na p\u00e1r dn\u016f chovaj\u00ed slu\u0161n\u011b. Martin je od narozen\u00ed nevidom\u00fd a jeho \u017eena So\u0148a krom\u011b zraku ztratila i sluch. Proti zlod\u011bj\u016fm jsou naprosto bezbrann\u00ed.<\/p>\n<p>So\u0148a MALECK\u00c1, okraden\u00e1: &#8222;Nevidom\u00ed se nem\u016f\u017eou br\u00e1nit, nemaj\u00ed se jak kolikr\u00e1t br\u00e1nit. A o to je to pr\u00e1v\u011b sprost\u011bj\u0161\u00ed.&#8220;<\/p>\n<p>V\u010dera se vr\u00e1tili z vych\u00e1zky dom\u016f a \u010dekalo je v\u00e1no\u010dn\u00ed p\u0159ekvapen\u00ed. Otev\u0159en\u00e9 dve\u0159e a pr\u00e1zdn\u00e1 pen\u011b\u017eenka &#8211; zmizely pen\u00edze, platebn\u00ed karty i doklady.<\/p>\n<p>Martin MALECK\u00dd, okraden\u00fd:&#8220;Kdy\u017e jsem cht\u011bl j\u00edt nakupovat, tak jsme zjistili, \u017ee doma nem\u00e1me platebn\u00ed kartu a kdy\u017e jsem zavolal na expresn\u00ed linku, tak se zjistilo, \u017ee n\u00e1m n\u011bkdo vybral \u00fa\u010det.&#8220;<\/p>\n<p>Zlod\u011bj nezah\u00e1lel a vyrazil k nejbli\u017e\u0161\u00edmu bankomatu. Z\u00e1hadou je, \u017ee se mu poda\u0159ilo na p\u00e1t\u00fd pokus uhodnout PIN, kter\u00fd nebyl nikde napsan\u00fd a jedn\u00e1 se o n\u00e1hodnou kombinaci \u010d\u00edsel.<\/p>\n<p>MALECK\u00c1:&#8220;P\u0159ijde mi to p\u0159ed t\u011bma V\u00e1nocema dost, dost krut\u00fd.&#8220;<\/p>\n<p>Zlod\u011bj nejsp\u00ed\u0161 nevidomou dvojici n\u011bjakou dobu sledoval a v\u011bd\u011bl, jak\u00e1 p\u0159i placen\u00ed zad\u00e1vaj\u00ed \u010d\u00edsla. Man\u017eel\u016fm vys\u00e1l cel\u00fd \u00fa\u010det. Na \u0160t\u011bdr\u00fd ve\u010der tak budou bez d\u00e1rk\u016f a jen ti\u0161e doufaj\u00ed, \u017ee u\u0161et\u0159\u00ed alespo\u0148 na n\u00e1jem.<\/p>\n<p>Andrea PROCH\u00c1ZKOV\u00c1, mluv\u010d\u00ed brn\u011bnsk\u00e9 policie:&#8220;Tento p\u0159\u00edpad \u0161et\u0159\u00ed brn\u011bn\u0161t\u00ed kriminalist\u00e9 a po pachateli intenzivn\u011b p\u00e1traj\u00ed.&#8220;<\/p>\n<p>A t\u00edm je\u0161t\u011b \u0159et\u011bzec sm\u016fly nekon\u010d\u00ed. Den po kr\u00e1de\u017ei jim n\u011bkdo na vod\u00edc\u00edho psa hodil petardu. Zv\u00ed\u0159e si leknut\u00edm poranilo p\u00e1te\u0159 a Male\u010dt\u00ed se bez ciz\u00ed pomoci nedostanou ani z bytu.<\/p>\n<p>MALECK\u00dd:&#8220;Pan\u00ed veterin\u00e1\u0159ka j\u00ed d\u00e1vala tady injekce a vid\u011bli jste sami, \u017ee j\u00ed skoro nem\u016f\u017eeme postavit na nohy.&#8220;<\/p>\n<p>Pod v\u00e1no\u010dn\u00edm strome\u010dkem tak bude nakonec jedin\u00fd d\u00e1rek. Man\u017eel\u00e9 ob\u011btovali pen\u00edze na\u0161et\u0159en\u00e9 na nov\u00e9 naslouch\u00e1tko a koup\u00ed za n\u011b alespo\u0148 ti\u0161\u00edc\u00ed l\u00e9ky pro zran\u011bn\u00e9ho psa. Z Brna Josef Svoboda, televize Nova.<\/p>\n<h2><\/h2>\n<h2>Smoln\u00e9 V\u00e1noce se obr\u00e1tily ve spln\u011bn\u00fd sen<\/h2>\n<p>V\u0161echno se ale v dobr\u00e9 obr\u00e1tilo, d\u00edky div\u00e1k\u016fm televize Nova. Hned po odvys\u00edl\u00e1n\u00ed report\u00e1\u017ee se spustila doslova lavina dobr\u00fdch skutk\u016f. Okraden\u00fdm man\u017eel\u016fm lid\u00e9 nosili d\u00e1rky i pen\u00edze a pomoci se do\u010dkal i jejich poran\u011bn\u00fd vod\u00edc\u00ed pes.<\/p>\n<p>Po odvys\u00edl\u00e1n\u00ed report\u00e1\u017ee za\u010dala zvonit hork\u00e1 linka televize Nova. Jakoby div\u00e1ci m\u011bli pot\u0159ebu uk\u00e1zat, \u017ee dobr\u00fdch lid\u00ed je v \u010cesku po\u0159\u00e1d je\u0161t\u011b v\u00edc ne\u017e zlod\u011bj\u016f. Pan Maleck\u00fd byl celou noc vzh\u016fru a poslouchal, jak mu lid\u00e9 ze v\u0161ech kout\u016f republiky nab\u00edzej\u00ed pomoc.<\/p>\n<p>MALECK\u00dd:&#8220;Nest\u00edh\u00e1m dob\u00edjet telefon. Lidi volaj\u00ed, volaj\u00ed a volaj\u00ed po\u0159\u00e1d. <span style=\"background-color: pink; color: #000000;\">My<\/span> jsme celou noc nespali, proto\u017ee jsme stihli odpov\u011bd\u011bt na v\u0161echny e-maily, na v\u0161echny SMS zpr\u00e1vy.&#8220;<\/p>\n<p>A hned r\u00e1no na \u0160t\u011bdr\u00fd den prvn\u00ed d\u00e1rci m\u00edsto zdoben\u00ed v\u00e1no\u010dn\u00edho stromku zazvonili na dve\u0159e a osobn\u011b p\u0159inesli nevidom\u00fdm man\u017eel\u016fm pen\u00edze a d\u00e1rky.<\/p>\n<p>d\u00e1rce:&#8220;Tady bych v\u00e1m cht\u011bl d\u00e1t malej obnos, kterej v\u00e1m snad pom\u016f\u017ee. T\u011bm lidem to zase uk\u00e1\u017ee, \u017ee nejsou sami a \u017ee nen\u00ed jenom ten sv\u011bt \u0161patn\u00fdch lid\u00ed.&#8220;<\/p>\n<p>MALECK\u00dd :&#8220;N\u00e1m voz\u00ed n\u00e1kup a my m\u00e1me plnou ledni\u010dku.&#8220;<\/p>\n<p>d\u00e1rce:&#8220;Jsem tady, p\u0159edal jsem to a jsem spokojen\u00fd.&#8220;<\/p>\n<p>MALECK\u00dd :&#8220;Jsem dostal od nich n\u011bjak\u00fd d\u00e1rky. Nev\u00edm od koho a hlavn\u011b man\u017eelka od n\u011bkoho, ten p\u00e1n utek, on necht\u011bl b\u00fdt jmenov\u00e1n, dostala naslouch\u00e1tko.&#8220;<\/p>\n<p>MALECK\u00c1 :&#8220;Je to od nich stra\u0161n\u011b velkorys\u00fd, proto\u017ee ka\u017edej te\u010fka sp\u00ed\u0161 m\u00e1 svoje probl\u00e9my a \u010dlov\u011bk kdy\u017e se zab\u00fdv\u00e1 je\u0161t\u011b druh\u00fdma, je to od n\u011bho moc p\u011bkn\u00e9.&#8220;<\/p>\n<p>A \u0161\u0165astn\u00e9 V\u00e1noce nakonec pro\u017eil i vod\u00edc\u00ed pes, kter\u00fd se kv\u016fli zran\u011bn\u00ed p\u00e1te\u0159e ani s\u00e1m nezvedl z pelechu. Hned ve\u010der se toti\u017e ozval veterin\u00e1\u0159, kter\u00fd nab\u00eddl prvn\u00ed pomoc. A San\u010da dnes b\u011bh\u00e1 jako \u0161t\u011bn\u011b.<\/p>\n<p>MALECK\u00dd :&#8220;Stra\u0161n\u011b moc d\u011bkuju a kdyby n\u00e1hodou, je nedejbo\u017ee n\u011bkdy n\u011bco potkalo, n\u011bco t\u0159eba jin\u00fdho a pot\u0159ebovali zase t\u0159eba pomoct od n\u00e1s, tak a\u0165 se na n\u00e1s obr\u00e1t\u00ed, \u017ee kdy\u017e budeme moc, tak pom\u016f\u017eeme taky.&#8220;<\/p>\n","protected":false},"excerpt":{"rendered":"<div class=\"mh-excerpt\"><p>Jen dva dny p\u0159ed V\u00e1nocemi si zlod\u011bji vyhl\u00e9dli nevidom\u00fd man\u017eelsk\u00fd p\u00e1r, dostali se jim do bytu, ukradli pen\u00edze a platebn\u00ed kartu, ze kter\u00e9 obratem vybrali <a class=\"mh-excerpt-more\" href=\"https:\/\/www.invarena.cz\/?p=14194\" title=\"Nevidom\u00e9 p\u0159ed V\u00e1noci vykradli. Dob\u0159\u00ed lid\u00e9 ale pomohli\">[&#8230;]<\/a><\/p>\n<\/div>","protected":false},"author":1,"featured_media":14120,"comment_status":"open","ping_status":"closed","sticky":false,"template":"","format":"standard","meta":{"footnotes":""},"categories":[7],"tags":[],"class_list":["post-14194","post","type-post","status-publish","format-standard","has-post-thumbnail","hentry","category-spolecnost"],"_links":{"self":[{"href":"https:\/\/www.invarena.cz\/index.php?rest_route=\/wp\/v2\/posts\/14194","targetHints":{"allow":["GET"]}}],"collection":[{"href":"https:\/\/www.invarena.cz\/index.php?rest_route=\/wp\/v2\/posts"}],"about":[{"href":"https:\/\/www.invarena.cz\/index.php?rest_route=\/wp\/v2\/types\/post"}],"author":[{"embeddable":true,"href":"https:\/\/www.invarena.cz\/index.php?rest_route=\/wp\/v2\/users\/1"}],"replies":[{"embeddable":true,"href":"https:\/\/www.invarena.cz\/index.php?rest_route=%2Fwp%2Fv2%2Fcomments&post=14194"}],"version-history":[{"count":0,"href":"https:\/\/www.invarena.cz\/index.php?rest_route=\/wp\/v2\/posts\/14194\/revisions"}],"wp:featuredmedia":[{"embeddable":true,"href":"https:\/\/www.invarena.cz\/index.php?rest_route=\/wp\/v2\/media\/14120"}],"wp:attachment":[{"href":"https:\/\/www.invarena.cz\/index.php?rest_route=%2Fwp%2Fv2%2Fmedia&parent=14194"}],"wp:term":[{"taxonomy":"category","embeddable":true,"href":"https:\/\/www.invarena.cz\/index.php?rest_route=%2Fwp%2Fv2%2Fcategories&post=14194"},{"taxonomy":"post_tag","embeddable":true,"href":"https:\/\/www.invarena.cz\/index.php?rest_route=%2Fwp%2Fv2%2Ftags&post=14194"}],"curies":[{"name":"wp","href":"https:\/\/api.w.org\/{rel}","templated":true}]}}