{"id":14196,"date":"2014-01-14T11:31:11","date_gmt":"2014-01-14T10:31:11","guid":{"rendered":"http:\/\/www.invarena.cz\/?p=14196"},"modified":"2014-10-20T20:04:00","modified_gmt":"2014-10-20T18:04:00","slug":"posta-v-kanade-konci-v-cesku-zmizi-posta-ze-stovek-vesnic","status":"publish","type":"post","link":"https:\/\/www.invarena.cz\/?p=14196","title":{"rendered":"V \u010cesku zmiz\u00ed po\u0161ta ze stovek vesnic. Po\u0161ta v Kanad\u011b kon\u010d\u00ed \u00fapln\u011b"},"content":{"rendered":"<p><strong>Kanadsk\u00e1 po\u0161ta zru\u0161\u00ed do p\u011bti let doru\u010dov\u00e1n\u00ed dopis\u016f a bal\u00edk\u016f do domu. To ale zkomplikuje podle kritik\u016f hlavn\u011b \u017eivot senior\u016fm a t\u011blesn\u011b posti\u017een\u00fdm. Sv\u00e9 pobo\u010dky ru\u0161\u00ed po\u0161ta i v \u010cesku. Lid\u00e9 zde podepisuj\u00ed petice.<!--more--><\/strong><\/p>\n<p>&nbsp;<\/p>\n<p><em>foto: Ivonne-Wierink-Photoxpress<\/em><\/p>\n<p>Doru\u010dov\u00e1n\u00ed po\u0161ty a\u017e do domu. Tradice, na kterou byli Kana\u010fan\u00e9 zvykl\u00ed v\u00edc ne\u017e dv\u011b stalet\u00ed. Jen\u017ee te\u010f o sv\u00e9 obl\u00edben\u00e9 po\u0161\u0165\u00e1ky lid\u00e9 p\u0159ijdou.\u00a0M\u00edsto toho po\u0161ta\u00a0 vybuduje v m\u011bstsk\u00fdch \u010dtvrt\u00edch spole\u010dn\u00e9 schr\u00e1nky, kde si budou lid\u00e9 svou po\u0161tu vyzved\u00e1vat.. To ale komplikuje podle kritik\u016f hlavn\u011b \u017eivot senior\u016fm a t\u011blesn\u011b posti\u017een\u00fdm.<\/p>\n<p>Peter JULIAN \u010dlen demokratick\u00e9 strany NDP:&#8220;P\u0159em\u00fd\u0161l\u00edme, co se stane se seniory v zimn\u00edch m\u011bs\u00edc\u00edch, kdy\u017e nebudou m\u00edt doru\u010dov\u00e1n\u00ed a\u017e do domu.&#8220;<\/p>\n<p>Jen\u017ee slu\u017eba je podle po\u0161ty velmi prod\u011ble\u010dn\u00e1. Nav\u00edc ji vyu\u017e\u00edv\u00e1 u\u017e jen t\u0159etina Kana\u010fan\u016f.<\/p>\n<p>Doru\u010dov\u00e1n\u00ed do domu chce po\u0161ta zru\u0161it nejpozd\u011bji do p\u011bti let. O pr\u00e1ci tak p\u0159ijde n\u011bkolik tis\u00edc lid\u00ed.<\/p>\n<p>S n\u00e1stupem internetu a digitalizace si st\u011b\u017euje na ztr\u00e1tovost klasick\u00fdch doru\u010dovac\u00edch slu\u017eeb podle report\u00e1\u017ee \u010cesk\u00e9 televize i v\u011bt\u0161ina po\u0161t v Evrop\u011b.<\/p>\n<h2><strong>Stovky obc\u00ed <strong>v \u010cesku<\/strong> mohou p\u0159ij\u00edt o po\u0161ty. Podepisuj\u00ed petice<\/strong><\/h2>\n<p>Vl\u00e1da bude podle den\u00edku Mlad\u00e1 fronta Dnes brzy rozhodovat o tom, zda se minim\u00e1ln\u00ed po\u010det pobo\u010dek v cel\u00e9 republice sn\u00ed\u017e\u00ed o v\u00edce ne\u017e tis\u00edc. Proti pl\u00e1nu se ale obce u\u017e dop\u0159edu br\u00e1n\u00ed, za zachov\u00e1n\u00ed pobo\u010dek se na vesnic\u00edch podepisuj\u00ed petic\u00ed.<\/p>\n<p>\u010cesk\u00e1 po\u0161ta p\u0159ipou\u0161t\u00ed, \u017ee \u0159ada pobo\u010dek je pro ni ekonomicky nev\u00fdhodn\u00e1. V minulosti u\u017e dokonce n\u011bkter\u00e9 zav\u0159ela, v Olomouck\u00e9m kraji to byly nap\u0159\u00edklad po\u0161ty v Brann\u00e9 na \u0160umpersku nebo v m\u00edstn\u00ed \u010d\u00e1sti P\u0159erova Pen\u010dice. A dal\u0161\u00ed mal\u00e9 obce se nyn\u00ed boj\u00ed, \u017ee o sv\u00e9 po\u0161ty p\u0159ijdou, t\u00fdkat by se to toti\u017e mohlo a\u017e des\u00edtek pobo\u010dek v kraji.<\/p>\n<p>Jednou z nich je i T\u00fdn nad Be\u010dvou, mal\u00e1 obec pod hradem Helf\u0161t\u00fdn nedaleko Lipn\u00edka nad Be\u010dvou. Starosta T\u00fdna Josef Vaculin neskr\u00fdv\u00e1 sv\u00e9 obavy a z\u00e1rove\u0148 rozho\u0159\u010den\u00ed. &#8222;T\u00fdk\u00e1 se n\u00e1s to a rozhodn\u011b s t\u00edm nesouhlas\u00edme. Hodn\u011b obyvatel obce je p\u0159est\u00e1rl\u00fdch a na po\u0161tu n\u011bkam d\u00e1l se nedostanou,&#8220; vysv\u011btlil den\u00edku MfD, pro\u010d obec nechce dopustit, aby lid\u00e9 museli na po\u0161tu doj\u00ed\u017ed\u011bt. Pr\u00e1v\u011b senio\u0159i jsou podle organiz\u00e1tora petice Sdru\u017een\u00ed m\u00edstn\u00edch samospr\u00e1v jednou z nejohro\u017een\u011bj\u0161\u00edch skupin.<\/p>\n<p>&#8222;Ob\u00e1v\u00e1me se, \u017ee zru\u0161en\u00ed provozoven \u010cesk\u00e9 po\u0161ty povede k prohlouben\u00ed \u00fapadku \u017eivota na venkov\u011b a k dal\u0161\u00ed diskriminaci ob\u010dan\u016f zde \u017eij\u00edc\u00edch. Likvidac\u00ed s\u00edt\u011b provozoven by venkov obdr\u017eel dal\u0161\u00ed r\u00e1nu. Je nutn\u00e9 si uv\u011bdomit, \u017ee zvl\u00e1\u0161t\u011b v men\u0161\u00edch obc\u00edch se neust\u00e1le zvy\u0161uje pod\u00edl soci\u00e1ln\u011b slab\u00fdch skupin obyvatel, hlavn\u011b senior\u016f. Zru\u0161en\u00e9 provozovny v\u0161ak zp\u016fsob\u00ed probl\u00e9my i dal\u0161\u00edm &#8211; matk\u00e1m s d\u011btmi, zdravotn\u011b posti\u017een\u00fdm \u010di nezam\u011bstnan\u00fdm,&#8220; uv\u00e1d\u00ed v petici, kterou lid\u00e9 podepisuj\u00ed od poloviny prosince a kterou nyn\u00ed cht\u011bj\u00ed p\u0159edlo\u017eit vl\u00e1d\u011b.<\/p>\n<p>Ta by m\u011bla sv\u00fdm na\u0159\u00edzen\u00edm brzy podle novely po\u0161tovn\u00edho z\u00e1kona rozhodnout o minim\u00e1ln\u00edm po\u010dtu pobo\u010dek po\u0161ty. Na stole j\u00ed toti\u017e u\u017e nyn\u00ed le\u017e\u00ed n\u00e1vrh \u010cesk\u00e9ho telekomunika\u010dn\u00edho \u00fa\u0159adu, podle kter\u00e9ho by minimum bylo o zhruba 1 100 pobo\u010dek men\u0161\u00ed ne\u017e nyn\u00ed. Po\u010det by tak klesl na 2 100.<\/p>\n<p>&#8222;\u010cesk\u00e1 po\u0161ta m\u011bn\u00ed po\u0161tovn\u00ed s\u00ed\u0165 pozvolna ji\u017e od roku 2009. Sna\u017e\u00edme se j\u00edt evropskou cestou a nahradit \u010d\u00e1st vlastn\u00edch pobo\u010dek takzvan\u00fdmi fran\u0161\u00edzami,&#8220; \u0159ekla tiskov\u00e1 mluv\u010d\u00ed \u010cesk\u00e9 po\u0161ty Marta Selicharov\u00e1.<\/p>\n<p>S t\u00edm v\u0161ak nesouhlas\u00ed Josef Vacul\u00edn, starosta T\u00fdna nad Be\u010dvou. &#8222;Na \u010cesk\u00e9 po\u0161t\u011b mi vad\u00ed, \u017ee d\u011bl\u00e1 jednostrann\u00e9 kroky. Neust\u00e1le mluv\u00ed o tom, \u017ee je na\u0161e pobo\u010dka ztr\u00e1tov\u00e1, ale je\u0161t\u011b ty ztr\u00e1ty nikdo nevy\u010d\u00edslil. Uv\u00edtali bychom, kdyby s n\u00e1mi jednali a nap\u0159\u00edklad se zeptali, zda chceme na ztr\u00e1tovost dopl\u00e1cet. To se ale ned\u011bje,&#8220; zlob\u00ed se.<\/p>\n<p>Selicharov\u00e1 v\u0161ak oponuje s t\u00edm, \u017ee prod\u011ble\u010dnost pobo\u010dek nen\u00ed jedin\u00fdm d\u016fvodem p\u0159i jejich ru\u0161en\u00ed.<br \/>\n&#8222;Je pravda, \u017ee \u0159ada mal\u00fdch po\u0161t je vyu\u017e\u00edvan\u00e1 minim\u00e1ln\u011b a jsou ekonomicky problematick\u00e9. Ekonomick\u00fd parametr v\u0161ak nen\u00ed jedin\u00fdm hlediskem, podle kter\u00e9ho \u010cesk\u00e1 po\u0161ta se zm\u011bnou s\u00edt\u011b pracuje. Proto lze t\u011b\u017eko o\u010dek\u00e1vat, \u017ee se v bl\u00edzk\u00fdch letech dostaneme k \u010d\u00edslu 2 100. Je t\u0159eba zohlednit tak\u00e9 spole\u010denskopolitick\u00e9 hledisko, proto o mo\u017en\u00fdch zm\u011bn\u00e1ch povedeme diskusi s vlastn\u00edkem, tedy st\u00e1tem,&#8220; dodala.<\/p>\n<p>Radovan Va\u0161\u00ed\u010dek, tajemn\u00edk litovelsk\u00e9 radnice v\u0161ak dod\u00e1v\u00e1, \u017ee pochopen\u00ed m\u00e1 i pro pl\u00e1ny \u010cesk\u00e9 po\u0161ty. &#8222;N\u011bkdy se boj\u00ed lid\u00e9 zm\u011bny, ale kdy\u017e p\u0159ijde, vlastn\u011b nakonec ani nic nepoznaj\u00ed. P\u0159ed rokem a p\u016fl jsme \u0159e\u0161ili podobnou situaci s telefonn\u00edm automatem, kter\u00fd se m\u011bl zru\u0161it. Vzbudilo to velkou vlnu emoc\u00ed, tak\u017ee jsme se s jeho provozovatelem domluvili, \u017ee z\u016fstane na m\u00edst\u011b a m\u011bsto na n\u011bj bude m\u011bs\u00ed\u010dn\u011b dopl\u00e1cet. A dnes m\u00e1m trochu pocit, \u017ee jej ve skute\u010dnosti nikdo p\u0159\u00edli\u0161 nevyu\u017e\u00edv\u00e1 a \u0161lo sp\u00ed\u0161e o strach ze zm\u011bny. Sami si budeme d\u011blat pr\u016fzkum, nakolik se n\u00e1m to vyplat\u00ed,&#8220; dodal.<\/p>\n","protected":false},"excerpt":{"rendered":"<div class=\"mh-excerpt\"><p>Kanadsk\u00e1 po\u0161ta zru\u0161\u00ed do p\u011bti let doru\u010dov\u00e1n\u00ed dopis\u016f a bal\u00edk\u016f do domu. To ale zkomplikuje podle kritik\u016f hlavn\u011b \u017eivot senior\u016fm a t\u011blesn\u011b posti\u017een\u00fdm. Sv\u00e9 pobo\u010dky <a class=\"mh-excerpt-more\" href=\"https:\/\/www.invarena.cz\/?p=14196\" title=\"V \u010cesku zmiz\u00ed po\u0161ta ze stovek vesnic. Po\u0161ta v Kanad\u011b kon\u010d\u00ed \u00fapln\u011b\">[&#8230;]<\/a><\/p>\n<\/div>","protected":false},"author":1,"featured_media":14233,"comment_status":"open","ping_status":"closed","sticky":false,"template":"","format":"standard","meta":{"footnotes":""},"categories":[7],"tags":[],"class_list":["post-14196","post","type-post","status-publish","format-standard","has-post-thumbnail","hentry","category-spolecnost"],"_links":{"self":[{"href":"https:\/\/www.invarena.cz\/index.php?rest_route=\/wp\/v2\/posts\/14196","targetHints":{"allow":["GET"]}}],"collection":[{"href":"https:\/\/www.invarena.cz\/index.php?rest_route=\/wp\/v2\/posts"}],"about":[{"href":"https:\/\/www.invarena.cz\/index.php?rest_route=\/wp\/v2\/types\/post"}],"author":[{"embeddable":true,"href":"https:\/\/www.invarena.cz\/index.php?rest_route=\/wp\/v2\/users\/1"}],"replies":[{"embeddable":true,"href":"https:\/\/www.invarena.cz\/index.php?rest_route=%2Fwp%2Fv2%2Fcomments&post=14196"}],"version-history":[{"count":0,"href":"https:\/\/www.invarena.cz\/index.php?rest_route=\/wp\/v2\/posts\/14196\/revisions"}],"wp:featuredmedia":[{"embeddable":true,"href":"https:\/\/www.invarena.cz\/index.php?rest_route=\/wp\/v2\/media\/14233"}],"wp:attachment":[{"href":"https:\/\/www.invarena.cz\/index.php?rest_route=%2Fwp%2Fv2%2Fmedia&parent=14196"}],"wp:term":[{"taxonomy":"category","embeddable":true,"href":"https:\/\/www.invarena.cz\/index.php?rest_route=%2Fwp%2Fv2%2Fcategories&post=14196"},{"taxonomy":"post_tag","embeddable":true,"href":"https:\/\/www.invarena.cz\/index.php?rest_route=%2Fwp%2Fv2%2Ftags&post=14196"}],"curies":[{"name":"wp","href":"https:\/\/api.w.org\/{rel}","templated":true}]}}