{"id":14201,"date":"2013-12-30T10:51:08","date_gmt":"2013-12-30T09:51:08","guid":{"rendered":"http:\/\/www.invarena.cz\/?p=14201"},"modified":"2013-12-30T10:51:08","modified_gmt":"2013-12-30T09:51:08","slug":"terenni-pomoc-lidem-s-mentalnim-handicapem","status":"publish","type":"post","link":"https:\/\/www.invarena.cz\/?p=14201","title":{"rendered":"Ter\u00e9nn\u00ed pomoc lidem s ment\u00e1ln\u00edm handicapem"},"content":{"rendered":"<p><strong>Ji\u010d\u00ednsk\u00e1 pobo\u010dka sdru\u017een\u00ed P\u00e9\u010de o du\u0161evn\u00ed zdrav\u00ed roz\u0161\u00ed\u0159ila c\u00edlovou skupinu sv\u00e9pomoci a vedle du\u0161evn\u011b nemocn\u00fdch lid\u00ed pom\u00e1h\u00e1 t\u00e9\u017e lidem s ment\u00e1ln\u00edm posti\u017een\u00edm. Mobiln\u00ed ter\u00e9nn\u00ed a ambulantn\u00ed slu\u017eby pro lidi s ment\u00e1ln\u00edm handicapem je sv\u00e9ho druhu inovac\u00ed a v \u010cR zat\u00edm nen\u00ed obvykl\u00e1.<\/strong><\/p>\n<p><!--more--><\/p>\n<p>Finan\u010dn\u00ed prost\u0159edky umo\u017enily zejm\u00e9na zv\u011bt\u0161it zdej\u0161\u00ed odborn\u00fd t\u00fdm ze \u010dty\u0159 na \u0161est soci\u00e1ln\u00edch pracovn\u00edk\u016f.<\/p>\n<p>Soci\u00e1ln\u00ed slu\u017eby pro lidi s ment\u00e1ln\u00edm handicapem maj\u00ed v\u011bt\u0161inou podobu pobytov\u00fdch za\u0159\u00edzen\u00ed nebo doch\u00e1zkov\u00fdch denn\u00edch center a stacion\u00e1\u0159\u016f. Mobiln\u00ed ter\u00e9nn\u00ed a ambulantn\u00ed slu\u017eby pro lidi s ment\u00e1ln\u00edm handicapem s vyu\u017eit\u00edm odborn\u00e9 metody case management je sv\u00e9ho druhu inovac\u00ed a v \u010cR zat\u00edm nen\u00ed obvykl\u00e1.<\/p>\n<p>Jak\u00fd je o slu\u017ebu vlastn\u011b z\u00e1jem? Komentuje to vedouc\u00ed ji\u010d\u00ednsk\u00e9ho t\u00fdmu Marek Fiala: &#8222;Od za\u010d\u00e1tku roku tuto slu\u017ebu zat\u00edm vyu\u017eilo 15 osob, kter\u00fdm se intenzivn\u011b v\u011bnujeme. Pot\u0159eba soci\u00e1ln\u00ed pomoci u lid\u00ed s ment\u00e1ln\u00edm handicapem toti\u017e v\u011bt\u0161inou b\u00fdv\u00e1 hodn\u011b komplexn\u00ed. \u0158e\u0161\u00edme podm\u00ednky bydlen\u00ed, finan\u010dn\u00ed hospoda\u0159en\u00ed, vyjedn\u00e1v\u00e1n\u00ed s rodinou, jedn\u00e1n\u00ed na \u00fa\u0159adech a zprost\u0159edkov\u00e1n\u00ed mezilidsk\u00fdch kontakt\u016f. Smyslem je nejen zlep\u0161it kvalitu \u017eivota, ale i podpo\u0159it schopnost klient\u016f se rozhodovat o sv\u00fdch z\u00e1le\u017eitostech. Po\u010dty z\u00e1jemc\u016f o tuto pomoc nar\u016fstaj\u00ed. D\u011bl\u00e1 n\u00e1m radost, \u017ee se o n\u00e1s v\u011bt\u0161inou dozv\u011bd\u00ed od sv\u00fdch zn\u00e1m\u00fdch a slu\u017eba m\u00e1 dobrou pov\u011bst.&#8220;<\/p>\n<p><strong>Slova klient\u016f <\/strong><\/p>\n<p>K tomu, jak\u00fd m\u00e1 case management pro u\u017eivatele slu\u017eby p\u0159\u00ednos, se mohou nejpovolan\u011bji vyj\u00e1d\u0159it oni sami.<\/p>\n<p>Klientka Kl\u00e1ra k tomu sv\u00fdm osobit\u00fdm zp\u016fsobem vypr\u00e1v\u00ed: &#8222;S Honzou (pracovn\u00edkem PDZ) jsem chodila v\u0161ude po \u00fa\u0159adech a u v\u0161eho jsem byla, co se m\u011b t\u00fdkalo. Te\u010f m\u00e1m u sebe doklady, rodn\u00fd list a pas. To jsem d\u0159\u00edv nem\u011bla. Taky byl Honza se mnou u soudu, aby m\u011b z\u016fstala sv\u00e9pr\u00e1vnost. To bych nemohla vyzved\u00e1vat d\u016fchod, a to bych byla vy\u0159\u00edzen\u00e1. Honza m\u011b radil s pen\u011bzma. Psal kv\u016fli tomu dopisy. M\u011bla jsem dluhy. Tak aby m\u011b z\u016fstalo na bydlen\u00ed, to jsme spolu spo\u010d\u00edtali.&#8220;<\/p>\n<p>Pro klienta Michala je kreslen\u00ed mnohem p\u0159\u00edstupn\u011bj\u0161\u00ed formou vyj\u00e1d\u0159en\u00ed ne\u017e \u0159e\u010d. Z jeho obr\u00e1zk\u016f (na vlo\u017een\u00e9m sn\u00edmku) lze porozum\u011bt, jak se mu otev\u0159el sv\u011bt a mezilidsk\u00e9 kontakty d\u00edky pomoci ter\u00e9nn\u00edch soci\u00e1ln\u00edch pracovn\u00edk\u016f.<\/p>\n<p>V\u00edce se kdykoliv dozv\u00edte na webu www.pdz.cz<br \/>\nRoz\u0161\u00ed\u0159en\u00ed pomoci je mo\u017en\u00e9 d\u00edky dotac\u00edm m\u011bsta Ji\u010d\u00edn, Kr\u00e1lov\u00e9hradeck\u00e9ho kraje a Ministerstva pr\u00e1ce a soci\u00e1ln\u00edch v\u011bc\u00ed \u010cR.<\/p>\n","protected":false},"excerpt":{"rendered":"<div class=\"mh-excerpt\"><p>Ji\u010d\u00ednsk\u00e1 pobo\u010dka sdru\u017een\u00ed P\u00e9\u010de o du\u0161evn\u00ed zdrav\u00ed roz\u0161\u00ed\u0159ila c\u00edlovou skupinu sv\u00e9pomoci a vedle du\u0161evn\u011b nemocn\u00fdch lid\u00ed pom\u00e1h\u00e1 t\u00e9\u017e lidem s ment\u00e1ln\u00edm posti\u017een\u00edm. Mobiln\u00ed ter\u00e9nn\u00ed a <a class=\"mh-excerpt-more\" href=\"https:\/\/www.invarena.cz\/?p=14201\" title=\"Ter\u00e9nn\u00ed pomoc lidem s ment\u00e1ln\u00edm handicapem\">[&#8230;]<\/a><\/p>\n<\/div>","protected":false},"author":1,"featured_media":4001,"comment_status":"open","ping_status":"closed","sticky":false,"template":"","format":"standard","meta":{"footnotes":""},"categories":[7],"tags":[],"class_list":["post-14201","post","type-post","status-publish","format-standard","has-post-thumbnail","hentry","category-spolecnost"],"_links":{"self":[{"href":"https:\/\/www.invarena.cz\/index.php?rest_route=\/wp\/v2\/posts\/14201","targetHints":{"allow":["GET"]}}],"collection":[{"href":"https:\/\/www.invarena.cz\/index.php?rest_route=\/wp\/v2\/posts"}],"about":[{"href":"https:\/\/www.invarena.cz\/index.php?rest_route=\/wp\/v2\/types\/post"}],"author":[{"embeddable":true,"href":"https:\/\/www.invarena.cz\/index.php?rest_route=\/wp\/v2\/users\/1"}],"replies":[{"embeddable":true,"href":"https:\/\/www.invarena.cz\/index.php?rest_route=%2Fwp%2Fv2%2Fcomments&post=14201"}],"version-history":[{"count":0,"href":"https:\/\/www.invarena.cz\/index.php?rest_route=\/wp\/v2\/posts\/14201\/revisions"}],"wp:featuredmedia":[{"embeddable":true,"href":"https:\/\/www.invarena.cz\/index.php?rest_route=\/wp\/v2\/media\/4001"}],"wp:attachment":[{"href":"https:\/\/www.invarena.cz\/index.php?rest_route=%2Fwp%2Fv2%2Fmedia&parent=14201"}],"wp:term":[{"taxonomy":"category","embeddable":true,"href":"https:\/\/www.invarena.cz\/index.php?rest_route=%2Fwp%2Fv2%2Fcategories&post=14201"},{"taxonomy":"post_tag","embeddable":true,"href":"https:\/\/www.invarena.cz\/index.php?rest_route=%2Fwp%2Fv2%2Ftags&post=14201"}],"curies":[{"name":"wp","href":"https:\/\/api.w.org\/{rel}","templated":true}]}}