{"id":14286,"date":"2014-01-07T11:31:51","date_gmt":"2014-01-07T10:31:51","guid":{"rendered":"http:\/\/www.invarena.cz\/?p=14286"},"modified":"2014-01-07T13:35:06","modified_gmt":"2014-01-07T12:35:06","slug":"sobotka-mpsv-je-nejrizikovejsi-ministerstvo","status":"publish","type":"post","link":"https:\/\/www.invarena.cz\/?p=14286","title":{"rendered":"Sobotka: MPSV je nejrizikov\u011bj\u0161\u00ed ministerstvo"},"content":{"rendered":"<div id=\"divDocMain\"><strong>P\u0159edseda \u010cSSD Bohuslav Sobotka poskytl \u010cT 1 v po\u0159adu Ot\u00e1zky V\u00e1clava Moravce rozhovor, ve kter\u00e9m nast\u00ednil jak\u00e9 \u00fakoly stoj\u00ed p\u0159ed nov\u00fdm ministrem pr\u00e1ce a soci\u00e1ln\u00edch v\u011bc\u00ed.<!--more--><\/strong><\/div>\n<div><\/div>\n<div><\/div>\n<div>\n<p><strong>Kter\u00e9 m\u00e1te na mysli v t\u011bch prvn\u00edch &#8222;sta dn\u016f&#8220;? <\/strong><\/p>\n<p>Bohuslav SOBOTKA:<br \/>\nNaprost\u00fd rozklad informa\u010dn\u00edch syst\u00e9m\u016f na \u00fa\u0159adech pr\u00e1ce jako d\u011bdictv\u00ed pana Dr\u00e1bka a \u0160i\u0161ky a TOP 09 z hlediska jejich dlouholet\u00e9ho p\u016fsoben\u00ed na Ministerstvu pr\u00e1ce.<\/p>\n<p><strong>Pova\u017eujete tedy za nejkrizov\u011bj\u0161\u00ed resort \u010di resorty Ministerstvo pr\u00e1ce a soci\u00e1ln\u00edch v\u011bc\u00ed<\/strong><\/p>\n<p>M\u016f\u017ee to tak b\u00fdt. J\u00e1 koneckonc\u016f.<\/p>\n<p><strong>M\u016f\u017ee, nebo je? <\/strong><\/p>\n<p>Koneckonc\u016f dnes budu jednat s potenci\u00e1ln\u00edm kandid\u00e1tem na ministra pr\u00e1ce a soci\u00e1ln\u00edch v\u011bc\u00ed Petrem Kr\u010d\u00e1lem. Na\u0161\u00edm radn\u00edm z Kraje Vyso\u010dina pr\u00e1v\u011b o t\u00e9 nelehk\u00e9 situaci, kter\u00e1 v resortu pr\u00e1ce a soci\u00e1ln\u00edch v\u011bc\u00ed existuje i v kontextu t\u00e9 krize. Sou\u010dasn\u011b mne bude zaj\u00edmat jeho rozhodnut\u00ed, zdali je ochoten se t\u00e9to funkce ministra pr\u00e1ce ujmout. J\u00e1 mysl\u00edm, \u017ee to bude prim\u00e1rn\u011b krizov\u00fd mana\u017eer, kter\u00fd tam bude muset nastoupit a zajistit, aby \u00da\u0159ady pr\u00e1ce zaprv\u00e9 za\u010daly fungovat. A za druh\u00e9 vr\u00e1tily se k aktivn\u00ed politice zam\u011bstnanosti tak, jak jsme ji znali v minulosti, proto\u017ee tu aktivn\u00ed politiku zam\u011bstnanosti pan Dr\u00e1bek a pak \u0160i\u0161ka naprosto zni\u010dili.<\/p>\n<p><strong>Vy mluv\u00edte, promi\u0148te, vy mluv\u00edte o Jarom\u00edru Dr\u00e1bkovi a jeho n\u00e1m\u011bstku \u0160i\u0161kovi. A p\u0159ijde v\u00e1m \u0161\u0165astn\u00e9, jak tu v\u011bc \u0159e\u0161\u00ed sou\u010dasn\u00fd ministr pr\u00e1ce a soci\u00e1ln\u00edch v\u011bc\u00ed Franti\u0161ek Kon\u00ed\u010dek? Respektive \u00fa\u0159ad pod jeho veden\u00edm? <\/strong><\/p>\n<p>Pan Kon\u00ed\u010dek u\u017e je ve funkci p\u016fl roku. On nepochybn\u011b tu krizi nezavinil. Ot\u00e1zka ale je, co d\u011blal t\u011bch minul\u00fdch \u0161est m\u011bs\u00edc\u016f, aby nedo\u0161lo k ohro\u017een\u00ed v\u00fdplaty d\u00e1vek te\u010f zase na za\u010d\u00e1tku roku.<\/p>\n<p><strong>Proto se v\u00e1s pt\u00e1m, jestli v\u00e1m p\u0159ijde.<\/strong><\/p>\n<p>Je to takov\u00e9 tro\u0161ku deja-vu. My jsme to za\u017e\u00edvali za pana \u0160i\u0161ky a Dr\u00e1bka. V\u0161ichni \u0159\u00edkali, \u017ee je v\u0161e p\u0159ipraveno<\/p>\n<p><strong>Jinak \u0159e\u010deno, nevn\u00edm\u00e1te Franti\u0161ka Kon\u00ed\u010dka jako krizov\u00e9ho mana\u017eera, kter\u00fd by ten probl\u00e9m za toho p\u016fl roku byl schopen \u0159e\u0161it?<\/strong><\/p>\n<p>J\u00e1 mysl\u00edm, \u017ee nikdo nem\u016f\u017ee cht\u00edt po panu Kon\u00ed\u010dkovi, aby p\u0159ij\u00edmal koncep\u010dn\u00ed rozhodnut\u00ed t\u00fdkaj\u00edc\u00ed se nap\u0159\u00edklad budouc\u00edho v\u00fdvoje d\u016fchodov\u00e9 reformy. Tato vl\u00e1da Ji\u0159\u00edho Rusnoka je vl\u00e1da udr\u017eovac\u00ed. A tohle p\u0159esn\u011b jsou probl\u00e9my, kter\u00e9 by m\u011bla \u0159e\u0161it. To znamen\u00e1, pan Kon\u00ed\u010dek by se t\u00edmto m\u011bl intenzivn\u011b zab\u00fdvat, proto\u017ee v t\u011bchto dnech.<\/p>\n<p><strong>Pt\u00e1m se znovu, ale tady dojde k odkladu v\u00fdplaty soci\u00e1ln\u00edch d\u00e1vek. N\u011bkter\u00e9 d\u00e1vky budou zpo\u017ed\u011bny, co\u017e p\u0159izn\u00e1v\u00e1 veden\u00ed \u00da\u0159adu pr\u00e1ce. Jde to na vrub Franti\u0161ku Kon\u00ed\u010dkovi?<\/strong><\/p>\n<p>Jde to na vrub TOP 09 a jde to na vrub pana Dr\u00e1bka a pana \u0160i\u0161ky, kte\u0159\u00ed zp\u016fsobili tu krizi, kter\u00e1 dneska znovu propukla v r\u00e1mci fungov\u00e1n\u00ed \u00da\u0159adu pr\u00e1ce. To, co vy\u010d\u00edt\u00e1m panu Kon\u00ed\u010dkovi, je, \u017ee l\u00e9pe nevyu\u017eil t\u011bch minul\u00fdch \u0161est m\u011bs\u00edc\u016f k tomu, aby lid\u00e9 nebyli znovu obt\u011b\u017eov\u00e1ni t\u00edm, \u017ee jim nedojdou soci\u00e1ln\u00ed d\u00e1vky, na kter\u00e9 \u010dekaj\u00ed. Znovu p\u0159ipom\u00edn\u00e1m, tady jde o stovky, mo\u017en\u00e1 tis\u00edce konkr\u00e9tn\u00edch lidsk\u00fdch osud\u016f, kdy se lid\u00e9 mohou dostat do, do sp\u00e1r\u016f exekuc\u00ed jenom proto, \u017ee v\u010das od st\u00e1tu nedostanou to, na co maj\u00ed n\u00e1rok. Tak\u017ee tohle nen\u00ed jednoduch\u00e1 situace.<\/p>\n<p><strong>M\u00e1te svoji p\u0159edstavu, jak, jak by to nov\u00fd ministr pr\u00e1ce a soci\u00e1ln\u00edch v\u011bc\u00ed m\u011bl \u0159e\u0161it? A vn\u00edm\u00e1te Petra Kr\u010d\u00e1la jako krizov\u00e9ho mana\u017eera, kdy\u017e pova\u017eujete resort pr\u00e1ce a soci\u00e1ln\u00edch v\u011bc\u00ed za resort, kter\u00fd je asi v nejv\u011bt\u0161\u00edm rozvalu?<\/strong><\/p>\n<p>To \u0159e\u0161en\u00ed bude muset b\u00fdt v kontextu platn\u00fdch z\u00e1kon\u016f a rozhodnut\u00ed \u00da\u0159adu pro ochranu hospod\u00e1\u0159sk\u00e9 sout\u011b\u017ee. Situace nen\u00ed jednoduch\u00e1, ale podle m\u00e9ho n\u00e1zoru z\u00e1kladn\u00ed povinnost\u00ed st\u00e1tu je zajistit funk\u010dn\u00ed informa\u010dn\u00ed syst\u00e9my na \u00fa\u0159adech pr\u00e1ce tak, aby tyto \u00fa\u0159ady znovu nezkolabovaly. Pokud jde o Petra Kr\u010d\u00e1la, je to \u010dlov\u011bk, kter\u00fd se p\u011bt let zab\u00fdval v Kraji Vyso\u010dina oblast\u00ed soci\u00e1ln\u00ed politiky. My ho pokl\u00e1d\u00e1me za zku\u0161en\u00e9ho a rozv\u00e1\u017en\u00e9ho \u010dlov\u011bka.<\/p>\n<p><strong>Je to krizov\u00fd mana\u017eer?<\/strong><\/p>\n<p>A bude to vy\u017eadovat i na jeho stran\u011b velkou m\u00edru odvahy, aby se pustil do \u0159e\u0161en\u00ed probl\u00e9m\u016f, kter\u00e9 zd\u011bd\u00ed po sv\u00fdch p\u0159edch\u016fdc\u00edch. A j\u00e1 si mysl\u00edm, \u017ee by mohl b\u00fdt dobr\u00fdm krizov\u00fdm mana\u017eerem. Ale shodou okolnost\u00ed dnes po skon\u010den\u00ed Ot\u00e1zek s n\u00edm na toto t\u00e9ma budu jednat.<\/p>\n<p><strong>Pt\u00e1m se v\u00e1s proto, proto\u017ee jste v souvislosti se \u017eivotopisy, kter\u00e9 jste dodal prezidentu republiky, hodil p\u0159es palubu Vladim\u00edra \u0160pidlu, expremi\u00e9ra a n\u011bkdej\u0161\u00edho ministra pr\u00e1ce a soci\u00e1ln\u00edch v\u011bc\u00ed, kter\u00fd m\u00e1 zku\u0161enosti s \u0159\u00edzen\u00edm toho resortu, p\u0159ipom\u00edn\u00e1m, \u017ee Vladim\u00edr \u0160pidla sv\u00e9ho \u010dasu vedl i Ministerstvo zdravotnictv\u00ed soub\u011b\u017en\u011b s Ministerstvem pr\u00e1ce a soci\u00e1ln\u00edch v\u011bc\u00ed. Pro\u010d by Vladim\u00edr \u0160pidla nebyl lep\u0161\u00edm krizov\u00fdm mana\u017eerem? To jste ho hodil p\u0159es palubu jen kv\u016fli v\u00fdhrad\u00e1m Milo\u0161e Zemana v\u016f\u010di \u0160pidlovi?<\/strong><\/p>\n<p>J\u00e1 mysl\u00edm, \u017ee takto to nen\u00ed, proto\u017ee Vladim\u00edr \u0160pidla nebyl mezi t\u011bmi jm\u00e9ny, kter\u00e9 jsem p\u0159inesl prezidentu republiky. To znamen\u00e1, j\u00e1 jsem ho ani.<\/p>\n<p><strong>Jste ho hodil p\u0159es palubu je\u0161t\u011b p\u0159ed t\u00edm.<\/strong><\/p>\n<p>J\u00e1 jsem ho ani nemohl hodit p\u0159es palubu. Vyb\u00edral jsem mezi t\u0159emi jm\u00e9ny. A ten v\u00fdb\u011br byl zcela transparentn\u00ed. Koneckonc\u016f jsem o tom informoval i m\u00e9dia. M\u011bl jsem t\u0159i siln\u00e9 kandid\u00e1ty pro tuto pozici. St\u00ednov\u00e9ho ministra Romana Sklen\u00e1ka, se kter\u00fdm jsem u\u010dinil velmi dobrou zku\u0161enost. V dob\u011b, kdy m\u011bl soci\u00e1ln\u00ed v\u011bci na starosti, kdy\u017e jsme byli v opozici. Ten je te\u010f p\u0159edsedou poslaneck\u00e9ho klubu, a kdy\u017e jsem s n\u00edm na toto t\u00e9ma hovo\u0159il, tak on up\u0159ednostnil pokra\u010dov\u00e1n\u00ed ve funkci p\u0159edsedy poslaneck\u00e9ho klubu. A m\u011bl jsem mezi kandid\u00e1ty tak\u00e9 Vladim\u00edra \u0160pidlu a Petra Kr\u010d\u00e1la. Pro mne Petr Kr\u010d\u00e1l je d\u016fle\u017eit\u00fd a zaj\u00edmav\u00fd kandid\u00e1t jednak proto, \u017ee to je ur\u010dit\u00e1 nov\u00e1 tv\u00e1\u0159. A mysl\u00edm si, \u017ee soci\u00e1ln\u00ed demokracie by v r\u00e1mci sv\u00e9ho zastoupen\u00ed ve vl\u00e1d\u011b krom\u011b ost\u0159\u00edlen\u00fdch matador\u016f m\u011bla tak\u00e9 uk\u00e1zat schopnost prezentovat nov\u00e9 lidi, nov\u00e9 tv\u00e1\u0159e, schopnost d\u00e1t jim p\u0159\u00edle\u017eitost. A sou\u010dasn\u011b.<\/p>\n<p><strong>Tak je novou tv\u00e1\u0159\u00ed, nebo sp\u00ed\u0161 lep\u0161\u00edm krizov\u00fdm mana\u017eerem, ne\u017e by byl Vladim\u00edr \u0160pidla?<\/strong><\/p>\n<p>Ne, sou\u010dasn\u011b pro mne je tak\u00e9 d\u016fle\u017eit\u00e1 jeho zku\u0161enost z t\u00e9 druh\u00e9 strany. On spolupracoval s ministerstvem v d\u016fle\u017eit\u00e9 oblasti a to je financov\u00e1n\u00ed soci\u00e1ln\u00edch slu\u017eeb na \u00farovni kraj\u016f. My pot\u0159ebujeme toto t\u00e9ma dlouhodob\u011b uchopit a stabilizovat financov\u00e1n\u00ed soci\u00e1ln\u00edch slu\u017eeb. Sou\u010dasn\u011b je d\u016fle\u017eit\u00e9 soci\u00e1ln\u00ed slu\u017eby modernizovat a transformovat. A mysl\u00edm si, \u017ee Petr Kr\u010d\u00e1l v tomto obhledu m\u00e1 velmi zaj\u00edmavou a dobrou expert\u00edzu a zku\u0161enost. P\u0159edpokl\u00e1d\u00e1m, \u017ee m\u016f\u017ee b\u00fdt i dobr\u00fdm krizov\u00fdm mana\u017eerem. Kdy\u017e jste hovo\u0159il o tom h\u00e1zen\u00ed p\u0159es palubu, kdybych cht\u011bl hodit Vladim\u00edra \u0160pidlu p\u0159es palubu, tak bych mu nenab\u00eddl mo\u017enost, aby vedl m\u00e9 poradce, pokud se stanu p\u0159edsedou vl\u00e1dy. A jsem r\u00e1d, \u017ee Vladim\u00edr \u0160pidla tuto v\u00fdzvu a tuto nab\u00eddku p\u0159ijal. On m\u00e1 unik\u00e1tn\u00ed zku\u0161enost nejenom b\u00fdval\u00e9ho premi\u00e9ra, ale p\u0159edev\u0161\u00edm tak\u00e9 b\u00fdval\u00e9ho \u010dlena Evropsk\u00e9 komise. Byl \u0159adu let eurokomisa\u0159em. A jeho zku\u0161enosti i osobn\u00ed kontakty pro premi\u00e9ra mohou b\u00fdt velmi u\u017eite\u010dn\u00e9.<\/p>\n<p><strong>Kdy\u017e mluv\u00edte o Vladim\u00edru \u0160pidlovi, kter\u00fd se tedy stane \u0161\u00e9fem va\u0161ich poradc\u016f, po\u010det poradc\u016f premi\u00e9ra se s n\u00e1stupem Ji\u0159\u00edho Rusnoka jako premi\u00e9ra p\u0159eklenovac\u00edho kabinetu sn\u00ed\u017eil. Petr Ne\u010das jich m\u011bl podle sd\u011blen\u00ed \u00da\u0159adu vl\u00e1dy 23. Ji\u0159\u00ed Rusnok jich m\u00e1 7. Kolik budete m\u00edt poradc\u016f? <\/strong><\/p>\n<p>P\u0159edev\u0161\u00edm plat\u00ed, \u017ee premi\u00e9r pot\u0159ebuje poradce v z\u00e1sad\u011b pro v\u0161echny resorty. Pro v\u0161echny resorty.<\/p>\n<p><strong>Budete m\u00edt tedy 17 poradc\u016f?<\/strong><\/p>\n<p>Proto\u017ee pokud m\u00e1m kompetentn\u011b si jako p\u0159edseda vl\u00e1dy vytv\u00e1\u0159et n\u00e1zor na materi\u00e1ly, kter\u00e9 p\u0159edkl\u00e1daj\u00ed jednotliv\u00ed minist\u0159i, a to je nep\u0159etr\u017eit\u00fd proud materi\u00e1l\u016f, kter\u00fd p\u0159ich\u00e1z\u00ed do vl\u00e1dy, sta\u010d\u00ed se pod\u00edvat na ka\u017ed\u00fd program jedn\u00e1n\u00ed standardn\u00ed vl\u00e1dy. P\u0159edseda vl\u00e1dy nem\u00e1 mo\u017enost, aby si v\u0161echny materi\u00e1ly prostudoval. Pot\u0159ebuje kvalifikovanou radu. A nem\u016f\u017ee b\u00fdt slep\u00fd a nem\u016f\u017ee b\u00fdt v informa\u010dn\u00ed nev\u00fdhod\u011b v\u016f\u010di ministr\u016fm, v\u016f\u010di apar\u00e1t\u016fm jednotliv\u00fdch ministerstev. Premi\u00e9r nem\u016f\u017ee b\u00fdt loutka. Premi\u00e9r mus\u00ed m\u00edt schopnost vytv\u00e1\u0159et si a utv\u00e1\u0159et si vlastn\u00ed n\u00e1zor. Proto pot\u0159ebuje poradce. \u010cili p\u0159edpokl\u00e1d\u00e1m to, \u017ee pro ka\u017ed\u00fd resort budu m\u00edt jednoho kl\u00ed\u010dov\u00e9ho poradce. Pro ka\u017edou d\u016fle\u017eitou spole\u010denskou oblast. To neznamen\u00e1, \u017ee bychom zvy\u0161ovali rozpo\u010det \u00da\u0159adu vl\u00e1dy. Vejdeme se do toho st\u00e1vaj\u00edc\u00edho rozpo\u010dtu, kter\u00fd \u00da\u0159ad vl\u00e1dy m\u00e1.<\/p>\n<p><strong>&#8230;<\/strong><\/p>\n<\/div>\n<div><strong>Pochopil jsem spr\u00e1vn\u011b z toho, \u017ee pokud prezident republiky Milo\u0161 Zeman odm\u00edtne jmenovat n\u011bkter\u00e9ho z kandid\u00e1t\u016f, jejich\u017e \u017eivotopisy jste mu dal v p\u00e1tek, tak ten resort budete do\u010dasn\u011b \u0159\u00eddit vy?<\/strong>J\u00e1 mysl\u00edm, \u017ee to je v\u011bc, kter\u00e1 je mo\u017en\u00e1. To znamen\u00e1, bylo by tam pov\u011b\u0159en\u00ed, pokud jde o \u0159\u00edzen\u00ed p\u0159\u00edslu\u0161n\u00e9ho resortu. J\u00e1 si mysl\u00edm, \u017ee.<strong>Jin\u00e9ho kandid\u00e1ta byste nenavrhoval?<\/strong>J\u00e1 si mysl\u00edm, \u017ee odm\u00edtnut\u00ed kandid\u00e1ta nejmenovat, nen\u00ed d\u016fvod pro to, aby nebyla jmenov\u00e1na cel\u00e1 vl\u00e1da, za prv\u00e9. Za druh\u00e9 j\u00e1 bych nov\u00e9ho kandid\u00e1ta navrhl pouze v p\u0159\u00edpad\u011b, \u017ee by prezident republiky m\u011bl pro odm\u00edtnut\u00ed kandid\u00e1ta z\u00e1va\u017en\u00e9 z\u00e1konn\u00e9 nebo \u00fastavn\u00ed d\u016fvody.<strong>No ostatn\u00ed strany krom \u010cSSD to potvrdily, vy jste potvrdil te\u010f kandid\u00e1ta na ministra pr\u00e1ce a soci\u00e1ln\u00edch v\u011bc\u00ed.<\/strong>My si na to t\u00e9ma je\u0161t\u011b z\u00edtra s p\u0159edsedy stran ur\u010dit\u011b sedneme. J\u00e1 nep\u0159edpokl\u00e1d\u00e1m n\u011bjak\u00e9 zm\u011bny, ale nemohu samoz\u0159ejm\u011b vylou\u010dit, \u017ee t\u0159eba lidovci nebo ANO je\u0161t\u011b s n\u011bjak\u00fdmi \u00fapravami p\u0159ij\u00edt mohou. Je to koneckonc\u016f jejich v\u011bc. Ale z\u00edt\u0159ek m\u00e1me jako deadline pro p\u0159edstaven\u00ed konkr\u00e9tn\u00edch potenci\u00e1ln\u00edch \u010dlen\u016f vl\u00e1dy. Ale jsou to zat\u00edm jenom v\u0161echno p\u0159edb\u011b\u017en\u00e9 n\u00e1vrhy. Skute\u010dn\u00e9 n\u00e1vrhy m\u016f\u017ee p\u0159edlo\u017eit a\u017e premi\u00e9r v okam\u017eiku, kdy bude jako premi\u00e9r ozna\u010den prezidentem republiky v r\u00e1mci jeho prvn\u00edho pokusu. \u010cili te\u010f se bav\u00edme skute\u010dn\u011b jenom velmi, velmi p\u0159edb\u011b\u017en\u011b. Je\u0161t\u011b nejedn\u00e1me v r\u00e1mci konkr\u00e9tn\u00edch \u00fastavn\u00edch krok\u016f. Ale plat\u00ed, \u017ee koalice bude st\u00e1t za t\u00edm n\u00e1vrhem, kter\u00fd ofici\u00e1ln\u011b p\u0159edlo\u017e\u00ed prezidentu republiky.<\/p>\n<p><strong>Proto se pt\u00e1m, \u017ee byste automaticky po\u017e\u00e1dal prezidenta o pov\u011b\u0159en\u00ed premi\u00e9ra \u0159\u00edzen\u00ed toho resortu, pokud by.<\/strong><\/p>\n<p>Pokud by se jednalo o, o jednu nebo, jeden nebo dva p\u0159\u00edpady, tak je to mo\u017en\u00e9, ale pevn\u011b v\u011b\u0159\u00edm, \u017ee k takov\u00fdm komplikac\u00edm p\u0159i vzniku nov\u00e9 vl\u00e1dy nedoje, a \u017ee prezident republiky vyhov\u00ed n\u00e1vrhu, kter\u00fd mu p\u0159edlo\u017e\u00ed parlamentn\u00ed v\u011bt\u0161ina.<\/p>\n<p>\u010cT1<\/p>\n<\/div>\n","protected":false},"excerpt":{"rendered":"<div class=\"mh-excerpt\"><p>P\u0159edseda \u010cSSD Bohuslav Sobotka poskytl \u010cT 1 v po\u0159adu Ot\u00e1zky V\u00e1clava Moravce rozhovor, ve kter\u00e9m nast\u00ednil jak\u00e9 \u00fakoly stoj\u00ed p\u0159ed nov\u00fdm ministrem pr\u00e1ce a soci\u00e1ln\u00edch <a class=\"mh-excerpt-more\" href=\"https:\/\/www.invarena.cz\/?p=14286\" title=\"Sobotka: MPSV je nejrizikov\u011bj\u0161\u00ed ministerstvo\">[&#8230;]<\/a><\/p>\n<\/div>","protected":false},"author":1,"featured_media":2624,"comment_status":"open","ping_status":"closed","sticky":false,"template":"","format":"standard","meta":{"footnotes":""},"categories":[12,9],"tags":[],"class_list":["post-14286","post","type-post","status-publish","format-standard","has-post-thumbnail","hentry","category-rozhovory","category-zpravy"],"_links":{"self":[{"href":"https:\/\/www.invarena.cz\/index.php?rest_route=\/wp\/v2\/posts\/14286","targetHints":{"allow":["GET"]}}],"collection":[{"href":"https:\/\/www.invarena.cz\/index.php?rest_route=\/wp\/v2\/posts"}],"about":[{"href":"https:\/\/www.invarena.cz\/index.php?rest_route=\/wp\/v2\/types\/post"}],"author":[{"embeddable":true,"href":"https:\/\/www.invarena.cz\/index.php?rest_route=\/wp\/v2\/users\/1"}],"replies":[{"embeddable":true,"href":"https:\/\/www.invarena.cz\/index.php?rest_route=%2Fwp%2Fv2%2Fcomments&post=14286"}],"version-history":[{"count":0,"href":"https:\/\/www.invarena.cz\/index.php?rest_route=\/wp\/v2\/posts\/14286\/revisions"}],"wp:featuredmedia":[{"embeddable":true,"href":"https:\/\/www.invarena.cz\/index.php?rest_route=\/wp\/v2\/media\/2624"}],"wp:attachment":[{"href":"https:\/\/www.invarena.cz\/index.php?rest_route=%2Fwp%2Fv2%2Fmedia&parent=14286"}],"wp:term":[{"taxonomy":"category","embeddable":true,"href":"https:\/\/www.invarena.cz\/index.php?rest_route=%2Fwp%2Fv2%2Fcategories&post=14286"},{"taxonomy":"post_tag","embeddable":true,"href":"https:\/\/www.invarena.cz\/index.php?rest_route=%2Fwp%2Fv2%2Ftags&post=14286"}],"curies":[{"name":"wp","href":"https:\/\/api.w.org\/{rel}","templated":true}]}}