{"id":14289,"date":"2014-01-06T11:47:08","date_gmt":"2014-01-06T10:47:08","guid":{"rendered":"http:\/\/www.invarena.cz\/?p=14289"},"modified":"2014-01-08T12:11:54","modified_gmt":"2014-01-08T11:11:54","slug":"je-mozne-o-prukaz-ozp-zazadat-bez-posuzovani-naroku-na-prispevek-na-peci-a-mobilitu","status":"publish","type":"post","link":"https:\/\/www.invarena.cz\/?p=14289","title":{"rendered":"Je mo\u017en\u00e9 o pr\u016fkaz OZP za\u017e\u00e1dat bez n\u00e1roku na p\u0159\u00edsp\u011bvek na p\u00e9\u010di a mobilitu?"},"content":{"rendered":"<p><strong>\u010cten\u00e1\u0159 se pt\u00e1, zda lze po\u017e\u00e1dat o vyd\u00e1n\u00ed pr\u016fkazu OZP bez p\u0159\u00edsp\u011bvku na p\u00e9\u010di a mobilitu. Pohybuje se o dvou francouzsk\u00fdch hol\u00edch a pot\u0159ebuje vyhody spojen\u00e9 s t\u00edmto pr\u016fkazem, nap\u0159. pustit sednout v MHD. Odpov\u011b\u010f se do\u010dtete v \u010dl\u00e1nku&#8230;<!--more--><\/strong><\/p>\n<p><strong>Dotaz:<\/strong><br \/>\nPros\u00edm o sd\u011blen\u00ed,zda \u017e\u00e1dost o vyd\u00e1n\u00ed samostatn\u00e9ho Invalidn\u00edho pr\u016fkazu bez p\u0159\u00edsp\u011bvku na p\u00e9\u010di a mobilitu se posuzuje stejn\u00fdm zp\u016fsobem, jako \u017e\u00e1dost o vyd\u00e1n\u00ed Invalidn\u00edho pr\u016fkazu se \u017e\u00e1dost\u00ed o p\u0159\u00edsp\u011bvek na p\u00e9\u010di a mobilitu, jak mi tvrd\u00ed vedouc\u00ed refer\u00e1tu \u00da\u0159adu pr\u00e1ce.<br \/>\nPohybuji se o dvou francouzsk\u00fdch hol\u00edch, je pravdou, \u017ee v\u011bt\u0161ina cestuj\u00edc\u00edch v MHD mi uvoln\u00ed m\u00edsto k sezen\u00ed, ale najdou se i takov\u00ed, kte\u0159\u00ed rad\u011bji \u010dtou a nebo sp\u00ed. Bez Invalidn\u00edho pr\u016fkazu nem\u00e1m opr\u00e1vn\u011bn\u00ed m\u00edsto pro invalidy v MHD pou\u017e\u00edvat. Nepo\u017eaduji od st\u00e1tu \u017e\u00e1dn\u00e9 pen\u00edze,pouze samostatn\u00fd invalidn\u00ed pr\u016fkaz pro zjednodu\u0161en\u00ed ji\u017e tak t\u011b\u017ek\u00e9ho \u017eivota.<br \/>\n<!--more--><strong>Odpov\u011b\u010f:<\/strong><br \/>\nV dotazu zmi\u0148ujete samostatn\u00fd invalidn\u00ed pr\u016fkaz, patrn\u011b m\u00e1te na mysli pr\u016fkaz osoby zdravotn\u011b znev\u00fdhodn\u011bn\u00e9 (OZP). Ten se v sou\u010dasn\u00e9 dob\u011b vyd\u00e1v\u00e1 ve t\u0159ech form\u00e1ch, podle z\u00e1va\u017enosti posti\u017een\u00ed. Ve Va\u0161em p\u0159\u00edpad\u011b se nejsp\u00ed\u0161e jedn\u00e1 o pr\u016fkaz TP, d\u00edky kter\u00e9mu z\u00edsk\u00e1te n\u00e1rok pr\u00e1v\u011b na m\u00edsto pro invalidy v MHD. Zdravotn\u011b a t\u011blesn\u011b posti\u017een\u00ed si mohou je\u0161t\u011b za\u017e\u00e1dat o pr\u016fkaz ZTP a nebo pr\u016fkaz ZTP\/P.<\/p>\n<p>V posledn\u00edch letech se p\u0159i posuzov\u00e1n\u00ed n\u00e1roku na pr\u016fkaz OZP ud\u00e1lo n\u011bkolik zm\u011bn. B\u00fdval\u00fd ministr Jarom\u00edr dr\u00e1bek se sna\u017eil, aby bylo cel\u00e9 posuzov\u00e1n\u00ed spojeno pr\u00e1v\u011b i s posuzov\u00e1n\u00edm n\u00e1roku na p\u0159\u00edsp\u011bvek na p\u00e9\u010di. Z toho d\u016fvodu p\u0159edev\u0161\u00edm lid\u00e9 s podobn\u00fdm posti\u017een\u00edm, jak\u00e9 m\u00e1te Vy, p\u0159ich\u00e1zeli o pr\u016fkaz OZP, proto\u017ee na p\u0159\u00edsp\u011bvek na p\u00e9\u010di nedos\u00e1hli, ostatn\u011b jak p\u00ed\u0161ete, ani ho nepo\u017eadovali.<\/p>\n<p>Cel\u00e1 novela sklidila velkou kritiku, a proto od za\u010d\u00e1tku roku 2014 do\u0161lo k dal\u0161\u00ed zm\u011bn\u011b.<\/p>\n<p>Situace se vr\u00e1tila k p\u016fvodn\u00edmu stavu. Dnes si tedy na \u00daP m\u016f\u017eete za\u017e\u00e1dat o pr\u016fkaz OZP samostatn\u011b bez nutnosti posuzov\u00e1n\u00ed n\u00e1roku na p\u0159\u00edsp\u011bvek na p\u00e9\u010di. Samostatn\u011b bude posuzov\u00e1n i V\u00e1\u0161 zdravotn\u00ed stav l\u00e9ka\u0159skou posudkovou slu\u017ebou okresn\u00ed spr\u00e1vy soci\u00e1ln\u00edho zabezpe\u010den\u00ed (OSSZ).<\/p>\n<p>Ji\u0159\u00ed Marek<br \/>\ninvArena<\/p>\n","protected":false},"excerpt":{"rendered":"<div class=\"mh-excerpt\"><p>\u010cten\u00e1\u0159 se pt\u00e1, zda lze po\u017e\u00e1dat o vyd\u00e1n\u00ed pr\u016fkazu OZP bez p\u0159\u00edsp\u011bvku na p\u00e9\u010di a mobilitu. Pohybuje se o dvou francouzsk\u00fdch hol\u00edch a pot\u0159ebuje vyhody <a class=\"mh-excerpt-more\" href=\"https:\/\/www.invarena.cz\/?p=14289\" title=\"Je mo\u017en\u00e9 o pr\u016fkaz OZP za\u017e\u00e1dat bez n\u00e1roku na p\u0159\u00edsp\u011bvek na p\u00e9\u010di a mobilitu?\">[&#8230;]<\/a><\/p>\n<\/div>","protected":false},"author":3,"featured_media":4333,"comment_status":"open","ping_status":"closed","sticky":false,"template":"","format":"standard","meta":{"footnotes":""},"categories":[18,9],"tags":[],"class_list":["post-14289","post","type-post","status-publish","format-standard","has-post-thumbnail","hentry","category-poradna","category-zpravy"],"_links":{"self":[{"href":"https:\/\/www.invarena.cz\/index.php?rest_route=\/wp\/v2\/posts\/14289","targetHints":{"allow":["GET"]}}],"collection":[{"href":"https:\/\/www.invarena.cz\/index.php?rest_route=\/wp\/v2\/posts"}],"about":[{"href":"https:\/\/www.invarena.cz\/index.php?rest_route=\/wp\/v2\/types\/post"}],"author":[{"embeddable":true,"href":"https:\/\/www.invarena.cz\/index.php?rest_route=\/wp\/v2\/users\/3"}],"replies":[{"embeddable":true,"href":"https:\/\/www.invarena.cz\/index.php?rest_route=%2Fwp%2Fv2%2Fcomments&post=14289"}],"version-history":[{"count":0,"href":"https:\/\/www.invarena.cz\/index.php?rest_route=\/wp\/v2\/posts\/14289\/revisions"}],"wp:featuredmedia":[{"embeddable":true,"href":"https:\/\/www.invarena.cz\/index.php?rest_route=\/wp\/v2\/media\/4333"}],"wp:attachment":[{"href":"https:\/\/www.invarena.cz\/index.php?rest_route=%2Fwp%2Fv2%2Fmedia&parent=14289"}],"wp:term":[{"taxonomy":"category","embeddable":true,"href":"https:\/\/www.invarena.cz\/index.php?rest_route=%2Fwp%2Fv2%2Fcategories&post=14289"},{"taxonomy":"post_tag","embeddable":true,"href":"https:\/\/www.invarena.cz\/index.php?rest_route=%2Fwp%2Fv2%2Ftags&post=14289"}],"curies":[{"name":"wp","href":"https:\/\/api.w.org\/{rel}","templated":true}]}}