{"id":14293,"date":"2014-01-06T13:59:36","date_gmt":"2014-01-06T12:59:36","guid":{"rendered":"http:\/\/www.invarena.cz\/?p=14293"},"modified":"2014-01-06T13:59:36","modified_gmt":"2014-01-06T12:59:36","slug":"kampan-ruce-na-prsa-zamiri-do-obchodnich-center","status":"publish","type":"post","link":"https:\/\/www.invarena.cz\/?p=14293","title":{"rendered":"Kampa\u0148 Ruce na prsa zam\u00ed\u0159\u00ed do obchodn\u00edch center"},"content":{"rendered":"<p><b>C\u00edlem kampan\u011b je upozornit na vysok\u00fd v\u00fdskyt zhoubn\u00e9ho onemocn\u011bn\u00ed prsu u n\u00e1s a z\u00e1rove\u0148 p\u0159ibl\u00ed\u017eit v\u00fdznam prevence a samovy\u0161et\u0159en\u00ed. Osv\u011btov\u00e1 roadshow startuje ji\u017e 7. ledna a b\u011bhem kampan\u011b zav\u00edt\u00e1 do 13 obchodn\u00edch center po cel\u00e9m \u010cesku.<!--more--><\/b><\/p>\n<p><em>ilustra\u010dn\u00ed foto: marin \/ FreeDigitalPhotos<\/em><\/p>\n<p>Na \u0159ad\u011b m\u00edst, kam kampa\u0148 zav\u00edt\u00e1, n\u00e1v\u0161t\u011bvn\u00edky v\u00a0den zah\u00e1jen\u00ed p\u0159iv\u00edtaj\u00ed tak\u00e9 hostesky \u010cPZP.<\/p>\n<p>B\u011bhem kampan\u011b si \u017eeny budou moc vyzkou\u0161et vy\u0161et\u0159en\u00ed prsu na speci\u00e1ln\u00ed maket\u011b a nau\u010d\u00ed se rozpoznat, kdy\u017e s\u00a0prsem nen\u00ed n\u011bco v\u00a0po\u0159\u00e1dku.<\/p>\n<p>Obdr\u017e\u00ed tak\u00e9 informa\u010dn\u00ed let\u00e1\u010dky a cenn\u00e9 rady, jak postupovat p\u0159i prevenci nebo v\u00a0p\u0159\u00edpad\u011b pot\u00ed\u017e\u00ed. Rady a informace mohou \u017eeny z\u00edskat i u sv\u00e9ho gynekologa, nebo prost\u0159ednictv\u00edm kr\u00e1tk\u00e9ho instrukt\u00e1\u017en\u00edho videa, v\u00a0n\u011bm\u017e Martin Str\u00e1nsk\u00fd hlasem seri\u00e1lov\u00e9ho Dr. House rad\u00ed mlad\u00e9 d\u00edvce, jak p\u0159i samovy\u0161et\u0159en\u00ed postupovat (<a href=\"http:\/\/www.rucenaprsa.cz\/jak-se-vysetrit\">http:\/\/www.rucenaprsa.cz\/jak-se-vysetrit<\/a>.)<\/p>\n<p><b>\u010cesk\u00e1 pr\u016fmyslov\u00e1 zdravotn\u00ed poji\u0161\u0165ovna <\/b>se stala partnerem kampan\u011b <b><i>Ruce na prsa 2014, <\/i><\/b>kterou organizuje obecn\u011b prosp\u011b\u0161n\u00e1 spole\u010dnost Dialog Jesenius.<b> <\/b><\/p>\n<p>Preventivn\u00ed projekt <i>Ruce na prsa 2014<\/i> startuje v\u00a0obchodn\u00edm centru <b>Europark Praha<\/b>, a to ve dnech 7. do 19. ledna. Postupn\u011b nav\u0161t\u00edv\u00ed <b>Brno, Liberec, \u010cesk\u00e9 Bud\u011bjovice, Jihlavu, Teplice, Mladou Boleslav<\/b>, p\u0159i\u010dem\u017e do pra\u017esk\u00fdch obchodn\u00edch center se je\u0161t\u011b p\u011btkr\u00e1t vr\u00e1t\u00ed.<\/p>\n<p>V\u00a0<b>Brn\u011b <\/b>se lid\u00e9 s\u00a0kampan\u00ed setkaj\u00ed dvakr\u00e1t, poprv\u00e9 od 21. ledna do 2. \u00fanora v\u00a0Galerii Va\u0148kovka a v\u00a0jihomoravsk\u00e9 metropoli tak\u00e9 p\u0159\u00ed\u0161t\u00ed ro\u010dn\u00edk projektu uzav\u0159e.<\/p>\n<p>Posledn\u00ed zast\u00e1vka v\u00a0roce 2014 se chyst\u00e1 od 8. do 20. \u010dervence do brn\u011bnsk\u00e9 Olympie. Informace jsou uvedeny tak\u00e9 na www.rucenaprsa.cz.<\/p>\n<table width=\"615\" border=\"0\" cellspacing=\"0\" cellpadding=\"0\">\n<tbody>\n<tr>\n<td colspan=\"3\" valign=\"bottom\" nowrap=\"nowrap\" width=\"615\"><b>Ruce na prsa 2014<\/b><b><\/b><\/td>\n<\/tr>\n<tr>\n<td valign=\"bottom\" nowrap=\"nowrap\" width=\"261\">Harmonogram<\/td>\n<td valign=\"bottom\" nowrap=\"nowrap\" width=\"200\">Obchodn\u00ed centrum<\/td>\n<td valign=\"bottom\" nowrap=\"nowrap\" width=\"154\">M\u00edsto<\/td>\n<\/tr>\n<tr>\n<td valign=\"bottom\" nowrap=\"nowrap\" width=\"261\">07. 01. &#8211; 19. 01. 2014<\/td>\n<td valign=\"bottom\" nowrap=\"nowrap\" width=\"200\">Europark Praha<\/td>\n<td valign=\"bottom\" nowrap=\"nowrap\" width=\"154\">Praha<\/td>\n<\/tr>\n<tr>\n<td valign=\"bottom\" nowrap=\"nowrap\" width=\"261\">21. 01. &#8211; 02. 02. 2014<\/td>\n<td valign=\"bottom\" nowrap=\"nowrap\" width=\"200\">Galerie Va\u0148kovka<\/td>\n<td valign=\"bottom\" nowrap=\"nowrap\" width=\"154\">Brno<\/td>\n<\/tr>\n<tr>\n<td valign=\"bottom\" nowrap=\"nowrap\" width=\"261\">04. 02. &#8211; 16. 02. 2014<\/td>\n<td valign=\"bottom\" nowrap=\"nowrap\" width=\"200\">N\u00e1kupn\u00ed galerie Fenix<\/td>\n<td valign=\"bottom\" nowrap=\"nowrap\" width=\"154\">Praha<\/td>\n<\/tr>\n<tr>\n<td valign=\"bottom\" nowrap=\"nowrap\" width=\"261\">18. 02. &#8211; 02. 03.2014<\/td>\n<td valign=\"bottom\" nowrap=\"nowrap\" width=\"200\">Nisa Liberec<\/td>\n<td valign=\"bottom\" nowrap=\"nowrap\" width=\"154\">Liberec<\/td>\n<\/tr>\n<tr>\n<td valign=\"bottom\" nowrap=\"nowrap\" width=\"261\">04. 03. &#8211; 16. 03. 2014<\/td>\n<td valign=\"bottom\" nowrap=\"nowrap\" width=\"200\">Chodov Praha<\/td>\n<td valign=\"bottom\" nowrap=\"nowrap\" width=\"154\">Praha<\/td>\n<\/tr>\n<tr>\n<td valign=\"bottom\" nowrap=\"nowrap\" width=\"261\">18. 03. &#8211; 30. 03. 2014<\/td>\n<td valign=\"bottom\" nowrap=\"nowrap\" width=\"200\">IGY \u010cB<\/td>\n<td valign=\"bottom\" nowrap=\"nowrap\" width=\"154\">\u010cesk\u00e9 Bud\u011bjovice<\/td>\n<\/tr>\n<tr>\n<td valign=\"bottom\" nowrap=\"nowrap\" width=\"261\">01. 04. &#8211; 13. 04. 2014<\/td>\n<td valign=\"bottom\" nowrap=\"nowrap\" width=\"200\">Galerie Harfa<\/td>\n<td valign=\"bottom\" nowrap=\"nowrap\" width=\"154\">Praha<\/td>\n<\/tr>\n<tr>\n<td valign=\"bottom\" nowrap=\"nowrap\" width=\"261\">29. 04. &#8211; 11. 05. 2014<\/td>\n<td valign=\"bottom\" nowrap=\"nowrap\" width=\"200\">City Park Jihlava<\/td>\n<td valign=\"bottom\" nowrap=\"nowrap\" width=\"154\">Jihlava<\/td>\n<\/tr>\n<tr>\n<td valign=\"bottom\" nowrap=\"nowrap\" width=\"261\">13. 05. &#8211; 25. 05. 2014<\/td>\n<td valign=\"bottom\" nowrap=\"nowrap\" width=\"200\">Olympia Teplice<\/td>\n<td valign=\"bottom\" nowrap=\"nowrap\" width=\"154\">Teplice<\/td>\n<\/tr>\n<tr>\n<td valign=\"bottom\" nowrap=\"nowrap\" width=\"261\">27. 05. &#8211; 08. 06. 2014<\/td>\n<td valign=\"bottom\" nowrap=\"nowrap\" width=\"200\">DBK Bud\u011bjovick\u00e1<\/td>\n<td valign=\"bottom\" nowrap=\"nowrap\" width=\"154\">Praha<\/td>\n<\/tr>\n<tr>\n<td valign=\"bottom\" nowrap=\"nowrap\" width=\"261\">10. 06. &#8211; 22. 06. 2014<\/td>\n<td valign=\"bottom\" nowrap=\"nowrap\" width=\"200\">Olympia Mlad\u00e1 Boleslav<\/td>\n<td valign=\"bottom\" nowrap=\"nowrap\" width=\"154\">Mlad\u00e1 Boleslav<\/td>\n<\/tr>\n<tr>\n<td valign=\"bottom\" nowrap=\"nowrap\" width=\"261\">24. 06. &#8211; 06. 07. 2014<\/td>\n<td valign=\"bottom\" nowrap=\"nowrap\" width=\"200\">Atrium Flora<\/td>\n<td valign=\"bottom\" nowrap=\"nowrap\" width=\"154\">Praha<\/td>\n<\/tr>\n<tr>\n<td valign=\"bottom\" nowrap=\"nowrap\" width=\"261\">08. 07. &#8211; 20. 07. 2014<\/td>\n<td valign=\"bottom\" nowrap=\"nowrap\" width=\"200\">Olympia Brno<\/td>\n<td valign=\"bottom\" nowrap=\"nowrap\" width=\"154\">Brno<\/td>\n<\/tr>\n<\/tbody>\n<\/table>\n<p>Rakovina prsu je u n\u00e1s v sou\u010dasn\u00e9 dob\u011b nej\u010dast\u011bj\u0161\u00edm zhoubn\u00fdm onemocn\u011bn\u00edm \u017een. V\u00a0\u010cesk\u00e9 republice \u017eije 72 000 \u017een s touto diagn\u00f3zou, p\u0159i\u010dem\u017e ka\u017ed\u00fd rok jich t\u00e9m\u011b\u0159 7\u00a0000 p\u0159ib\u00fdv\u00e1. P\u0159i v\u010dasn\u00e9 diagn\u00f3ze m\u00e1 l\u00e9\u010dba t\u00e9to nemoci daleko lep\u0161\u00ed v\u00fdsledky a je pro pacientku i m\u00e9n\u011b zat\u011b\u017euj\u00edc\u00ed. Samovy\u0161et\u0159en\u00ed prs\u016f m\u016f\u017ee zachr\u00e1nit \u017eivot, a proto by se m\u011blo st\u00e1t pravidelnou sou\u010d\u00e1st\u00ed p\u00e9\u010de o na\u0161e t\u011blo ka\u017ed\u00fd m\u011bs\u00edc.<\/p>\n<p><i>\u010cesk\u00e1 pr\u016fmyslov\u00e1 zdravotn\u00ed poji\u0161\u0165ovna je siln\u00e1 a stabiln\u00ed ve\u0159ejnopr\u00e1vn\u00ed instituce se s\u00eddlem v\u00a0Ostrav\u011b a celorepublikov\u00fdm p\u016fsoben\u00edm. M\u00e1 1,2 milionu poji\u0161t\u011bnc\u016f a pat\u0159\u00ed mezi t\u0159i nejv\u00fdznamn\u011bj\u0161\u00ed zdravotn\u00ed poji\u0161\u0165ovny v\u00a0\u010cesk\u00e9 republice.<\/i><\/p>\n<p>Ing. Elenka Mazurov\u00e1, tiskov\u00e1 mluv\u010d\u00ed \u010cPZP<\/p>\n<p>http: www.cpzp.cz<\/p>\n<p><i>\u00a0<\/i><\/p>\n<p>&nbsp;<\/p>\n","protected":false},"excerpt":{"rendered":"<div class=\"mh-excerpt\"><p>C\u00edlem kampan\u011b je upozornit na vysok\u00fd v\u00fdskyt zhoubn\u00e9ho onemocn\u011bn\u00ed prsu u n\u00e1s a z\u00e1rove\u0148 p\u0159ibl\u00ed\u017eit v\u00fdznam prevence a samovy\u0161et\u0159en\u00ed. Osv\u011btov\u00e1 roadshow startuje ji\u017e 7. ledna <a class=\"mh-excerpt-more\" href=\"https:\/\/www.invarena.cz\/?p=14293\" title=\"Kampa\u0148 Ruce na prsa zam\u00ed\u0159\u00ed do obchodn\u00edch center\">[&#8230;]<\/a><\/p>\n<\/div>","protected":false},"author":1,"featured_media":14166,"comment_status":"open","ping_status":"closed","sticky":false,"template":"","format":"standard","meta":{"footnotes":""},"categories":[11],"tags":[],"class_list":["post-14293","post","type-post","status-publish","format-standard","has-post-thumbnail","hentry","category-zdravi"],"_links":{"self":[{"href":"https:\/\/www.invarena.cz\/index.php?rest_route=\/wp\/v2\/posts\/14293","targetHints":{"allow":["GET"]}}],"collection":[{"href":"https:\/\/www.invarena.cz\/index.php?rest_route=\/wp\/v2\/posts"}],"about":[{"href":"https:\/\/www.invarena.cz\/index.php?rest_route=\/wp\/v2\/types\/post"}],"author":[{"embeddable":true,"href":"https:\/\/www.invarena.cz\/index.php?rest_route=\/wp\/v2\/users\/1"}],"replies":[{"embeddable":true,"href":"https:\/\/www.invarena.cz\/index.php?rest_route=%2Fwp%2Fv2%2Fcomments&post=14293"}],"version-history":[{"count":0,"href":"https:\/\/www.invarena.cz\/index.php?rest_route=\/wp\/v2\/posts\/14293\/revisions"}],"wp:featuredmedia":[{"embeddable":true,"href":"https:\/\/www.invarena.cz\/index.php?rest_route=\/wp\/v2\/media\/14166"}],"wp:attachment":[{"href":"https:\/\/www.invarena.cz\/index.php?rest_route=%2Fwp%2Fv2%2Fmedia&parent=14293"}],"wp:term":[{"taxonomy":"category","embeddable":true,"href":"https:\/\/www.invarena.cz\/index.php?rest_route=%2Fwp%2Fv2%2Fcategories&post=14293"},{"taxonomy":"post_tag","embeddable":true,"href":"https:\/\/www.invarena.cz\/index.php?rest_route=%2Fwp%2Fv2%2Ftags&post=14293"}],"curies":[{"name":"wp","href":"https:\/\/api.w.org\/{rel}","templated":true}]}}