{"id":14339,"date":"2014-01-08T23:24:10","date_gmt":"2014-01-08T22:24:10","guid":{"rendered":"http:\/\/www.invarena.cz\/?p=14339"},"modified":"2014-01-10T10:39:23","modified_gmt":"2014-01-10T09:39:23","slug":"krcal-postupoval-bych-stejne","status":"publish","type":"post","link":"https:\/\/www.invarena.cz\/?p=14339","title":{"rendered":"Kr\u010d\u00e1l: Postupoval bych stejn\u011b"},"content":{"rendered":"<p><strong>Jak by na sou\u010dasnou kritickou situaci ve vypl\u00e1cen\u00ed d\u00e1vek reagoval kandid\u00e1t do veden\u00ed resortu pr\u00e1ce a soci\u00e1ln\u00edch v\u011bc\u00ed za \u010cSSD Petr Kr\u010d\u00e1l? Radio\u017eurn\u00e1l s n\u00edm i s \u0159editelkou \u00fa\u0159adu pr\u00e1ce Mari\u00ed B\u00edlkovou (foto) vedl rozhovor&#8230;<!--more--><\/strong><\/p>\n<p>&nbsp;<\/p>\n<p>Petr KR\u010c\u00c1L, pravd\u011bpodobn\u00fd ministr pr\u00e1ce a soci\u00e1ln\u00edch v\u011bc\u00ed;<br \/>\nTak v ka\u017ed\u00e9m p\u0159\u00edpad\u011b je pot\u0159eba zabezpe\u010dit bezprobl\u00e9mov\u00fd syst\u00e9m v\u00fdplat, v\u00fdplat a bezprobl\u00e9mov\u00fd syst\u00e9m tak, aby samoz\u0159ejm\u011b ten syst\u00e9m fungoval, m\u011bl v\u0161echna data a aby se neopakovala do budoucna situace, kter\u00e1 na t\u011bch \u00fa\u0159adech byla zm\u011bnou syst\u00e9mu. Tak\u017ee j\u00e1 osobn\u011b bych do\u010dasn\u011b, nejd\u00e9le do konce roku \u0159e\u0161il tu ot\u00e1zku funguj\u00edc\u00edm syst\u00e9mem, kter\u00fd na t\u011bch \u00fa\u0159adech pracuje a kdysi pracoval a to OKsystemem a pak &#8230;<\/p>\n<p><strong>To znamen\u00e1, \u017ee byste zvolil stejn\u00e9 \u0159e\u0161en\u00ed jako ministr v demisi Franti\u0161ek Kon\u00ed\u010dek.<\/strong><\/p>\n<p>J\u00e1 bych zvolil stejn\u00e9 \u0159e\u0161en\u00ed jako ministr v demisi pan Kon\u00ed\u010dek, a vyhl\u00e1sil bych pot\u00e9 transparentn\u00ed v\u00fdb\u011brov\u00e9 \u0159\u00edzen\u00ed v souladu se z\u00e1konem na provozov\u00e1n\u00ed informa\u010dn\u00edch syst\u00e9m\u016f. Je to podle m\u011b jedin\u00e1 mo\u017enost tak, aby t\u011bmito zm\u011bnami netrp\u011blo v\u00edce jak milion lid\u00ed v t\u00e9to republice. Osobn\u011b si mysl\u00edm, \u017ee si to nem\u016f\u017eeme dovolit, abysme hazardovali s v\u00fdplatou soci\u00e1ln\u00edch d\u00e1vek a aby lidi trp\u011bli t\u00edm, co tam zbylo po b\u00fdval\u00e9m veden\u00ed po panu Dr\u00e1bkovi a \u0160i\u0161kovi.<\/p>\n<p><strong>Kdy\u017e \u0159\u00edk\u00e1te, \u017ee lid\u00e9 by mohli trp\u011bt t\u00edm, co se te\u010f d\u011bje na \u00fa\u0159adech pr\u00e1ce, p\u0159edpokl\u00e1d\u00e1te n\u011bjak\u00e9 v\u011bt\u0161\u00ed probl\u00e9my?<\/strong><\/p>\n<p>J\u00e1 je nep\u0159edpokl\u00e1d\u00e1m a osobn\u011b si mysl\u00edm, \u017ee jak pan ministr Kon\u00ed\u010dek, tak i gener\u00e1ln\u00ed \u0159editelka pan\u00ed B\u00edlkov\u00e1 v\u00ed, co d\u011blaj\u00ed a \u017ee uzav\u0159en\u00edm t\u00e9 smlouvy s OKsystemem, nedojde k \u017e\u00e1dn\u00fdm v\u00fdkyv\u016fm, anebo snad jenom k n\u011bkolika m\u00e1lodenn\u00edm v\u00fdkyv\u016fm, kter\u00e9 by v t\u011bch v\u00fdplatech d\u00e1vek byly, a \u017ee ten syst\u00e9m pak u\u017e pojede skute\u010dn\u011b velmi stabiln\u011b a standardn\u011b, abychom tu situaci nemuseli \u0159e\u0161it mimo vyps\u00e1n\u00ed klasick\u00e9ho v\u00fdb\u011brov\u00e9ho \u0159\u00edzen\u00ed v souladu se z\u00e1konem.<\/p>\n<p><strong>Jak rychle byste pracoval na tom nov\u00e9m v\u00fdb\u011brov\u00e9m \u0159\u00edzen\u00ed, p\u0159edpokl\u00e1dejme, \u017ee by &#8230;<\/strong><\/p>\n<p>Okam\u017eit\u011b po n\u00e1stupu. Nev\u00edm samoz\u0159ejm\u011b, jak rychle to bude, to u\u017e z\u00e1le\u017e\u00ed na n\u011bkom jin\u00e9m, na panu prezidentovi &#8230;<\/p>\n<p><strong>Mysl\u00edte vl\u00e1da kdy bude ustavena, ano.<\/strong><\/p>\n<p>A osobn\u011b si mysl\u00edm, \u017ee hned po vstupu na ministerstvu ud\u011bl\u00e1m v\u0161echno pro to, aby se p\u0159ipravilo nov\u00e9 v\u00fdb\u011brov\u00e9 \u0159\u00edzen\u00ed a aby se za\u010dalo jednat o t\u011bchto d\u016fle\u017eit\u00fdch v\u011bcech tak, aby ten syst\u00e9m byl dlouhodob\u011b stabiln\u00ed a nemuseli jsme ka\u017ed\u00fd rok \u0159e\u0161it situaci s v\u00fdplatou soci\u00e1ln\u00edch d\u00e1vek.<\/p>\n<p><strong>Tedy je to ot\u00e1zka m\u011bs\u00edc\u016f podle v\u00e1s, ne\u017e by to v\u00fdb\u011brov\u00e9 \u0159\u00edzen\u00ed bylo vyps\u00e1no, otev\u0159en\u00e9 v\u00fdb\u011brov\u00e9 \u0159\u00edzen\u00ed.<\/strong><\/p>\n<p>Je to ot\u00e1zka m\u011bs\u00edc\u016f a mysl\u00edm si, \u017ee ta odborn\u00e1 pracovi\u0161t\u011b budou p\u0159ipravena na to, aby kvalitn\u011b p\u0159ipravily v\u00fdb\u011brov\u00e9 \u0159\u00edzen\u00ed v souladu se z\u00e1konem.<\/p>\n<p><strong>Podle Ludmily M\u00fcllerov\u00e9, tedy b\u00fdval\u00e9 ministryn\u011b pr\u00e1ce a soci\u00e1ln\u00edch v\u011bc\u00ed, je probl\u00e9m taky v tom, \u017ee se m\u00e1lo vyu\u017e\u00edvaj\u00ed IT odborn\u00edci, kte\u0159\u00ed jsou na \u00fa\u0159adech pr\u00e1ce. Vid\u00edte to taky jako ur\u010ditou nedostate\u010dnost, na kter\u00e9 je t\u0159eba pracovat?<\/strong><\/p>\n<p>Nem\u00e1m dneska tyto informace, ale je to docela mo\u017en\u00e9. A jak \u0159\u00edk\u00e1m, tu situaci si po vstupu na ministerstvo,dneska tam je\u0161t\u011b nejsem, mus\u00edm samoz\u0159ejm\u011b zmapovat. Jinak to, co j\u00e1 v\u00edm od n\u011bkter\u00fdch IT pracovn\u00edk\u016f a informatik\u016f na \u00fa\u0159adech pr\u00e1ce, tak jsou to lid\u00e9, kte\u0159\u00ed ud\u011blali maximum pro to, aby to fungovalo. Tak\u017ee tam j\u00e1 sp\u00ed\u0161 ten probl\u00e9m nespat\u0159uji.<\/p>\n<p><strong>Tak\u017ee si nemysl\u00edte, \u017ee ministr v demisi a v\u016fbec vl\u00e1da v demisi m\u011bla jednat v tomto ohledu o n\u011bco d\u0159\u00edv, proto\u017ee u\u017e od l\u00e9ta lo\u0148sk\u00e9ho roku bylo vcelku jasn\u00e9, i kdy\u017e se ministerstvo odvolalo, \u017ee antimonopoln\u00ed \u00fa\u0159ad m\u00e1 probl\u00e9m se smlouvou, kterou uzav\u0159elo ministerstvo s firmou Fujitsu?<\/strong><\/p>\n<p>No tak j\u00e1 si mysl\u00edm, \u017ee se tam jednalo, \u017ee jednal i pan ministr Kon\u00ed\u010dek a ud\u011blal v\u0161echno pro to, aby ta rozhodnut\u00ed padla a te\u010f si mysl\u00edm, \u017ee v nejbli\u017e\u0161\u00edch dnech maj\u00ed n\u011bjak\u00fdm zp\u016fsobem padnout rozhodnut\u00ed, kter\u00e9 se t\u00fdkaj\u00ed uzav\u0159en\u00ed t\u00e9 do\u010dasn\u00e9 smlouvy s OKsystemem. Tak\u017ee osobn\u011b si mysl\u00edm, \u017ee v tomhle sm\u011bru pan ministr Kon\u00ed\u010dek nechyboval.<\/p>\n<p><strong>zdrav\u00edm gener\u00e1ln\u00ed \u0159editelku \u00da\u0159adu pr\u00e1ce Marii B\u00edlkovou. Dobr\u00fd den.<\/strong><\/p>\n<p><strong> Pan\u00ed \u0159editelko, projevuj\u00ed se n\u011bjak v t\u011bchto dnech probl\u00e9my, kter\u00e9 by mohly b\u00fdt zp\u016fsoben\u00e9 p\u0159echodem na staronov\u00fd syst\u00e9m v\u00fdplaty d\u00e1vek?<\/strong><\/p>\n<p>Marie B\u00cdLKOV\u00c1:<br \/>\nMus\u00edm \u0159\u00edct, \u017ee na\u0161i lid\u00e9 se velmi rychle p\u0159izp\u016fsobili t\u011bm zv\u00fd\u0161en\u00fdm n\u00e1rok\u016fm, kter\u00e9 na n\u00e1s p\u0159inesl nov\u00fd rok a na pracovi\u0161t\u00edch je upraven provoz, je upraveno rozd\u011blen\u00ed pr\u00e1ce tak, aby bylo mo\u017en\u00e9 z\u00e1rove\u0148 obsluhovat v pot\u0159ebn\u00e9 m\u00ed\u0159e klienty a z\u00e1rove\u0148 se pro\u0161kolovat a nab\u00edhat na ten nov\u00fd syst\u00e9m. Tak\u017ee mus\u00edm \u0159\u00edct, \u017ee z tohoto hlediska situaci u\u017e m\u00e1me pevn\u011b v ruk\u00e1ch a zvl\u00e1d\u00e1me ji. V\u011bt\u0161\u00ed probl\u00e9my p\u0159in\u00e1\u0161\u00ed datum. Za\u010d\u00e1tek roku, za\u010d\u00e1tek m\u011bs\u00edce, kdy pochopiteln\u011b je spousta nov\u00fdch klient\u016f a tak\u00e9 za\u010d\u00e1tek \u010dtvrtlet\u00ed, kdy se pravideln\u011b p\u0159ehodnocuj\u00ed n\u011bkter\u00e9 typy soci\u00e1ln\u00edch d\u00e1vek, tak\u017ee ty n\u00e1valy, kter\u00e9 u n\u00e1s jsou, souvis\u00ed s t\u011bmito skute\u010dnostmi, nikoli s nov\u00fdmi informa\u010dn\u00edmi syst\u00e9my.<\/p>\n<p><strong>M\u00e1te u\u017e v ruce v\u0161echna data od firmy Fujitsu, kter\u00e1 jste m\u011bli sl\u00edben\u00e1, p\u0159edpokl\u00e1d\u00e1m, alespo\u0148 jsme se o tom tak bavili, do v\u010derej\u0161ka?<\/strong><\/p>\n<p>Ano, v\u010dera byla protokol\u00e1rn\u011b p\u0159edata data s t\u00edm, \u017ee se zat\u00edm sehr\u00e1vaj\u00ed, tak\u017ee nejsou je\u0161t\u011b v\u0161echna sehran\u00e1. Nev\u00edm, v jak\u00e9m jsou stavu, ale nem\u00e1m zat\u00edm d\u016fvod si myslet, \u017ee tam bude n\u011bco \u0161patn\u011b.<\/p>\n<p><strong>Co asi zaj\u00edm\u00e1 va\u0161e klienty p\u0159edev\u0161\u00edm, jestli p\u0159ece jen nehroz\u00ed zpo\u017ed\u011bn\u00ed n\u011bkter\u00fdch d\u00e1vek?<\/strong><\/p>\n<p>J\u00e1 mus\u00edm \u0159\u00edct, \u017ee pau\u0161\u00e1ln\u011b to ur\u010dit\u011b \u0159\u00edci nem\u016f\u017eeme, ale z\u00e1rove\u0148 nem\u016f\u017eeme vylou\u010dit to zpo\u017ed\u011bn\u00ed v \u0159\u00e1du n\u011bkolika dn\u016f, ale kdy\u017e \u0159\u00edk\u00e1m zpo\u017ed\u011bn\u00ed, tak mysl\u00edm oproti datu, na kter\u00e9 jsou ti lid\u00ed zvykl\u00ed. Z\u00e1konnou lh\u016ftu st\u00e1le p\u0159edpokl\u00e1d\u00e1me, \u017ee u v\u0161ech d\u00e1vek dodr\u017e\u00edme.<\/p>\n<p><strong>To znamen\u00e1?<\/strong><\/p>\n<p>Z\u00e1konn\u00e1 lh\u016fta je 30 dn\u016f.<\/p>\n<p><strong>Do 30 dn\u016f tedy v\u0161ichni dostanou d\u00e1vky, na kter\u00e9 maj\u00ed n\u00e1rok?<\/strong><\/p>\n<p>Ano, a je\u0161t\u011b bych tady cht\u011bla zd\u016fraznit, \u017ee tyto z\u00e1le\u017eitosti se v\u016fbec net\u00fdkaj\u00ed d\u00e1vek st\u00e1tn\u00ed soci\u00e1ln\u00ed podpory, typicky maminky na rodi\u010dovsk\u00e9 dovolen\u00e9, tak\u017ee tyto maminky se opravdu nemus\u00ed znepokojovat, na v\u00fdplat\u011b jejich d\u00e1vek se nem\u011bn\u00ed v\u016fbec nic.<\/p>\n<p><strong>Mluvila jsem se z\u0159ejm\u011b budouc\u00edm ministrem pr\u00e1ce a soci\u00e1ln\u00edch v\u011bc\u00ed. Co od n\u011bj o\u010dek\u00e1v\u00e1te vy v tomto ohledu, tedy co se t\u00fdk\u00e1 v\u00fdplaty soci\u00e1ln\u00edch d\u00e1vek a nov\u00e9ho syst\u00e9mu?<\/strong><\/p>\n<p>Tak j\u00e1 bych byla velmi r\u00e1da, kdyby do\u0161lo k tomu, kdyby pan ministr p\u0159ijal n\u011bkter\u00e1 doporu\u010den\u00ed, kter\u00e1 tady m\u00e1me p\u0159ipraven\u00e1 a jsou to syst\u00e9mov\u00e1 opat\u0159en\u00ed, kter\u00e1 by m\u011bla stabilizovat \u00fa\u0159ad pr\u00e1ce jako samostatn\u00fd \u00fa\u0159ad, schopn\u00fd plnit sv\u00e9 kompetence a kter\u00e1 by m\u011bla eliminovat rizika podobn\u00fdch krizov\u00fdch situac\u00ed do budoucna.<\/p>\n<p><strong>D\u011bkuji, na shledanou<\/strong><\/p>\n","protected":false},"excerpt":{"rendered":"<div class=\"mh-excerpt\"><p>Jak by na sou\u010dasnou kritickou situaci ve vypl\u00e1cen\u00ed d\u00e1vek reagoval kandid\u00e1t do veden\u00ed resortu pr\u00e1ce a soci\u00e1ln\u00edch v\u011bc\u00ed za \u010cSSD Petr Kr\u010d\u00e1l? Radio\u017eurn\u00e1l s n\u00edm <a class=\"mh-excerpt-more\" href=\"https:\/\/www.invarena.cz\/?p=14339\" title=\"Kr\u010d\u00e1l: Postupoval bych stejn\u011b\">[&#8230;]<\/a><\/p>\n<\/div>","protected":false},"author":1,"featured_media":3915,"comment_status":"open","ping_status":"closed","sticky":false,"template":"","format":"standard","meta":{"footnotes":""},"categories":[12],"tags":[],"class_list":["post-14339","post","type-post","status-publish","format-standard","has-post-thumbnail","hentry","category-rozhovory"],"_links":{"self":[{"href":"https:\/\/www.invarena.cz\/index.php?rest_route=\/wp\/v2\/posts\/14339","targetHints":{"allow":["GET"]}}],"collection":[{"href":"https:\/\/www.invarena.cz\/index.php?rest_route=\/wp\/v2\/posts"}],"about":[{"href":"https:\/\/www.invarena.cz\/index.php?rest_route=\/wp\/v2\/types\/post"}],"author":[{"embeddable":true,"href":"https:\/\/www.invarena.cz\/index.php?rest_route=\/wp\/v2\/users\/1"}],"replies":[{"embeddable":true,"href":"https:\/\/www.invarena.cz\/index.php?rest_route=%2Fwp%2Fv2%2Fcomments&post=14339"}],"version-history":[{"count":0,"href":"https:\/\/www.invarena.cz\/index.php?rest_route=\/wp\/v2\/posts\/14339\/revisions"}],"wp:featuredmedia":[{"embeddable":true,"href":"https:\/\/www.invarena.cz\/index.php?rest_route=\/wp\/v2\/media\/3915"}],"wp:attachment":[{"href":"https:\/\/www.invarena.cz\/index.php?rest_route=%2Fwp%2Fv2%2Fmedia&parent=14339"}],"wp:term":[{"taxonomy":"category","embeddable":true,"href":"https:\/\/www.invarena.cz\/index.php?rest_route=%2Fwp%2Fv2%2Fcategories&post=14339"},{"taxonomy":"post_tag","embeddable":true,"href":"https:\/\/www.invarena.cz\/index.php?rest_route=%2Fwp%2Fv2%2Ftags&post=14339"}],"curies":[{"name":"wp","href":"https:\/\/api.w.org\/{rel}","templated":true}]}}