{"id":14344,"date":"2014-01-20T11:41:36","date_gmt":"2014-01-20T10:41:36","guid":{"rendered":"http:\/\/www.invarena.cz\/?p=14344"},"modified":"2014-01-20T15:44:36","modified_gmt":"2014-01-20T14:44:36","slug":"urady-prace-pracovaly-se-systemem-vyplaty-davek-dva-roky-v-zkusebnim-provozu","status":"publish","type":"post","link":"https:\/\/www.invarena.cz\/?p=14344","title":{"rendered":"\u00da\u0159ady pr\u00e1ce pracovaly se syst\u00e9mem v\u00fdplaty d\u00e1vek ve zku\u0161ebn\u00edm provozu"},"content":{"rendered":"<p><strong>Nyn\u00ed vy\u0161lo najevo, \u017ee \u016f\u0159ady pr\u00e1ce provozovaly v posledn\u00edch dvou letech syst\u00e9m v\u00fdplaty d\u00e1vek v pilotn\u00edm re\u017eimu. P\u0159i takov\u00e9m re\u017eimu se obvykle zkou\u0161ej\u00ed nov\u00e9 postupy v mal\u00e9m rozsahu a na mal\u00e9m \u00fazem\u00ed. Syst\u00e9m v\u00fdplaty d\u00e1vek v\u0161ak \u00fa\u0159ady pr\u00e1ce testovaly celorepublikov\u011b.<\/strong><br \/>\n<!--more--><\/p>\n<p>V pilotn\u00edm re\u017eimu toti\u017e fungovaly nov\u00e9 aplikace firmy Fujitsu, kter\u00e9 \u00fa\u0159edn\u00edci p\u0159estali po z\u00e1kazu antimonopoln\u00edho \u00fa\u0159adu pou\u017e\u00edvat. Vypl\u00fdv\u00e1 to z p\u0159\u00edslu\u0161n\u00e9ho dodatku ke smlouv\u011b. Pilotn\u00ed provoz m\u011bl trvat od ledna 2012 a\u017e do konce lo\u0148sk\u00e9ho roku.<\/p>\n<p>Byl ve v\u0161ech \u00fa\u0159adech, \u00fa\u0159edn\u00edci z\u00e1lohu za &#8222;pilotovan\u00e9&#8220; programy nem\u011bli.<\/p>\n<p>P\u0159i pilotn\u00edm provozu \u010di v pilotn\u00edch projektech se zkou\u0161ej\u00ed nov\u00e9 postupy, metody a produkty. Testov\u00e1n\u00ed se prov\u00e1d\u00ed na men\u0161\u00edm po\u010dtu lid\u00ed \u010di na men\u0161\u00edm \u00fazem\u00ed, nap\u0159\u00edklad ve dvou okresech \u010di kraj\u00edch, ne\u017e se novinka zavede do praxe.<\/p>\n<p>Nov\u00e9 aplikace pro zpracov\u00e1n\u00ed agendy hmotn\u00e9 nouze, zam\u011bstnanosti, soci\u00e1ln\u00edch slu\u017eeb, zdravotn\u011b posti\u017een\u00fdch a ve\u0159ejn\u00e9 slu\u017eby se zavedly do v\u0161ech \u00fa\u0159ad\u016f pr\u00e1ce v zemi. Podle dodatku ke smlouv\u011b byl provoz pilotn\u00ed.<\/p>\n<p><strong>Ministerstvo pr\u00e1ce nov\u00fd syst\u00e9m pro \u00fa\u0159ady pr\u00e1ce nepo\u0159\u00eddilo v tendru<\/strong><\/p>\n<p>Rozhodnut\u00ed n\u011bkdej\u0161\u00edho veden\u00ed Ministerstva pr\u00e1ce a soci\u00e1ln\u00edch v\u011bc\u00ed v \u010dele s Jarom\u00edrem Dr\u00e1bkem (TOP 09) o p\u0159echodu na nov\u00e9 aplikace ozna\u010dila gener\u00e1ln\u00ed \u0159editelka \u00da\u0159adu pr\u00e1ce Marie B\u00edlkov\u00e1 za chybu, za kterou nyn\u00ed znovu po dvou letech plat\u00ed klienti i \u00fa\u0159edn\u00edci. Po zaveden\u00ed syst\u00e9m nefungoval, \u00fa\u0159edn\u00edci museli pracovat p\u0159es\u010das, v \u00fa\u0159adech byly fronty.<\/p>\n<p>&#8222;Tehdej\u0161\u00ed veden\u00ed ministerstva se rozhodlo v roce 2012 nahradit l\u00e9ta funguj\u00edc\u00ed a v praxi ov\u011b\u0159en\u00e9 programy s mnohem v\u011bt\u0161\u00edm z\u00e1b\u011brem hybridn\u00edm modelem podpory v\u00fdplaty soci\u00e1ln\u00edch d\u00e1vek. Bez jak\u00e9koli p\u0159\u00edpravy a zku\u0161ebn\u00edho provozu,&#8220; uvedla p\u0159ed p\u00e1r dny B\u00edlkov\u00e1.<\/p>\n<p>Ministerstvo pr\u00e1ce nov\u00fd syst\u00e9m pro \u00fa\u0159ady pr\u00e1ce nepo\u0159\u00eddilo v tendru, p\u0159ipojilo se jen k r\u00e1mcov\u00e9 smlouv\u011b Ministerstva vnitra s firmou Fujitsu. Podle antimonopoln\u00edho \u00fa\u0159adu tak resorty poru\u0161ily z\u00e1kon o ve\u0159ejn\u00fdch zak\u00e1zk\u00e1ch, \u00fa\u0159ad tak zak\u00e1zal aplikace k 28. prosinci pou\u017e\u00edvat. \u00da\u0159edn\u00edci te\u010f tedy pln\u011b p\u0159ech\u00e1zej\u00ed na p\u016fvodn\u00ed programy od firmy OKsystem.<\/p>\n<p><strong>Vnitro uzav\u0159elo r\u00e1mcovou smlouvu v prosinci 2008<\/strong><\/p>\n<p>Zak\u00e1zan\u00fd smluvn\u00ed dodatek \u010d\u00edslo 6 se t\u00fdk\u00e1 aplikac\u00ed od firmy Fujitsu pro zpracov\u00e1n\u00ed agendy hmotn\u00e9 nouze, zam\u011bstnanosti, soci\u00e1ln\u00edch slu\u017eeb, zdravotn\u011b posti\u017een\u00fdch a ve\u0159ejn\u00e9 slu\u017eby. Pilotn\u00ed provoz zahrnuje provozn\u00ed podporu aplikac\u00ed, kter\u00e9 obsahuj\u00ed t\u0159eba \u0159\u00edzen\u00ed o \u017e\u00e1dostech o p\u0159\u00edsp\u011bvek na p\u00e9\u010di, posuzov\u00e1n\u00ed n\u00e1roku na n\u011bj, \u010derp\u00e1n\u00ed d\u00e1vky, dota\u010dn\u00ed \u0159\u00edzen\u00ed pro soci\u00e1ln\u00ed slu\u017eby, rozhodov\u00e1n\u00ed o podpo\u0159e v nezam\u011bstnanosti, \u010derp\u00e1n\u00ed p\u0159\u00edsp\u011bvk\u016f na zapracov\u00e1n\u00ed \u010di z\u0159\u00edzen\u00ed chr\u00e1n\u011bn\u00fdch m\u00edst, rekvalifikace, investi\u010dn\u00ed pob\u00eddky, evidenci uchaze\u010d\u016f o pr\u00e1ci, p\u0159\u00edsp\u011bvky na mobilitu pro posti\u017een\u00e9, \u017e\u00e1dosti o d\u00e1vky v hmotn\u00e9 nouzi i jejich \u010derp\u00e1n\u00ed. Podpora spo\u010d\u00edv\u00e1 v instalaci, veden\u00ed dokumentace, dohledu, spr\u00e1v\u011b a z\u00e1lohov\u00e1n\u00ed.<\/p>\n<p>Vnitro uzav\u0159elo r\u00e1mcovou smlouvu v prosinci 2008. M\u011bla platit p\u011bt let. Prov\u00e1d\u011bc\u00ed smlouva pro Ministerstvo pr\u00e1ce a soci\u00e1ln\u00edch v\u011bc\u00ed se podepisovala koncem \u010dervna 2011, platn\u00e1 byla od p\u016flky \u010dervence. Podle n\u00ed m\u011blo Ministerstvo pr\u00e1ce a soci\u00e1ln\u00edch v\u011bc\u00ed zaplatit za produkty firmy Fujitsu Technology Solutions zhruba 3,71 milionu eur bez DPH za rok (v dob\u011b uzav\u0159en\u00ed smlouvy 90,34 milionu korun), s dan\u00ed pak 4,45 milionu eur (v dob\u011b uzav\u0159en\u00ed smlouvy 108,26 milionu korun). Faktura se m\u011bla hradit v ro\u010dn\u00edch spl\u00e1tk\u00e1ch. Ceny se p\u0159epo\u010d\u00edtaly na koruny podle kurzu ke dni fakturov\u00e1n\u00ed. Slu\u017eby &#8211; pomoc p\u0159i zav\u00e1d\u011bn\u00ed aplikac\u00ed &#8211; m\u011bly podle prov\u00e1d\u011bc\u00ed smlouvy st\u00e1t zhruba 108 milion\u016f korun.<\/p>\n<p>Parlamentnilisty.cz<\/p>\n<p><em>ilustra\u010dn\u00ed foto:\u00a0 PhotoRack<\/em><\/p>\n","protected":false},"excerpt":{"rendered":"<div class=\"mh-excerpt\"><p>Nyn\u00ed vy\u0161lo najevo, \u017ee \u016f\u0159ady pr\u00e1ce provozovaly v posledn\u00edch dvou letech syst\u00e9m v\u00fdplaty d\u00e1vek v pilotn\u00edm re\u017eimu. P\u0159i takov\u00e9m re\u017eimu se obvykle zkou\u0161ej\u00ed nov\u00e9 postupy <a class=\"mh-excerpt-more\" href=\"https:\/\/www.invarena.cz\/?p=14344\" title=\"\u00da\u0159ady pr\u00e1ce pracovaly se syst\u00e9mem v\u00fdplaty d\u00e1vek ve zku\u0161ebn\u00edm provozu\">[&#8230;]<\/a><\/p>\n<\/div>","protected":false},"author":1,"featured_media":14065,"comment_status":"open","ping_status":"closed","sticky":false,"template":"","format":"standard","meta":{"footnotes":""},"categories":[6],"tags":[],"class_list":["post-14344","post","type-post","status-publish","format-standard","has-post-thumbnail","hentry","category-politika"],"_links":{"self":[{"href":"https:\/\/www.invarena.cz\/index.php?rest_route=\/wp\/v2\/posts\/14344","targetHints":{"allow":["GET"]}}],"collection":[{"href":"https:\/\/www.invarena.cz\/index.php?rest_route=\/wp\/v2\/posts"}],"about":[{"href":"https:\/\/www.invarena.cz\/index.php?rest_route=\/wp\/v2\/types\/post"}],"author":[{"embeddable":true,"href":"https:\/\/www.invarena.cz\/index.php?rest_route=\/wp\/v2\/users\/1"}],"replies":[{"embeddable":true,"href":"https:\/\/www.invarena.cz\/index.php?rest_route=%2Fwp%2Fv2%2Fcomments&post=14344"}],"version-history":[{"count":0,"href":"https:\/\/www.invarena.cz\/index.php?rest_route=\/wp\/v2\/posts\/14344\/revisions"}],"wp:featuredmedia":[{"embeddable":true,"href":"https:\/\/www.invarena.cz\/index.php?rest_route=\/wp\/v2\/media\/14065"}],"wp:attachment":[{"href":"https:\/\/www.invarena.cz\/index.php?rest_route=%2Fwp%2Fv2%2Fmedia&parent=14344"}],"wp:term":[{"taxonomy":"category","embeddable":true,"href":"https:\/\/www.invarena.cz\/index.php?rest_route=%2Fwp%2Fv2%2Fcategories&post=14344"},{"taxonomy":"post_tag","embeddable":true,"href":"https:\/\/www.invarena.cz\/index.php?rest_route=%2Fwp%2Fv2%2Ftags&post=14344"}],"curies":[{"name":"wp","href":"https:\/\/api.w.org\/{rel}","templated":true}]}}