{"id":14345,"date":"2014-01-09T17:07:18","date_gmt":"2014-01-09T16:07:18","guid":{"rendered":"http:\/\/www.invarena.cz\/?p=14345"},"modified":"2014-01-10T10:39:03","modified_gmt":"2014-01-10T09:39:03","slug":"matka-je-na-voziku-mame-narok-na-prispevek-na-auto","status":"publish","type":"post","link":"https:\/\/www.invarena.cz\/?p=14345","title":{"rendered":"Matka je na voz\u00edku. M\u00e1me n\u00e1rok na p\u0159\u00edsp\u011bvek na auto?"},"content":{"rendered":"<p><strong>DOTAZ: Cht\u011bla bych se zeptat, zda moje maminka m\u00e1 n\u00e1rok na p\u0159\u00edsp\u011bvek na auto. Na soci\u00e1lce j\u00ed \u0159ekli, \u017ee mus\u00ed ka\u017ed\u00fd den jezdit k l\u00e9ka\u0159i. Maminka je p\u0159es dvacet let na voz\u00edku, proto\u017ee j\u00ed v nemocnici poranili m\u00edchu.<\/strong><br \/>\n<!--more--><\/p>\n<p><strong>P\u0159ed rokem a p\u016fl n\u00e1m na \u00fa\u0159ad\u011b \u0159ekli, \u017ee na p\u0159\u00edsp\u011bvek n\u00e1rok nem\u00e1me. Pora\u010fte pros\u00edm, jestli to m\u00e1me znovu zkou\u0161et?<\/strong><\/p>\n<p>&nbsp;<\/p>\n<p><strong>ODPOV\u011a\u010e<\/strong>:<br \/>\nNed\u00e1 se jednozna\u010dn\u011b \u0159\u00edci, zda na p\u0159\u00edsp\u011bvek n\u00e1rok m\u00e1te \u010di ne. To, \u017ee je osoba, kter\u00e1 si \u017e\u00e1d\u00e1 o p\u0159\u00edsp\u011bvek na voz\u00edku, je\u0161t\u011b automaticky neznamen\u00e1, \u017ee m\u00e1 n\u00e1rok na p\u0159\u00edsp\u011bvek. Velice z\u00e1le\u017e\u00ed na celkov\u00e9m zdravotn\u00edm stavu a posouzen\u00ed LPS.<\/p>\n<p><strong>Kdo m\u00e1 n\u00e1rok na p\u0159\u00edsp\u011bvek na motorov\u00e9 vozidlo?<\/strong><\/p>\n<p>N\u00e1rok na p\u0159\u00edsp\u011bvek na zvl\u00e1\u0161tn\u00ed pom\u016fcku poskytovan\u00fd na po\u0159\u00edzen\u00ed motorov\u00e9ho vozidla m\u00e1 osoba, kter\u00e1 m\u00e1 t\u011b\u017ekou vadu nosn\u00e9ho nebo pohybov\u00e9ho \u00fastroj\u00ed anebo t\u011b\u017ekou nebo hlubokou ment\u00e1ln\u00ed retardaci charakteru dlouhodob\u011b nep\u0159\u00edzniv\u00e9ho zdravotn\u00edho stavu, a jej\u00ed zdravotn\u00ed stav nevylu\u010duje p\u0159izn\u00e1n\u00ed tohoto p\u0159\u00edsp\u011bvku.<\/p>\n<p><strong>Co je to dlouhodob\u011b nep\u0159\u00edzniv\u00fd zdravotn\u00ed stav?<\/strong><\/p>\n<p>Za dlouhodob\u011b nep\u0159\u00edzniv\u00fd zdravotn\u00ed stav se pro \u00fa\u010dely tohoto z\u00e1kona pova\u017euje nep\u0159\u00edzniv\u00fd zdravotn\u00ed stav, kter\u00fd podle poznatk\u016f l\u00e9ka\u0159sk\u00e9 v\u011bdy trv\u00e1 nebo m\u00e1 trvat d\u00e9le ne\u017e 1 rok.<\/p>\n<h3><strong>Shrnut\u00ed<\/strong><\/h3>\n<p>V p\u0159\u00edpad\u011b Va\u0161\u00ed matky se jedn\u00e1 o t\u011b\u017ekou vadu nosn\u00e9ho nebo pohybov\u00e9ho \u00fastroj\u00ed. Pokud m\u00e1 Va\u0161e matka m\u00edt n\u00e1rok na p\u0159\u00edsp\u011bvek m\u011bla by m\u00edt n\u00e1sleduj\u00edc\u00ed zdravotn\u00ed probl\u00e9my:<\/p>\n<p>&#8211;<strong> Ztuhnut\u00ed v\u0161ech \u00fasek\u016f p\u00e1te\u0159e<\/strong> s t\u011b\u017ek\u00fdm omezen\u00edm pohyblivosti alespo\u0148 dvou nosn\u00fdch kloub\u016f doln\u00edch kon\u010detin.<\/p>\n<p>&#8211; <strong>T\u011b\u017ek\u00e9 funk\u010dn\u00ed poruchy pohyblivosti<\/strong> na z\u00e1klad\u011b posti\u017een\u00ed t\u0159\u00ed a v\u00edce funk\u010dn\u00edch celk\u016f pohybov\u00e9ho \u00fastroj\u00ed s p\u0159\u00edpadnou odk\u00e1zanost\u00ed na voz\u00edk pro invalidy; funk\u010dn\u00edm celkem se p\u0159itom rozum\u00ed trup, p\u00e1nev, kon\u010detina.<\/p>\n<p>Cel\u00fd p\u0159\u00edpad m\u016f\u017ee posoudit pouze l\u00e9ka\u0159<strong> l\u00e9ka\u0159sk\u00e9 posudkov\u00e9 slu\u017eby<\/strong> okresn\u00ed spr\u00e1vy soci\u00e1ln\u00edho zabezpe\u010den\u00ed. Z uveden\u00e9ho z\u00e1kona se v\u0161ak d\u00e1 usuzovat, \u017ee n\u00e1rok na p\u0159\u00edsp\u011bvek na auto by pro Va\u0161i maminku nemuselo b\u00fdt nere\u00e1ln\u00e9 z\u00edskat.<\/p>\n<p>Ji\u0159\u00ed Marek<br \/>\ninvArena<\/p>\n","protected":false},"excerpt":{"rendered":"<div class=\"mh-excerpt\"><p>DOTAZ: Cht\u011bla bych se zeptat, zda moje maminka m\u00e1 n\u00e1rok na p\u0159\u00edsp\u011bvek na auto. Na soci\u00e1lce j\u00ed \u0159ekli, \u017ee mus\u00ed ka\u017ed\u00fd den jezdit k l\u00e9ka\u0159i. <a class=\"mh-excerpt-more\" href=\"https:\/\/www.invarena.cz\/?p=14345\" title=\"Matka je na voz\u00edku. M\u00e1me n\u00e1rok na p\u0159\u00edsp\u011bvek na auto?\">[&#8230;]<\/a><\/p>\n<\/div>","protected":false},"author":3,"featured_media":12118,"comment_status":"open","ping_status":"closed","sticky":false,"template":"","format":"standard","meta":{"footnotes":""},"categories":[18],"tags":[],"class_list":["post-14345","post","type-post","status-publish","format-standard","has-post-thumbnail","hentry","category-poradna"],"_links":{"self":[{"href":"https:\/\/www.invarena.cz\/index.php?rest_route=\/wp\/v2\/posts\/14345","targetHints":{"allow":["GET"]}}],"collection":[{"href":"https:\/\/www.invarena.cz\/index.php?rest_route=\/wp\/v2\/posts"}],"about":[{"href":"https:\/\/www.invarena.cz\/index.php?rest_route=\/wp\/v2\/types\/post"}],"author":[{"embeddable":true,"href":"https:\/\/www.invarena.cz\/index.php?rest_route=\/wp\/v2\/users\/3"}],"replies":[{"embeddable":true,"href":"https:\/\/www.invarena.cz\/index.php?rest_route=%2Fwp%2Fv2%2Fcomments&post=14345"}],"version-history":[{"count":0,"href":"https:\/\/www.invarena.cz\/index.php?rest_route=\/wp\/v2\/posts\/14345\/revisions"}],"wp:featuredmedia":[{"embeddable":true,"href":"https:\/\/www.invarena.cz\/index.php?rest_route=\/wp\/v2\/media\/12118"}],"wp:attachment":[{"href":"https:\/\/www.invarena.cz\/index.php?rest_route=%2Fwp%2Fv2%2Fmedia&parent=14345"}],"wp:term":[{"taxonomy":"category","embeddable":true,"href":"https:\/\/www.invarena.cz\/index.php?rest_route=%2Fwp%2Fv2%2Fcategories&post=14345"},{"taxonomy":"post_tag","embeddable":true,"href":"https:\/\/www.invarena.cz\/index.php?rest_route=%2Fwp%2Fv2%2Ftags&post=14345"}],"curies":[{"name":"wp","href":"https:\/\/api.w.org\/{rel}","templated":true}]}}