{"id":14397,"date":"2014-01-14T11:37:56","date_gmt":"2014-01-14T10:37:56","guid":{"rendered":"http:\/\/www.invarena.cz\/?p=14397"},"modified":"2014-01-15T09:40:11","modified_gmt":"2014-01-15T08:40:11","slug":"proklete-mpsv-krcal-ministrem-nebude","status":"publish","type":"post","link":"https:\/\/www.invarena.cz\/?p=14397","title":{"rendered":"Proklet\u00e9 MPSV, Kr\u010d\u00e1l ministrem nebude"},"content":{"rendered":"<p><strong>Petr Kr\u010d\u00e1l se m\u011bl st\u00e1t nov\u00fdm ministrem pr\u00e1ce a soci\u00e1ln\u00edch v\u011bc\u00ed. S\u00e1m se v\u0161ak postu vzdal. Jako d\u016fvod uvedl rodinnou trag\u00e9dii. Nov\u00e9 jm\u00e9no bude do konce t\u00fddne.<\/strong><br \/>\n<!--more--><\/p>\n<p>O MPSV u\u017e se mus\u00ed budouc\u00edmu premi\u00e9rovi Bohuslavu Sobotkovi snad i zd\u00e1t. Na hork\u00e9 k\u0159eslo ministra pr\u00e1ce a soci\u00e1ln\u00edch v\u011bc\u00ed se toti\u017e zrovna nikdo moc ne\u017eene. U\u017e to vypadalo, \u017ee Petr Kr\u010d\u00e1l by mohl obsadit tak problematick\u00e9 m\u00edsto. S\u00e1m se v\u0161ak postu ministra vzdal.<\/p>\n<p>\u201eVzd\u00e1v\u00e1m se nominace na post ministra pr\u00e1ce a soci\u00e1ln\u00edch v\u011bc\u00ed. D\u016fvodem je tragick\u00e1 smrt bratra Ji\u0159\u00edho, kter\u00e1 velmi zas\u00e1hla moji rodinu,\u201d uvedl Kr\u010d\u00e1l v prohl\u00e1\u0161en\u00ed s t\u00edm, \u017ee se mus\u00ed v\u011bnovat jak rodi\u010d\u016fm, kte\u0159\u00ed vy\u017eaduj\u00ed zv\u00fd\u0161enou zdravotn\u00ed p\u00e9\u010di, tak sv\u00e9 man\u017eelce, kter\u00e1 se zotavuje z onkologick\u00e9 l\u00e9\u010dby.<\/p>\n<p>\u201eS ohledem na sled ud\u00e1lost\u00ed posledn\u00edch dn\u016f v\u0161ak nemohu jednat jinak. Touto cestou se z\u00e1rove\u0148 omlouv\u00e1m budouc\u00edmu p\u0159edsedovi vl\u00e1dy Bohuslavu Sobotkovi a v\u0161em ob\u010dan\u016fm na\u0161\u00ed zem\u011b za zp\u016fsoben\u00e9 komplikace,\u201d napsal Kr\u010d\u00e1l v prohl\u00e1\u0161en\u00ed.<\/p>\n<p>Bohuslav Sobotka jeho d\u016fvody akceptuje, proto\u017ee podle n\u011bj je d\u016fle\u017eit\u00e9, aby se nov\u00fd ministr v\u011bnoval sv\u00e9mu resortu s nejvy\u0161\u0161\u00edm nasazen\u00edm a v p\u0159\u00edpad\u011b MPSV to plat\u00ed dvojn\u00e1sob.<\/p>\n<p>Nov\u00fd kandid\u00e1t na post ministra pr\u00e1ce a soci\u00e1ln\u00edch v\u011bc\u00ed by m\u011bl b\u00fdt zve\u0159ejn\u011bn do konce t\u00fddne. Sobotku ale \u010dek\u00e1 t\u011b\u017ek\u00e9 vyb\u00edr\u00e1n\u00ed, proto\u017ee se na post nikdo ne\u017eene.<\/p>\n<p>P\u016fvodn\u011b m\u011bl b\u00fdt ministrem pr\u00e1ce a soci\u00e1ln\u00edch v\u011bc\u00ed politicky zku\u0161en\u00fd Vladim\u00edr \u0160pidla, Sobotka z n\u011bj ale chce m\u00edt \u0161\u00e9fa sv\u00fdch poradc\u016f. Roman Sklen\u00e1k zase dal p\u0159ednost poslaneck\u00e9mu postu, mo\u017en\u00e1, \u017ee ale sv\u00e9 rozhodnut\u00ed p\u0159ehodnot\u00ed a bude to on, kdo obsad\u00ed to pomysln\u00e9 \u201ez\u00e1ho\u0159ovo lo\u017ee\u201c.<\/p>\n<p>Ji\u0159\u00ed Marek<br \/>\ninvArena<\/p>\n","protected":false},"excerpt":{"rendered":"<div class=\"mh-excerpt\"><p>Petr Kr\u010d\u00e1l se m\u011bl st\u00e1t nov\u00fdm ministrem pr\u00e1ce a soci\u00e1ln\u00edch v\u011bc\u00ed. S\u00e1m se v\u0161ak postu vzdal. Jako d\u016fvod uvedl rodinnou trag\u00e9dii. Nov\u00e9 jm\u00e9no bude do <a class=\"mh-excerpt-more\" href=\"https:\/\/www.invarena.cz\/?p=14397\" title=\"Proklet\u00e9 MPSV, Kr\u010d\u00e1l ministrem nebude\">[&#8230;]<\/a><\/p>\n<\/div>","protected":false},"author":3,"featured_media":14358,"comment_status":"open","ping_status":"closed","sticky":false,"template":"","format":"standard","meta":{"footnotes":""},"categories":[6,9],"tags":[],"class_list":["post-14397","post","type-post","status-publish","format-standard","has-post-thumbnail","hentry","category-politika","category-zpravy"],"_links":{"self":[{"href":"https:\/\/www.invarena.cz\/index.php?rest_route=\/wp\/v2\/posts\/14397","targetHints":{"allow":["GET"]}}],"collection":[{"href":"https:\/\/www.invarena.cz\/index.php?rest_route=\/wp\/v2\/posts"}],"about":[{"href":"https:\/\/www.invarena.cz\/index.php?rest_route=\/wp\/v2\/types\/post"}],"author":[{"embeddable":true,"href":"https:\/\/www.invarena.cz\/index.php?rest_route=\/wp\/v2\/users\/3"}],"replies":[{"embeddable":true,"href":"https:\/\/www.invarena.cz\/index.php?rest_route=%2Fwp%2Fv2%2Fcomments&post=14397"}],"version-history":[{"count":0,"href":"https:\/\/www.invarena.cz\/index.php?rest_route=\/wp\/v2\/posts\/14397\/revisions"}],"wp:featuredmedia":[{"embeddable":true,"href":"https:\/\/www.invarena.cz\/index.php?rest_route=\/wp\/v2\/media\/14358"}],"wp:attachment":[{"href":"https:\/\/www.invarena.cz\/index.php?rest_route=%2Fwp%2Fv2%2Fmedia&parent=14397"}],"wp:term":[{"taxonomy":"category","embeddable":true,"href":"https:\/\/www.invarena.cz\/index.php?rest_route=%2Fwp%2Fv2%2Fcategories&post=14397"},{"taxonomy":"post_tag","embeddable":true,"href":"https:\/\/www.invarena.cz\/index.php?rest_route=%2Fwp%2Fv2%2Ftags&post=14397"}],"curies":[{"name":"wp","href":"https:\/\/api.w.org\/{rel}","templated":true}]}}