{"id":14425,"date":"2014-01-15T21:57:11","date_gmt":"2014-01-15T20:57:11","guid":{"rendered":"http:\/\/www.invarena.cz\/?p=14425"},"modified":"2014-01-17T16:34:45","modified_gmt":"2014-01-17T15:34:45","slug":"kdo-jsou-kandidati-na-ministra-prace-a-socialnich-veci","status":"publish","type":"post","link":"https:\/\/www.invarena.cz\/?p=14425","title":{"rendered":"Kdo jsou kandid\u00e1ti na ministra pr\u00e1ce a soci\u00e1ln\u00edch v\u011bc\u00ed?"},"content":{"rendered":"<p><strong>Nov\u00e9 jm\u00e9no na post ministra pr\u00e1ce a soci\u00e1ln\u00edch v\u011bc\u00ed chce soci\u00e1ln\u00ed demokracie ozn\u00e1mit do konce t\u00fddne. Bohuslav Sobotka m\u00e1 podle sv\u00fdch slov v hlav\u011b t\u0159i jm\u00e9na. Jak\u00e1 to jsou, ale taj\u00ed. S kandid\u00e1ty se chce nejd\u0159\u00edv setkat. Podle kulo\u00e1rn\u00edch informac\u00ed by ministrem mohla b\u00fdt \u017eena.<\/strong> <!--more--><\/p>\n<p>&nbsp;<\/p>\n<p>Petr Kr\u010d\u00e1l na post ministra pr\u00e1ce rezignoval. \u0160\u00e9f \u010cSSD Bohuslav Sobotka tak mus\u00ed znovu hledat vhodn\u00e9ho \u010dlov\u011bka, s jeho\u017e jmenov\u00e1n\u00edm by mu ned\u011blal velk\u00e9 probl\u00e9my prezident Milo\u0161 Zeman.<\/p>\n<p>Jedn\u00edm z adept\u016f je p\u0159edseda poslaneck\u00e9ho klubu \u010cSSD Roman Sklen\u00e1k, se kter\u00fdm se ji\u017e v minul\u00fdch t\u00fddnech jako o v\u00e1\u017en\u00e9m kandid\u00e1tovi uva\u017eovalo spolu s Kr\u010d\u00e1lem a expremi\u00e9rem \u0160pidlou. Ten bude \u0161\u00e9fovat Sobotkovu t\u00fdmu poradc\u016f.<\/p>\n<p>Sklen\u00e1k se v\u0161ak ji\u017e nechal znovu sly\u0161et, \u017ee by rad\u011bji z\u016fstal v pozici p\u0159edsedy poslaneck\u00e9ho klubu. Aby \u0161el d\u011blat ministra, musel by ho Sobotka hodn\u011b p\u0159emlouvat.<\/p>\n<p>Do vl\u00e1dy by se ale mohla dostat i \u017eena. Sobotka u\u017e d\u0159\u00edv uva\u017eoval o n\u00e1m\u011bstkyni jiho\u010desk\u00e9ho hejtmana Ivan\u011b Str\u00e1sk\u00e9 nebo zl\u00ednsk\u00e9 radn\u00ed pro soci\u00e1ln\u00ed v\u011bci, n\u00e1rodnostn\u00ed ot\u00e1zky a men\u0161iny Ta\u0165\u00e1n\u011b Valentov\u00e9 Nersesjan.<\/p>\n<p>Kartami by mohla ale tak\u00e9 zam\u00edchat odborn\u00e1 mluv\u010d\u00ed \u010cSSD pro rodinu Michaela Marksov\u00e1 Tominov\u00e1. Ta do roku 2006 na ministerstvu pr\u00e1ce p\u016fsobila jako \u0159editelka odboru.<\/p>\n<p>invArena<\/p>\n<p>&nbsp;<\/p>\n","protected":false},"excerpt":{"rendered":"<div class=\"mh-excerpt\"><p>Nov\u00e9 jm\u00e9no na post ministra pr\u00e1ce a soci\u00e1ln\u00edch v\u011bc\u00ed chce soci\u00e1ln\u00ed demokracie ozn\u00e1mit do konce t\u00fddne. Bohuslav Sobotka m\u00e1 podle sv\u00fdch slov v hlav\u011b t\u0159i <a class=\"mh-excerpt-more\" href=\"https:\/\/www.invarena.cz\/?p=14425\" title=\"Kdo jsou kandid\u00e1ti na ministra pr\u00e1ce a soci\u00e1ln\u00edch v\u011bc\u00ed?\">[&#8230;]<\/a><\/p>\n<\/div>","protected":false},"author":1,"featured_media":1226,"comment_status":"open","ping_status":"closed","sticky":false,"template":"","format":"standard","meta":{"footnotes":""},"categories":[6,9],"tags":[],"class_list":["post-14425","post","type-post","status-publish","format-standard","has-post-thumbnail","hentry","category-politika","category-zpravy"],"_links":{"self":[{"href":"https:\/\/www.invarena.cz\/index.php?rest_route=\/wp\/v2\/posts\/14425","targetHints":{"allow":["GET"]}}],"collection":[{"href":"https:\/\/www.invarena.cz\/index.php?rest_route=\/wp\/v2\/posts"}],"about":[{"href":"https:\/\/www.invarena.cz\/index.php?rest_route=\/wp\/v2\/types\/post"}],"author":[{"embeddable":true,"href":"https:\/\/www.invarena.cz\/index.php?rest_route=\/wp\/v2\/users\/1"}],"replies":[{"embeddable":true,"href":"https:\/\/www.invarena.cz\/index.php?rest_route=%2Fwp%2Fv2%2Fcomments&post=14425"}],"version-history":[{"count":0,"href":"https:\/\/www.invarena.cz\/index.php?rest_route=\/wp\/v2\/posts\/14425\/revisions"}],"wp:featuredmedia":[{"embeddable":true,"href":"https:\/\/www.invarena.cz\/index.php?rest_route=\/wp\/v2\/media\/1226"}],"wp:attachment":[{"href":"https:\/\/www.invarena.cz\/index.php?rest_route=%2Fwp%2Fv2%2Fmedia&parent=14425"}],"wp:term":[{"taxonomy":"category","embeddable":true,"href":"https:\/\/www.invarena.cz\/index.php?rest_route=%2Fwp%2Fv2%2Fcategories&post=14425"},{"taxonomy":"post_tag","embeddable":true,"href":"https:\/\/www.invarena.cz\/index.php?rest_route=%2Fwp%2Fv2%2Ftags&post=14425"}],"curies":[{"name":"wp","href":"https:\/\/api.w.org\/{rel}","templated":true}]}}