{"id":14453,"date":"2014-01-19T08:34:22","date_gmt":"2014-01-19T07:34:22","guid":{"rendered":"http:\/\/www.invarena.cz\/?p=14453"},"modified":"2014-10-20T20:04:00","modified_gmt":"2014-10-20T18:04:00","slug":"mam-vyhodu-ze-publikum-nevidim-vnimam-jen-atmosferu","status":"publish","type":"post","link":"https:\/\/www.invarena.cz\/?p=14453","title":{"rendered":"M\u00e1m v\u00fdhodu, \u017ee publikum nevid\u00edm. Vn\u00edm\u00e1m jen atmosf\u00e9ru"},"content":{"rendered":"<p><strong>Radek \u017dalud zvl\u00e1d\u00e1 i 20 koncert\u016f za m\u011bs\u00edc. R\u00e1d si po\u0159izuje technologick\u00e9 novinky, pl\u00e1nuje rodinu a \u0159\u00edk\u00e1: &#8222;Prost\u011b jsem \u0159\u00edzen\u00edm osudu ztratil mo\u017enost vid\u011bt a nic s t\u00edm neud\u011bl\u00e1m.&#8220;<!--more--><\/strong><\/p>\n<p>&nbsp;<\/p>\n<p>\u010cESK\u00c9 BUD\u011aJOVICE Radek \u017dalud (28 let) m\u00ed\u0159\u00ed na nat\u00e1\u010den\u00ed Po\u0161ty pro Tebe do pra\u017esk\u00e9ho televizn\u00edho studia. S kamar\u00e1dem, slovensk\u00fdm zp\u011bv\u00e1kem Maro\u0161em Bangem tam pozvali \u017eenu, kter\u00e1 je sezn\u00e1mila, a oni u\u017e spolu nato\u010dili n\u011bkolik duet\u016f. Tr\u00e9mu nem\u00e1, p\u0159i koncertech s Danem Landou si zvykl vystupovat p\u0159ed tis\u00edcovkami div\u00e1k\u016f.<\/p>\n<p>&#8222;M\u00e1m v\u00fdhodu, \u017ee ty davy nevid\u00edm, jen vn\u00edm\u00e1m atmosf\u00e9ru,&#8220; sm\u011bje se Radek, kter\u00fd je od narozen\u00ed slep\u00fd.<\/p>\n<p>&#8222;Narodil jsem se v sedmi m\u011bs\u00edc\u00edch a v inkub\u00e1toru mi podle doktor\u016f sp\u00e1lili s\u00edtnici. Jo, ob\u010das vid\u00edm n\u011bjak\u00e9 z\u00e1blesky sv\u011btla, ale to si p\u0159edt\u00edm mus\u00edm d\u00e1t p\u00e1r becherovek,&#8220; konstatuje bez zn\u00e1mky ho\u0159kosti.<\/p>\n<p>Na setk\u00e1n\u00ed v Masn\u00fdch kr\u00e1mech ho sice autem p\u0159ivezl tat\u00ednek Ji\u0159\u00ed, ale jinak cestuje po cel\u00e9 republice autobusy a vlaky v\u011bt\u0161inou s\u00e1m. Pokud vyr\u00e1\u017e\u00ed na n\u011bjak\u00e9 vystoupen\u00ed, plat\u00ed si asistentku, kter\u00e1 mu t\u0159eba vy\u017eehl\u00ed ko\u0161ili nebo sako a doprovod\u00ed ho na p\u00f3dium.<\/p>\n<p><strong>Radek se za b\u00edlou h\u016fl nestyd\u00ed.<\/strong><\/p>\n<p>&#8222;Prost\u011b jsem \u0159\u00edzen\u00edm osudu ztratil mo\u017enost vid\u011bt a nic s t\u00edm neud\u011bl\u00e1m. Musel jsem se proto nau\u010dit v tomhle sv\u011bt\u011b vid\u00edc\u00edch orientovat co nejl\u00e9pe,&#8220; dod\u00e1v\u00e1.<\/p>\n<p>Vz\u00e1p\u011bt\u00ed se pochlub\u00ed nejnov\u011bj\u0161\u00edm dotykov\u00fdm telefonem, s n\u00edm pracuje daleko rychleji ne\u017e j\u00e1. Ten mu \u0159ekne, kdo vol\u00e1, a dok\u00e1\u017ee identifikovat ka\u017ed\u00e9 \u010d\u00edslo, kter\u00e9 je ve ve\u0159ejn\u00e9 s\u00edti. SMS zpr\u00e1vy diktuje, ale pokud pot\u0159ebuje, dok\u00e1\u017ee je napsat i s\u00e1m.<\/p>\n<p>&#8222;Sna\u017e\u00edm se v\u017edycky si po\u0159izovat novinky na elektronick\u00e9m trhu, proto\u017ee p\u0159in\u00e1\u0161ej\u00ed pro n\u00e1s nevidom\u00e9 spoustu vychyt\u00e1vek. T\u0159eba speci\u00e1ln\u00ed navigace mi ozn\u00e1m\u00ed, kter\u00e1 tramvaj p\u0159ij\u00ed\u017ed\u00ed na zast\u00e1vku a kam jede. Ale nab\u00eddnutou pomoc p\u0159i orientaci nikdy neodm\u00edtnu, zvl\u00e1\u0161\u0165 od \u017een,&#8220; dod\u00e1v\u00e1 spiklenecky.<\/p>\n<p>Netaj\u00ed se t\u00edm, \u017ee jeho \u017eivotem u\u017e pro\u0161lo n\u011bkolik d\u00edvek, ale \u017e\u00e1dn\u00e1 je\u0161t\u011b nezakotvila natrvalo. &#8222;Trochu mi v\u017edycky vad\u00ed, kdy\u017e mus\u00edm rodi\u010d\u016fm vid\u00edc\u00ed d\u00edvky dokazovat, \u017ee stoj\u00edm za to, aby se mnou chodila. Zjistil jsem ale, \u017ee holky s ur\u010dit\u00fdm handicapem l\u00e9pe ch\u00e1pou n\u011bkter\u00e9 m\u00e9 probl\u00e9my,&#8220; vysv\u011btluje.<\/p>\n<p>&nbsp;<\/p>\n<p><strong>Poslouchali r\u00e1dio na schodech<\/strong><\/p>\n<p>Nad p\u016fllitrem piva, kter\u00e9 m\u00e1 r\u00e1d, se sv\u011b\u0159uje, \u017ee pr\u00e1v\u011b dal\u0161\u00ed den m\u00ed\u0159\u00ed na Slovensko za d\u00edvkou, kter\u00e1 by se mo\u017en\u00e1 mohla st\u00e1t jeho osudovou. V budoucnu si rozhodn\u011b p\u0159eje rodinu, ale zat\u00edm se boj\u00ed, \u017ee jeho pracovn\u00ed vyt\u00ed\u017een\u00ed by asi \u017een\u011b vadilo.<\/p>\n<p>&#8222;Jen v prosinci jsem m\u011bl 22 koncert\u016f. V Bruselu byl mezi hosty bratr belgick\u00e9ho kr\u00e1le. Vystupoval jsem na Slovensku i doma v \u010cech\u00e1ch a tenhle rok pl\u00e1nuju, \u017ee jich bude tak\u00e9 dost,&#8220; \u0159\u00edk\u00e1 zp\u011bv\u00e1k, kter\u00fd vyr\u016fstal na dechovk\u00e1ch bud\u011bjovick\u00e9ho rozhlasu, kter\u00e9 poslouch\u00e1val s otcem a jeho kamar\u00e1dem v poledne na schodech u domu. Kdy\u017e je okouzlil interpretac\u00ed p\u00edsn\u011b Kdyby byl Bavorov, dostal pr\u00e1v\u011b od onoho t\u00e1tova zn\u00e1m\u00e9ho heligonku.<\/p>\n<p>&#8222;U\u010dil jsem se nejd\u0159\u00edv s\u00e1m, ale od druh\u00e9 t\u0159\u00eddy jsem chodil do lidu\u0161ky na Piaristick\u00e9 n\u00e1m\u011bst\u00ed. Neb\u00fdt u\u010ditelky Marie Syrov\u00e1tkov\u00e9 a Pavla Pikouse, kter\u00fd se dokonce kv\u016fli mn\u011b nau\u010dil Braill\u016fv notopis, asi bych harmoniku n\u011bkam odlo\u017eil,&#8220; vzpom\u00edn\u00e1 vd\u011b\u010dn\u011b na ty, kte\u0159\u00ed st\u00e1li u za\u010d\u00e1tku jeho muzikantsk\u00e9 dr\u00e1hy.<\/p>\n<p>Od 7. t\u0159\u00eddy pak za\u010dal na pra\u017esk\u00e9 Konzervato\u0159i Jana Deyla pro zrakov\u011b posti\u017een\u00e9 studovat nejen harmoniku, ale p\u0159ibral i kytaru. Pl\u00e1noval, \u017ee d\u00edky n\u00ed bude balit holky. Logicky cht\u011bl taky zp\u00edvat, ale a\u017e n\u00e1zor profesora Andreje Kucharsk\u00e9ho, kter\u00fd u\u010dil i Petera Dvorsk\u00e9ho nebo Gabrielu Be\u0148a\u010dkovou, v\u0161echno zm\u011bnil.<\/p>\n<p>&#8222;\u0158ekl mi tehdy p\u0159i semin\u00e1\u0159i, \u017ee jsem zp\u011bv\u00e1k jako poleno, co\u017e myslel jako pochvalu, a prohl\u00e1sil, \u017ee se m\u00e1m t\u00e9hle cest\u011b v\u011bnovat. Tak jsem to vzal jako osudov\u00fd pokyn a rozhodl se, \u017ee neskon\u010d\u00edm jako u\u010ditel v hudebn\u00ed \u0161kole, co\u017e byla dr\u00e1ha v\u011bt\u0161iny m\u00fdch spolu\u017e\u00e1k\u016f,&#8220; p\u0159izn\u00e1v\u00e1.<\/p>\n<p>Tvrd\u00ed, \u017ee mu ned\u011bl\u00e1 probl\u00e9m p\u0159ech\u00e1zet z jednoho \u017e\u00e1nru do druh\u00e9ho. Vliv na to z\u0159ejm\u011b m\u011bl i fakt, \u017ee na bud\u011bjovick\u00e9 ZU\u0160 ho nejprve u\u010dila opern\u00ed p\u011bvkyn\u011b Nad\u011b\u017eda Honz\u00edkov\u00e1 a pot\u00e9 Jana Mikol\u00e1\u0161ov\u00e1, kter\u00e1 zp\u00edv\u00e1 s Budvarkou. D\u00edky opern\u00edmu a muzik\u00e1lov\u00e9mu zp\u011bv\u00e1kovi Petru Dopitovi za\u010dal vystupovat s muzik\u00e1lov\u00fdmi melodiemi i v TV \u0160l\u00e1gr, a Petr ho dokonce za\u010dal u\u010dit h\u0159e na pilu, s n\u00ed\u017e on s\u00e1m vyhr\u00e1l i mistrovstv\u00ed sv\u011bta.<\/p>\n<p>A pro\u010d Radek \u017dalud nen\u00ed je\u0161t\u011b superstar, kterou do muzikantsk\u00fdch v\u00fd\u0161in katapultovala n\u011bjak\u00e1 televizn\u00ed sout\u011b\u017e? &#8222;St\u00e1l jsem p\u0159ed porotou u\u017e ve dvou ro\u010dn\u00edc\u00edch. \u0158ekli mi, \u017ee jsem m\u00e1lo temperamentn\u00ed a taky \u017ee zp\u00edv\u00e1m jako Dan H\u016flka. Nem\u016f\u017eu za to, \u017ee m\u00e1m stejn\u011b jako on syt\u00fd baryton. Tak hraju a zp\u00edv\u00e1m na koncertech a z\u00e1bav\u00e1ch,&#8220; poznamen\u00e1v\u00e1. Jedinou nev\u00fdhodou podle n\u011bj je fakt, \u017ee pro \u0159adu lid\u00ed je vlastn\u011b nezn\u00e1m\u00fd zp\u011bv\u00e1k, a tak se ob\u010das zdr\u00e1haj\u00ed d\u00e1t za vstupenku i 80 korun. Netr\u00e1p\u00ed se t\u00edm a v\u011b\u0159\u00ed, \u017ee jeho \u010das je\u0161t\u011b p\u0159ijde.<\/p>\n<p>&#8222;Hlas je moje deviza a jsem moc r\u00e1d, \u017ee jsem ho mohl vyu\u017e\u00edvat p\u0159i projektu 5 state\u010dn\u00fdch, kter\u00fd organizovala Sjednocen\u00e1 organizace nevidom\u00fdch a slabozrak\u00fdch. V bud\u011bjovick\u00e9 pobo\u010dce \u010cesk\u00e9 spo\u0159itelny jsem sjedn\u00e1val bank\u00e9\u0159\u016fm sch\u016fzky s klienty,&#8220; vysv\u011btluje s t\u00edm, \u017ee ho pochv\u00e1lila i \u0161\u00e9fka Hana Petrou\u0161ov\u00e1, kter\u00e1 si zpo\u010d\u00e1tku takovou spolupr\u00e1ci jen t\u011b\u017eko dovedla p\u0159edstavit.<\/p>\n<p>Radek \u017dalud v\u011b\u0159\u00ed v osudov\u00e1 setk\u00e1n\u00ed. D\u00edky tomu se potkal s popul\u00e1rn\u00edm slovensk\u00fdm nevidom\u00fdm romsk\u00fdm zp\u011bv\u00e1kem Maro\u0161em Bangem a pl\u00e1nuj\u00ed spole\u010dn\u00e9 projekty. Chystaj\u00ed se spolu do Vatik\u00e1nu.<\/p>\n<p>&#8222;V\u011b\u0159\u00edm, \u017ee za\u010dala dal\u0161\u00ed n\u00e1dhern\u00e1 kapitola m\u00e9ho \u017eivota. A\u010dkoliv nevid\u00edm, slovy m\u00e9 nejobl\u00edben\u011bj\u0161\u00ed p\u00edsn\u011b od Michala Davida tvrd\u00edm, \u017ee p\u0159ece na to pr\u00e1vo m\u00e1m,&#8220; dod\u00e1v\u00e1.<\/p>\n<p>Mlad\u00e1 fronta DNES<\/p>\n<table>\n<tbody>\n<tr>\n<td><\/td>\n<td>Mirka Nezvalov\u00e1<\/td>\n<\/tr>\n<tr>\n<td>Odkaz:<\/td>\n<td><a href=\"http:\/\/zpravy.idnes.cz\/mfdnes.asp\" target=\"_blank\">http:\/\/zpravy.idnes.cz\/ mfdnes.asp<\/a><\/td>\n<\/tr>\n<\/tbody>\n<\/table>\n","protected":false},"excerpt":{"rendered":"<div class=\"mh-excerpt\"><p>Radek \u017dalud zvl\u00e1d\u00e1 i 20 koncert\u016f za m\u011bs\u00edc. R\u00e1d si po\u0159izuje technologick\u00e9 novinky, pl\u00e1nuje rodinu a \u0159\u00edk\u00e1: &#8222;Prost\u011b jsem \u0159\u00edzen\u00edm osudu ztratil mo\u017enost vid\u011bt a <a class=\"mh-excerpt-more\" href=\"https:\/\/www.invarena.cz\/?p=14453\" title=\"M\u00e1m v\u00fdhodu, \u017ee publikum nevid\u00edm. Vn\u00edm\u00e1m jen atmosf\u00e9ru\">[&#8230;]<\/a><\/p>\n<\/div>","protected":false},"author":1,"featured_media":5580,"comment_status":"open","ping_status":"closed","sticky":false,"template":"","format":"standard","meta":{"footnotes":""},"categories":[17],"tags":[],"class_list":["post-14453","post","type-post","status-publish","format-standard","has-post-thumbnail","hentry","category-kultura"],"_links":{"self":[{"href":"https:\/\/www.invarena.cz\/index.php?rest_route=\/wp\/v2\/posts\/14453","targetHints":{"allow":["GET"]}}],"collection":[{"href":"https:\/\/www.invarena.cz\/index.php?rest_route=\/wp\/v2\/posts"}],"about":[{"href":"https:\/\/www.invarena.cz\/index.php?rest_route=\/wp\/v2\/types\/post"}],"author":[{"embeddable":true,"href":"https:\/\/www.invarena.cz\/index.php?rest_route=\/wp\/v2\/users\/1"}],"replies":[{"embeddable":true,"href":"https:\/\/www.invarena.cz\/index.php?rest_route=%2Fwp%2Fv2%2Fcomments&post=14453"}],"version-history":[{"count":0,"href":"https:\/\/www.invarena.cz\/index.php?rest_route=\/wp\/v2\/posts\/14453\/revisions"}],"wp:featuredmedia":[{"embeddable":true,"href":"https:\/\/www.invarena.cz\/index.php?rest_route=\/wp\/v2\/media\/5580"}],"wp:attachment":[{"href":"https:\/\/www.invarena.cz\/index.php?rest_route=%2Fwp%2Fv2%2Fmedia&parent=14453"}],"wp:term":[{"taxonomy":"category","embeddable":true,"href":"https:\/\/www.invarena.cz\/index.php?rest_route=%2Fwp%2Fv2%2Fcategories&post=14453"},{"taxonomy":"post_tag","embeddable":true,"href":"https:\/\/www.invarena.cz\/index.php?rest_route=%2Fwp%2Fv2%2Ftags&post=14453"}],"curies":[{"name":"wp","href":"https:\/\/api.w.org\/{rel}","templated":true}]}}