{"id":14496,"date":"2014-01-22T00:44:02","date_gmt":"2014-01-21T23:44:02","guid":{"rendered":"http:\/\/www.invarena.cz\/?p=14496"},"modified":"2014-01-22T06:57:51","modified_gmt":"2014-01-22T05:57:51","slug":"krasa-marksova-tominova-me-ucila","status":"publish","type":"post","link":"https:\/\/www.invarena.cz\/?p=14496","title":{"rendered":"Kr\u00e1sa: Marksov\u00e1-Tominov\u00e1 m\u011b u\u010dila"},"content":{"rendered":"<p><strong>P\u0159edseda N\u00e1rodn\u00ed rady osob se zdravotn\u00edm posti\u017een\u00edm V\u00e1clav Kr\u00e1sa (foto) hovo\u0159il s Radio\u017eurn\u00e1lem o p\u0159edpokl\u00e1dan\u00e9 ministryni pr\u00e1ce a soci\u00e1ln\u00edch v\u011bc\u00ed Michaele Marksov\u00e9-Tominov\u00e9.\u00a0<\/strong> <!--more--><\/p>\n<p><strong>Pane Kr\u00e1so, jak\u00e1 zpr\u00e1va je pro v\u00e1s, \u017ee resort pr\u00e1ce a soci\u00e1ln\u00edch v\u011bc\u00ed nejsp\u00ed\u0161 povede Michaela Marksov\u00e1 Tominov\u00e1, proto\u017ee pr\u00e1v\u011b tento resort se rady, kterou vedete, velmi dot\u00fdk\u00e1?<\/strong><\/p>\n<p>V\u00e1clav KR\u00c1SA:<br \/>\nTak j\u00e1 pan\u00ed\u00a0 Marksovou Tominovou tro\u0161ku zn\u00e1m, u\u017e jsme se potkali. Dokonce m\u011b u\u010dila, kdy\u017e jsme ned\u00e1vno studoval na vysok\u00e9 \u0161kole jeden semestr, tak\u017ee my se tro\u0161ku zn\u00e1me, mysl\u00edm si ale, \u017ee ta jej\u00ed pr\u00e1ce bude velmi obt\u00ed\u017en\u00e1, proto\u017ee na ministerstvu pr\u00e1ce a soci\u00e1ln\u00edch v\u011bc\u00ed je hodn\u011b probl\u00e9m\u016f a to p\u0159edev\u0161\u00edm v oblasti v\u00fdplaty d\u00e1vek, ale i evropsk\u00fdch fond\u016f, o \u010dem\u017e se moc nemluv\u00ed. Tak\u017ee t\u011bch probl\u00e9m\u016f je tam stra\u0161n\u011b moc a j\u00e1 si mysl\u00edm, \u017ee to bude velk\u00e9 sousto.<\/p>\n<p><strong>Vy zastupujete osoby se zdravotn\u00edm posti\u017een\u00edm. V tomto ohledu, co je podle v\u00e1s prioritn\u00ed pro novou ministryni pr\u00e1ce.<\/strong><\/p>\n<p>Tak j\u00e1 mysl\u00edm, \u017ee je to z\u00e1kon o soci\u00e1ln\u00edch slu\u017eb\u00e1ch, jeho\u017e novela se p\u0159ipravuje. My bychom r\u00e1di, aby se zm\u011bnilo hlavn\u011b, aby se zm\u011bnil zp\u016fsob posuzov\u00e1n\u00ed p\u0159\u00edsp\u011bvk\u016f na p\u00e9\u010di, co\u017e je pro n\u00e1s priorita. Pak je to samoz\u0159ejm\u011b i v\u016fbec cel\u00e1 soustava posudkov\u00fdch l\u00e9ka\u0159\u016f. Hodnocen\u00ed, kter\u00fd se domn\u00edv\u00e1me, \u017ee tem syst\u00e9m dob\u0159e nepracuje, \u017ee v mnoha p\u0159\u00edpadech po\u0161kozuje n\u011bkter\u00e9 lidi, \u010dili to my bychom r\u00e1di \u0159e\u0161ili s pan\u00ed ministryn\u00ed, a pak je to z\u00e1kon o ucelen\u00e9 rehabilitaci, jeho\u017e teze te\u010fko projedn\u00e1v\u00e1 vl\u00e1da.<\/p>\n<p><strong>P\u0159edpokl\u00e1d\u00e1m, \u017ee se budete cht\u00edt s novou ministryn\u00ed sej\u00edt co nejd\u0159\u00edv, po tom, co bude jmenovan\u00e1 do funkce?<\/strong><\/p>\n<p>J\u00e1 bych velmi r\u00e1d, kdybych se s pan\u00ed ministryn\u00ed mohl samoz\u0159ejm\u011b co nejd\u0159\u00edve sej\u00edt a nast\u00ednit j\u00ed na\u0161e priority a zjistit, zda se t\u011bmto na\u0161imi prioritami bude n\u011bjak prioritn\u011b zab\u00fdvat.<\/p>\n<p><strong>Dod\u00e1v\u00e1 p\u0159edseda N\u00e1rodn\u00ed rady osob se zdravotn\u00edm posti\u017een\u00edm, V\u00e1clav Kr\u00e1sa, d\u011bkuji, nashledanou.<\/strong><\/p>\n<p>&nbsp;<\/p>\n","protected":false},"excerpt":{"rendered":"<div class=\"mh-excerpt\"><p>P\u0159edseda N\u00e1rodn\u00ed rady osob se zdravotn\u00edm posti\u017een\u00edm V\u00e1clav Kr\u00e1sa (foto) hovo\u0159il s Radio\u017eurn\u00e1lem o p\u0159edpokl\u00e1dan\u00e9 ministryni pr\u00e1ce a soci\u00e1ln\u00edch v\u011bc\u00ed Michaele Marksov\u00e9-Tominov\u00e9.\u00a0<\/p>\n<\/div>","protected":false},"author":1,"featured_media":670,"comment_status":"open","ping_status":"closed","sticky":false,"template":"","format":"standard","meta":{"footnotes":""},"categories":[12],"tags":[],"class_list":["post-14496","post","type-post","status-publish","format-standard","has-post-thumbnail","hentry","category-rozhovory"],"_links":{"self":[{"href":"https:\/\/www.invarena.cz\/index.php?rest_route=\/wp\/v2\/posts\/14496","targetHints":{"allow":["GET"]}}],"collection":[{"href":"https:\/\/www.invarena.cz\/index.php?rest_route=\/wp\/v2\/posts"}],"about":[{"href":"https:\/\/www.invarena.cz\/index.php?rest_route=\/wp\/v2\/types\/post"}],"author":[{"embeddable":true,"href":"https:\/\/www.invarena.cz\/index.php?rest_route=\/wp\/v2\/users\/1"}],"replies":[{"embeddable":true,"href":"https:\/\/www.invarena.cz\/index.php?rest_route=%2Fwp%2Fv2%2Fcomments&post=14496"}],"version-history":[{"count":0,"href":"https:\/\/www.invarena.cz\/index.php?rest_route=\/wp\/v2\/posts\/14496\/revisions"}],"wp:featuredmedia":[{"embeddable":true,"href":"https:\/\/www.invarena.cz\/index.php?rest_route=\/wp\/v2\/media\/670"}],"wp:attachment":[{"href":"https:\/\/www.invarena.cz\/index.php?rest_route=%2Fwp%2Fv2%2Fmedia&parent=14496"}],"wp:term":[{"taxonomy":"category","embeddable":true,"href":"https:\/\/www.invarena.cz\/index.php?rest_route=%2Fwp%2Fv2%2Fcategories&post=14496"},{"taxonomy":"post_tag","embeddable":true,"href":"https:\/\/www.invarena.cz\/index.php?rest_route=%2Fwp%2Fv2%2Ftags&post=14496"}],"curies":[{"name":"wp","href":"https:\/\/api.w.org\/{rel}","templated":true}]}}