{"id":14526,"date":"2014-01-23T22:30:31","date_gmt":"2014-01-23T21:30:31","guid":{"rendered":"http:\/\/www.invarena.cz\/?p=14526"},"modified":"2014-10-20T20:04:00","modified_gmt":"2014-10-20T18:04:00","slug":"nove-mapy-hradecka-pro-vozickare","status":"publish","type":"post","link":"https:\/\/www.invarena.cz\/?p=14526","title":{"rendered":"Nov\u00e9 mapy Hradecka pro voz\u00ed\u010dk\u00e1\u0159e"},"content":{"rendered":"<p><strong>Internetovou mapu pro posti\u017een\u00e9 vytvo\u0159ila na sv\u00fdch str\u00e1nk\u00e1ch hradeck\u00e1 radnice. Nese n\u00e1zev Bezbari\u00e9rov\u00fd Hradec a je u\u0161ita na m\u00edru voz\u00ed\u010dk\u00e1\u0159\u016fm, nevidom\u00fdm \u010di nesly\u0161\u00edc\u00edm.<!--more--><\/strong><\/p>\n<p>&nbsp;<\/p>\n<p><strong>Bezbari\u00e9rov\u00fd Hradec<\/strong><\/p>\n<p>Tato mapa je zvl\u00e1\u0161\u0165 cenn\u00e1, proto\u017ee vznikla &#8222;na vlastn\u00ed k\u016f\u017ei&#8220;. Nejv\u011bt\u0161\u00ed m\u011brou se na n\u00ed pod\u00edleli voz\u00ed\u010dk\u00e1\u0159 Zden\u011bk \u0160varc s nevidom\u00fdm Jarmilem Mol\u00e1\u010dkem a p\u0159ipom\u00edn\u00e1 semafor. \u010cerven\u00e1 znamen\u00e1 &#8222;stop posti\u017een\u00fdm&#8220;, oran\u017eov\u011b vybarven\u00e9 \u010dtvere\u010dky zna\u010d\u00ed p\u0159\u00edstupn\u00e9 alespo\u0148 \u010d\u00e1ste\u010dn\u011b a zelen\u00e9 jsou nejp\u0159\u00edzniv\u011bj\u0161\u00ed.<\/p>\n<p>Po rozkliknut\u00ed jednotliv\u00fdch bod\u016f vysko\u010d\u00ed dal\u0161\u00ed okno s podrobn\u00fdmi informacemi.<\/p>\n<p>&#8222;C\u00edlem do budoucna je propojit d\u016fle\u017eit\u00e9 m\u011bstsk\u00e9 p\u011b\u0161\u00ed tepny tak, aby byly v maxim\u00e1ln\u00ed m\u00ed\u0159e zbaveny \u00faskal\u00ed a p\u0159ek\u00e1\u017eek,&#8220; uv\u00e1d\u00ed n\u00e1m\u011bstek prim\u00e1tora Jind\u0159ich Vedlich. &#8222;M\u011bsto je otev\u0159eno v\u0161em, a proto se pr\u016fb\u011b\u017en\u011b sna\u017e\u00edme odstra\u0148ovat bari\u00e9ry,&#8220; navazuje n\u00e1m\u011bstkyn\u011b Anna Maclov\u00e1.<\/p>\n<p>Zaj\u00edmav\u00e9 v\u0161ak je, \u017ee zcela bez poskvrny nevy\u0161el magistr\u00e1t m\u011bsta. Voz\u00ed\u010dk\u00e1\u0159i si st\u011b\u017euj\u00ed na mal\u00fd prostor ve v\u00fdtahu a drobn\u00e9 v\u00fdhrady maj\u00ed i nevidom\u00ed.<\/p>\n<p>Mlad\u00e1 fronta DNES <a href=\"http:\/\/zpravy.idnes.cz\/mfdnes.asp\" target=\"_blank\">http:\/\/zpravy.idnes.cz\/ mfdnes.asp<\/a><\/p>\n","protected":false},"excerpt":{"rendered":"<div class=\"mh-excerpt\"><p>Internetovou mapu pro posti\u017een\u00e9 vytvo\u0159ila na sv\u00fdch str\u00e1nk\u00e1ch hradeck\u00e1 radnice. Nese n\u00e1zev Bezbari\u00e9rov\u00fd Hradec a je u\u0161ita na m\u00edru voz\u00ed\u010dk\u00e1\u0159\u016fm, nevidom\u00fdm \u010di nesly\u0161\u00edc\u00edm.<\/p>\n<\/div>","protected":false},"author":1,"featured_media":4884,"comment_status":"open","ping_status":"closed","sticky":false,"template":"","format":"standard","meta":{"footnotes":""},"categories":[7],"tags":[],"class_list":["post-14526","post","type-post","status-publish","format-standard","has-post-thumbnail","hentry","category-spolecnost"],"_links":{"self":[{"href":"https:\/\/www.invarena.cz\/index.php?rest_route=\/wp\/v2\/posts\/14526","targetHints":{"allow":["GET"]}}],"collection":[{"href":"https:\/\/www.invarena.cz\/index.php?rest_route=\/wp\/v2\/posts"}],"about":[{"href":"https:\/\/www.invarena.cz\/index.php?rest_route=\/wp\/v2\/types\/post"}],"author":[{"embeddable":true,"href":"https:\/\/www.invarena.cz\/index.php?rest_route=\/wp\/v2\/users\/1"}],"replies":[{"embeddable":true,"href":"https:\/\/www.invarena.cz\/index.php?rest_route=%2Fwp%2Fv2%2Fcomments&post=14526"}],"version-history":[{"count":0,"href":"https:\/\/www.invarena.cz\/index.php?rest_route=\/wp\/v2\/posts\/14526\/revisions"}],"wp:featuredmedia":[{"embeddable":true,"href":"https:\/\/www.invarena.cz\/index.php?rest_route=\/wp\/v2\/media\/4884"}],"wp:attachment":[{"href":"https:\/\/www.invarena.cz\/index.php?rest_route=%2Fwp%2Fv2%2Fmedia&parent=14526"}],"wp:term":[{"taxonomy":"category","embeddable":true,"href":"https:\/\/www.invarena.cz\/index.php?rest_route=%2Fwp%2Fv2%2Fcategories&post=14526"},{"taxonomy":"post_tag","embeddable":true,"href":"https:\/\/www.invarena.cz\/index.php?rest_route=%2Fwp%2Fv2%2Ftags&post=14526"}],"curies":[{"name":"wp","href":"https:\/\/api.w.org\/{rel}","templated":true}]}}