{"id":14534,"date":"2014-01-24T08:41:58","date_gmt":"2014-01-24T07:41:58","guid":{"rendered":"http:\/\/www.invarena.cz\/?p=14534"},"modified":"2014-01-24T21:44:29","modified_gmt":"2014-01-24T20:44:29","slug":"nejbezpecnejsi-nemocnici-se-stal-masarykum-onkologicky-ustav","status":"publish","type":"post","link":"https:\/\/www.invarena.cz\/?p=14534","title":{"rendered":"Nejbezpe\u010dn\u011bj\u0161\u00ed nemocnic\u00ed se stal Masaryk\u016fv onkologick\u00fd \u00fastav"},"content":{"rendered":"<p><strong>V\u00edt\u011bzem sout\u011b\u017ee Bezpe\u010dn\u00e1 nemocnice se stal brn\u011bnsk\u00fd Masaryk\u016fv onkologick\u00fd \u00fastav. Vyhr\u00e1l s projektem komunikace s nesly\u0161\u00edc\u00edmi pacienty.<!--more--><\/strong><\/p>\n<p>&nbsp;<\/p>\n<p>Projekt s n\u00e1zvem HAL\u00d3, s n\u00edm\u017e v o\u0161et\u0159ovatelsko-medic\u00ednsk\u00e9 oblasti zv\u00edt\u011bzil Masaryk\u016fv onkologick\u00fd \u00fastav v Brn\u011b, se specializuje na nesly\u0161\u00edc\u00ed pacienty nebo klienty se specifick\u00fdmi probl\u00e9my komunikace.<\/p>\n<p>Zam\u011b\u0159il se na z\u00e1kladn\u00ed orientaci v \u00fastavu a pod\u00e1v\u00e1n\u00ed adekv\u00e1tn\u00edch informac\u00ed souvisej\u00edc\u00edch s diagnostikou a l\u00e9\u010dbou ve srozumiteln\u00e9 form\u011b v\u010detn\u011b zaji\u0161t\u011bn\u00ed tlumo\u010den\u00ed ve znakov\u00e9 \u0159e\u010di.<\/p>\n<p>Masaryk\u016fv onkologick\u00fd \u00fastav se s t\u00edmto projektem stal tak\u00e9 absolutn\u00edm v\u00edt\u011bzem sout\u011b\u017ee.<\/p>\n<p>Druh\u00fdm v\u00edt\u011bzem je \u00dast\u0159edn\u00ed vojensk\u00e1 nemocnice Praha.<\/p>\n<p>V\u00edt\u011bzn\u00fd projekt v ka\u017ed\u00e9 kategorii z\u00edskal finan\u010dn\u00ed odm\u011bnu 100.000 korun.<\/p>\n<p>Nejlep\u0161\u00ed projekty byly vyhl\u00e1\u0161eny v Hor\u00e1ck\u00e9m divadle v Jihlav\u011b. Sout\u011b\u017e Bezpe\u010dn\u00e1 nemocnice m\u00e1 upozornit odbornou ve\u0159ejnost na projekty i na projektov\u00e9 z\u00e1m\u011bry v nemocnic\u00edch, kter\u00e9 zvy\u0161uj\u00ed bezpe\u010dnost zdravotn\u00ed p\u00e9\u010de.<\/p>\n<p>\u00dast\u0159edn\u00ed vojensk\u00e1 nemocnice usp\u011bla v technicko-provozn\u00ed sekci sout\u011b\u017ee s projektem zab\u00fdvaj\u00edc\u00edm se zaji\u0161t\u011bn\u00edm bezpe\u010dn\u00e9ho prost\u0159ed\u00ed na odd\u011blen\u00ed akutn\u00ed psychiatrick\u00e9 p\u00e9\u010de. Projekt popisuje \u0159e\u0161en\u00ed obt\u00ed\u017en\u00fdch situac\u00ed zp\u016fsoben\u00fdch pacienty s psychotick\u00fdmi poruchami s nekriti\u010dnost\u00ed k vlastn\u00ed chorob\u011b \u010di t\u011b\u017ek\u00fdmi depresemi.<\/p>\n<p>Z Kraje Vyso\u010dina usp\u011bla Nemocnice Pelh\u0159imov, kter\u00e1 s projektem Bezpe\u010d\u00ed v p\u00e9\u010di o oslaben\u00e9ho pacienta obsadila v t\u00e9to sekci t\u0159et\u00ed m\u00edsto.<\/p>\n<p>Celost\u00e1tn\u00ed sout\u011b\u017e Bezpe\u010dn\u00e1 nemocnice v\u010detn\u011b navazuj\u00edc\u00ed konference Dny bezpe\u010d\u00ed jsou ka\u017edoro\u010dn\u00edmi akcemi po\u0159\u00e1dan\u00fdmi Krajem Vyso\u010dina. Ob\u011b maj\u00ed za c\u00edl upozornit na mo\u017en\u00e1 rizika p\u0159i poskytov\u00e1n\u00ed zdravotn\u00edch slu\u017eeb jak pro pacienty, tak pro person\u00e1l.<\/p>\n","protected":false},"excerpt":{"rendered":"<div class=\"mh-excerpt\"><p>V\u00edt\u011bzem sout\u011b\u017ee Bezpe\u010dn\u00e1 nemocnice se stal brn\u011bnsk\u00fd Masaryk\u016fv onkologick\u00fd \u00fastav. Vyhr\u00e1l s projektem komunikace s nesly\u0161\u00edc\u00edmi pacienty.<\/p>\n<\/div>","protected":false},"author":1,"featured_media":6438,"comment_status":"open","ping_status":"closed","sticky":false,"template":"","format":"standard","meta":{"footnotes":""},"categories":[7],"tags":[],"class_list":["post-14534","post","type-post","status-publish","format-standard","has-post-thumbnail","hentry","category-spolecnost"],"_links":{"self":[{"href":"https:\/\/www.invarena.cz\/index.php?rest_route=\/wp\/v2\/posts\/14534","targetHints":{"allow":["GET"]}}],"collection":[{"href":"https:\/\/www.invarena.cz\/index.php?rest_route=\/wp\/v2\/posts"}],"about":[{"href":"https:\/\/www.invarena.cz\/index.php?rest_route=\/wp\/v2\/types\/post"}],"author":[{"embeddable":true,"href":"https:\/\/www.invarena.cz\/index.php?rest_route=\/wp\/v2\/users\/1"}],"replies":[{"embeddable":true,"href":"https:\/\/www.invarena.cz\/index.php?rest_route=%2Fwp%2Fv2%2Fcomments&post=14534"}],"version-history":[{"count":0,"href":"https:\/\/www.invarena.cz\/index.php?rest_route=\/wp\/v2\/posts\/14534\/revisions"}],"wp:featuredmedia":[{"embeddable":true,"href":"https:\/\/www.invarena.cz\/index.php?rest_route=\/wp\/v2\/media\/6438"}],"wp:attachment":[{"href":"https:\/\/www.invarena.cz\/index.php?rest_route=%2Fwp%2Fv2%2Fmedia&parent=14534"}],"wp:term":[{"taxonomy":"category","embeddable":true,"href":"https:\/\/www.invarena.cz\/index.php?rest_route=%2Fwp%2Fv2%2Fcategories&post=14534"},{"taxonomy":"post_tag","embeddable":true,"href":"https:\/\/www.invarena.cz\/index.php?rest_route=%2Fwp%2Fv2%2Ftags&post=14534"}],"curies":[{"name":"wp","href":"https:\/\/api.w.org\/{rel}","templated":true}]}}