{"id":14545,"date":"2014-01-25T13:38:58","date_gmt":"2014-01-25T12:38:58","guid":{"rendered":"http:\/\/www.invarena.cz\/?p=14545"},"modified":"2014-01-25T13:40:24","modified_gmt":"2014-01-25T12:40:24","slug":"socialni-sluzby-dostanou-vice-penez","status":"publish","type":"post","link":"https:\/\/www.invarena.cz\/?p=14545","title":{"rendered":"Soci\u00e1ln\u00ed slu\u017eby dostanou v\u00edce pen\u011bz"},"content":{"rendered":"<p><strong>Sto milion\u016f nav\u00edc na soci\u00e1ln\u00ed slu\u017eby v Moravskoslezsk\u00e9m kraji. Po dvou letech poklesu st\u00e1tn\u00edch dotac\u00ed m\u00e1 hejtmanstv\u00ed letos p\u0159\u00edslib, \u017ee dostane v\u00edce pen\u011bz ne\u017e v uplynul\u00e9m roce.Neziskovky zva\u017euj\u00ed\u00a0 p\u0159ijet\u00ed nov\u00fdch pracovn\u00edk\u016f.<\/strong> <!--more--><\/p>\n<p><strong>report\u00e1\u017e \u010cesk\u00e9 televize:<\/strong><\/p>\n<p>Miliony poputuj\u00ed hlavn\u011b na pokryt\u00ed ztr\u00e1t v obc\u00edch nebo u nevl\u00e1dn\u00edch organizac\u00ed. Ty zva\u017euj\u00ed i p\u0159ijet\u00ed nov\u00fdch pracovn\u00edk\u016f.<\/p>\n<p>Pro klienty t\u011b\u0161\u00ednsk\u00e9ho denn\u00edho centra Eden je hudba jednou z nejv\u011bt\u0161\u00edch radost\u00ed \u017eivota. D\u016fvod k o n\u011bco lep\u0161\u00ed n\u00e1lad\u011b maj\u00ed ale te\u010f i pracovn\u00edci Slezsk\u00e9 diakonie, kter\u00e1 za\u0159\u00edzen\u00ed provozuje. P\u0159e\u017eili 2 roky trvaj\u00edc\u00ed krizi, kdy n\u011bkter\u00e1 za\u0159\u00edzen\u00ed jako soci\u00e1ln\u011b-terapeutick\u00e9 d\u00edlny dostala jen desetinu po\u017eadovan\u00fdch dotac\u00ed.<\/p>\n<p>Zuzana FIL\u00cdPKOV\u00c1, \u0159editelka Slezsk\u00e9 diakonie:<br \/>\nTo obdob\u00ed bylo neskute\u010dn\u011b t\u011b\u017ek\u00e9 a mysl\u00edm, \u017ee dodnes se z toho pomalu vzpamatov\u00e1v\u00e1me.<\/p>\n<p>Slezsk\u00e1 diakonie musela p\u0159ed 2 lety propustit 100 soci\u00e1ln\u00edch pracovn\u00edk\u016f. P\u0159esto\u017ee u\u017e v\u011bt\u0161inu z nich p\u0159ijala zp\u011bt, dotace ani po\u010dty zam\u011bstnanc\u016f zat\u00edm \u00farovn\u011b p\u0159edchoz\u00edch let nedosahuj\u00ed. A podobn\u00e9 je to i v dal\u0161\u00edch soci\u00e1ln\u00edch organizac\u00edch v kraji.<\/p>\n<p>Te\u010f ale vl\u00e1dne m\u00edrn\u00fd optimismus. Hejtmanstv\u00ed rozd\u011bl\u00ed o 100 milion\u016f od st\u00e1tu v\u00edc ne\u017e loni. P\u0159ilep\u0161\u00ed si nejen za\u0159\u00edzen\u00ed pro posti\u017een\u00e9, ale t\u0159eba i domovy pro seniory nebo azylov\u00e9 domy.<\/p>\n<p>Petr SULEK, mluv\u010d\u00ed ministerstva pr\u00e1ce a soci\u00e1ln\u00edch v\u011bc\u00ed:<br \/>\nV lo\u0148sk\u00e9m roce \u010dinila dotace ze st\u00e1tn\u00edho rozpo\u010dtu na soci\u00e1ln\u00ed slu\u017eby celkem 6 miliard 553 milion\u016f korun. V leto\u0161n\u00edm roce je tato \u010d\u00e1stka nav\u00fd\u0161ena zhruba o necelou jednu miliardu korun.<\/p>\n<p>Daniel RYCHL\u00cdK, vedouc\u00ed odboru soci\u00e1ln\u00edch v\u011bc\u00ed K\u00da MS kraje:<br \/>\nP\u0159edpokl\u00e1d\u00e1m, \u017ee poskytovatel\u00e9 v leto\u0161n\u00edm roce budou m\u00edt stabiln\u011bj\u0161\u00ed rok. Rozhodn\u011b se nem\u016f\u017ee jednat o \u017e\u00e1dn\u00fd z\u00e1sadn\u00ed rozvoj poskytov\u00e1n\u00ed soci\u00e1ln\u00edch slu\u017eeb v kraji.<\/p>\n<p>Kolik p\u0159esn\u011b dostane Slezsk\u00e1 diakonie, rozhodne ministerstvo a\u017e v dal\u0161\u00edch dnech. Pokud by to bylo mnohem v\u00edce ne\u017e loni, utlumen\u00e9 d\u00edlny by mohly znovu o\u017e\u00edt.<\/p>\n<p>FIL\u00cdPKOV\u00c1:<br \/>\nM\u016f\u017eeme i vz\u00edt t\u0159eba v\u00edc zam\u011bstnanc\u016f v t\u011bch slu\u017eb\u00e1ch, kter\u00e9 jsme p\u0159ed 2 lety hodn\u011b omezili.<\/p>\n<p>Podle kraje by optim\u00e1ln\u00ed \u010d\u00e1stka st\u00e1tn\u00ed dotace byla zhruba miliardu korun. Opakov\u00e1n\u00ed leto\u0161n\u00edho 100-milionov\u00e9ho nav\u00fd\u0161en\u00ed ale kraj\u0161t\u00ed \u00fa\u0159edn\u00edci v dal\u0161\u00edch letech sp\u00ed\u0161e ne\u010dekaj\u00ed. Do st\u00e1tn\u00edho rozpo\u010dtu jej toti\u017e mimo\u0159\u00e1dn\u011b prosadili pozm\u011b\u0148uj\u00edc\u00edm n\u00e1vrhem poslanci.<\/p>\n<p>\u010cesk\u00e1 televize<\/p>\n","protected":false},"excerpt":{"rendered":"<div class=\"mh-excerpt\"><p>Sto milion\u016f nav\u00edc na soci\u00e1ln\u00ed slu\u017eby v Moravskoslezsk\u00e9m kraji. Po dvou letech poklesu st\u00e1tn\u00edch dotac\u00ed m\u00e1 hejtmanstv\u00ed letos p\u0159\u00edslib, \u017ee dostane v\u00edce pen\u011bz ne\u017e v <a class=\"mh-excerpt-more\" href=\"https:\/\/www.invarena.cz\/?p=14545\" title=\"Soci\u00e1ln\u00ed slu\u017eby dostanou v\u00edce pen\u011bz\">[&#8230;]<\/a><\/p>\n<\/div>","protected":false},"author":1,"featured_media":13634,"comment_status":"open","ping_status":"closed","sticky":false,"template":"","format":"standard","meta":{"footnotes":""},"categories":[1],"tags":[],"class_list":["post-14545","post","type-post","status-publish","format-standard","has-post-thumbnail","hentry","category-nezarazene"],"_links":{"self":[{"href":"https:\/\/www.invarena.cz\/index.php?rest_route=\/wp\/v2\/posts\/14545","targetHints":{"allow":["GET"]}}],"collection":[{"href":"https:\/\/www.invarena.cz\/index.php?rest_route=\/wp\/v2\/posts"}],"about":[{"href":"https:\/\/www.invarena.cz\/index.php?rest_route=\/wp\/v2\/types\/post"}],"author":[{"embeddable":true,"href":"https:\/\/www.invarena.cz\/index.php?rest_route=\/wp\/v2\/users\/1"}],"replies":[{"embeddable":true,"href":"https:\/\/www.invarena.cz\/index.php?rest_route=%2Fwp%2Fv2%2Fcomments&post=14545"}],"version-history":[{"count":0,"href":"https:\/\/www.invarena.cz\/index.php?rest_route=\/wp\/v2\/posts\/14545\/revisions"}],"wp:featuredmedia":[{"embeddable":true,"href":"https:\/\/www.invarena.cz\/index.php?rest_route=\/wp\/v2\/media\/13634"}],"wp:attachment":[{"href":"https:\/\/www.invarena.cz\/index.php?rest_route=%2Fwp%2Fv2%2Fmedia&parent=14545"}],"wp:term":[{"taxonomy":"category","embeddable":true,"href":"https:\/\/www.invarena.cz\/index.php?rest_route=%2Fwp%2Fv2%2Fcategories&post=14545"},{"taxonomy":"post_tag","embeddable":true,"href":"https:\/\/www.invarena.cz\/index.php?rest_route=%2Fwp%2Fv2%2Ftags&post=14545"}],"curies":[{"name":"wp","href":"https:\/\/api.w.org\/{rel}","templated":true}]}}