{"id":14550,"date":"2014-01-26T09:46:11","date_gmt":"2014-01-26T08:46:11","guid":{"rendered":"http:\/\/www.invarena.cz\/?p=14550"},"modified":"2014-01-26T09:48:35","modified_gmt":"2014-01-26T08:48:35","slug":"problem-s-vysokou-mirou-obeznich-lidi-v-ceske-republice","status":"publish","type":"post","link":"https:\/\/www.invarena.cz\/?p=14550","title":{"rendered":"Polovina \u010cech\u016f pot\u0159ebuje zhubnout. Nov\u00e9 l\u00e9ky jsou u\u017e na obzoru"},"content":{"rendered":"<p><strong>V \u010cesku jsou v\u00edce ne\u017e dva miliony ob\u00e9zn\u00edch lid\u00ed. P\u0159itom n\u011bkte\u0159\u00ed l\u00e9ka\u0159i u n\u00e1s si st\u011b\u017euj\u00ed, \u017ee jim chyb\u00ed modern\u00ed l\u00e9ky, kter\u00e9 jsou nap\u0159\u00edklad v Americe b\u011b\u017en\u00e9.<!--more--><\/strong><\/p>\n<p>&nbsp;<\/p>\n<p><strong>report\u00e1\u017e tv Prima<\/strong><\/p>\n<p>P\u016fsob\u00ed p\u0159\u00edmo na mozek a dok\u00e1\u017e\u00ed pr\u00fd potla\u010dit pocit hladu. Pacient\u016fm by pr\u00fd mohly boj s nadv\u00e1hou velmi usnadnit.<\/p>\n<p>V \u010cesk\u00e9 republice trp\u00ed v sou\u010dasn\u00e9 dob\u011b nadv\u00e1hou nebo obezitou cel\u00fdch 55 % populace. Pat\u0159\u00ed mezi n\u011b i Ji\u0159\u00ed Hlav\u00e1\u010d, kter\u00fd s kily nav\u00edc bojuje u\u017e v\u00edce ne\u017e dva roky. Kv\u016fli stresu v pr\u00e1ci, kde jako vedouc\u00ed pek\u00e1rny musel \u0159e\u0161it probl\u00e9my sv\u00fdch koleg\u016f, se za\u010dal p\u0159ej\u00eddat, a\u017e se jeho v\u00e1ha dostala na 196 kilogram\u016f. \u017de sv\u016fj \u017eivotn\u00ed styl mus\u00ed zm\u011bnit, si uv\u011bdomil, a\u017e kdy\u017e ho jeho zdravotn\u00ed stav m\u00e1lem st\u00e1l \u017eivot.<\/p>\n<p>Ji\u0159\u00ed HLAV\u00c1\u010c, pacient: Jsem zkolaboval se srdcem a to u\u017e bylo dost v\u00e1\u017en\u00fd.<\/p>\n<p>Jen\u017ee i p\u0159es ve\u0161ker\u00e9 odhodl\u00e1n\u00ed a pevnou v\u016fli m\u016f\u017ee b\u00fdt ovl\u00e1dnut\u00ed sv\u00fdch chut\u00ed docela o\u0159\u00ed\u0161ek.<\/p>\n<p>Ji\u0159\u00ed HLAV\u00c1\u010c, pacient:Nejv\u011bt\u0161\u00ed d\u0159ina je zkr\u00e1tka to vydr\u017eet pochopiteln\u011b, a pokud je ten pocit hladu, tak ho n\u011bjak p\u0159ekonat.<\/p>\n<p>\u0160t\u011bp\u00e1n SVA\u010cINA, p\u0159ednosta III. intern\u00ed kliniky VFN:\u010c\u00e1st populace zaj\u00edd\u00e1 stres. .. je to protistresov\u00e9 p\u016fsoben\u00ed nebo protidepresivn\u00ed p\u016fsoben\u00ed j\u00eddla.<\/p>\n<p>Petr SUCHARDA, prim\u00e1\u0159 III. intern\u00ed kliniky VFN: Nedok\u00e1\u017eeme odolat velk\u00e9 nab\u00eddce chutn\u00fdch pokrm\u016f, kter\u00e9 m\u00e1me, na to, jak m\u00e1lo se pohybujeme.<\/p>\n<p>A pr\u00e1v\u011b v tom by velk\u00e9mu mno\u017estv\u00ed ob\u00e9zn\u00edch lid\u00ed mohly pomoci l\u00e9ky, kter\u00e9 p\u016fsob\u00ed p\u0159\u00edmo na mozek a sni\u017euj\u00ed tak chu\u0165 k j\u00eddlu. Jen\u017ee pr\u00e1v\u011b tento typ l\u00e9k\u016f v \u010cesku u\u017e t\u00e9m\u011b\u0159 p\u011bt let nen\u00ed k dost\u00e1n\u00ed.<\/p>\n<p>Petr SUCHARDA, prim\u00e1\u0159 III. intern\u00ed kliniky VFN: Antiobezitika v \u010cesk\u00e9 republice nem\u00e1me u\u017e v podstat\u011b n\u011bjak\u00fdch p\u011bt let a to \u00fa\u010dinn\u00e9 antiobezitikum Meridia, kter\u00e9 jsme pou\u017e\u00edvali, bylo sta\u017eeno pro ne\u017e\u00e1douc\u00ed \u00fa\u010dinky kardiovaskul\u00e1rn\u00ed.<\/p>\n<p>Jinde ve sv\u011bt\u011b tomu tak ale nen\u00ed. Ve Spojen\u00fdch st\u00e1tech se v sou\u010dasnosti prod\u00e1v\u00e1 hned n\u011bkolik nov\u011b schv\u00e1len\u00fdch l\u00e9k\u016f, kter\u00e9 dok\u00e1\u017e\u00ed regulovat p\u0159ej\u00edd\u00e1n\u00ed. Aby se objevily i na \u010desk\u00e9m trhu, mus\u00ed je nejd\u0159\u00edv schv\u00e1lit Evropsk\u00e1 unie. Podle sm\u011bl\u00fdch odhad\u016f by u n\u00e1s mohly b\u00fdt k dost\u00e1n\u00ed b\u011bhem jednoho roku.<\/p>\n<p>\u0160t\u011bp\u00e1n SVA\u010cINA, p\u0159ednosta III. intern\u00ed kliniky VFN: Ka\u017edop\u00e1dn\u011b je paradoxn\u00ed, \u017ee jedete do Spojen\u00fdch st\u00e1t\u016f na kongres a tam vid\u00edte obrovsk\u00fd st\u00e1nek t\u011bchto firem a uvid\u00edte obrovskou aktivitu, proto\u017ee ta zem\u011b si uv\u011bdomuje, \u017ee obezita je probl\u00e9m.<\/p>\n<p>A tak dnes u n\u00e1s l\u00e9ka\u0159\u016fm nezb\u00fdv\u00e1 nic jin\u00e9ho ne\u017e na psychiku pacienta p\u016fsobit slovn\u011b.<\/p>\n<p>Prima FTV<\/p>\n<p><em>foto: Flickr<\/em><\/p>\n","protected":false},"excerpt":{"rendered":"<div class=\"mh-excerpt\"><p>V \u010cesku jsou v\u00edce ne\u017e dva miliony ob\u00e9zn\u00edch lid\u00ed. P\u0159itom n\u011bkte\u0159\u00ed l\u00e9ka\u0159i u n\u00e1s si st\u011b\u017euj\u00ed, \u017ee jim chyb\u00ed modern\u00ed l\u00e9ky, kter\u00e9 jsou nap\u0159\u00edklad v <a class=\"mh-excerpt-more\" href=\"https:\/\/www.invarena.cz\/?p=14550\" title=\"Polovina \u010cech\u016f pot\u0159ebuje zhubnout. Nov\u00e9 l\u00e9ky jsou u\u017e na obzoru\">[&#8230;]<\/a><\/p>\n<\/div>","protected":false},"author":1,"featured_media":14556,"comment_status":"open","ping_status":"closed","sticky":false,"template":"","format":"standard","meta":{"footnotes":""},"categories":[11],"tags":[],"class_list":["post-14550","post","type-post","status-publish","format-standard","has-post-thumbnail","hentry","category-zdravi"],"_links":{"self":[{"href":"https:\/\/www.invarena.cz\/index.php?rest_route=\/wp\/v2\/posts\/14550","targetHints":{"allow":["GET"]}}],"collection":[{"href":"https:\/\/www.invarena.cz\/index.php?rest_route=\/wp\/v2\/posts"}],"about":[{"href":"https:\/\/www.invarena.cz\/index.php?rest_route=\/wp\/v2\/types\/post"}],"author":[{"embeddable":true,"href":"https:\/\/www.invarena.cz\/index.php?rest_route=\/wp\/v2\/users\/1"}],"replies":[{"embeddable":true,"href":"https:\/\/www.invarena.cz\/index.php?rest_route=%2Fwp%2Fv2%2Fcomments&post=14550"}],"version-history":[{"count":0,"href":"https:\/\/www.invarena.cz\/index.php?rest_route=\/wp\/v2\/posts\/14550\/revisions"}],"wp:featuredmedia":[{"embeddable":true,"href":"https:\/\/www.invarena.cz\/index.php?rest_route=\/wp\/v2\/media\/14556"}],"wp:attachment":[{"href":"https:\/\/www.invarena.cz\/index.php?rest_route=%2Fwp%2Fv2%2Fmedia&parent=14550"}],"wp:term":[{"taxonomy":"category","embeddable":true,"href":"https:\/\/www.invarena.cz\/index.php?rest_route=%2Fwp%2Fv2%2Fcategories&post=14550"},{"taxonomy":"post_tag","embeddable":true,"href":"https:\/\/www.invarena.cz\/index.php?rest_route=%2Fwp%2Fv2%2Ftags&post=14550"}],"curies":[{"name":"wp","href":"https:\/\/api.w.org\/{rel}","templated":true}]}}