{"id":14552,"date":"2014-02-01T07:15:03","date_gmt":"2014-02-01T06:15:03","guid":{"rendered":"http:\/\/www.invarena.cz\/?p=14552"},"modified":"2014-02-01T09:37:14","modified_gmt":"2014-02-01T08:37:14","slug":"cerny-kasel-se-vraci","status":"publish","type":"post","link":"https:\/\/www.invarena.cz\/?p=14552","title":{"rendered":"\u010cern\u00fd ka\u0161el se vrac\u00ed"},"content":{"rendered":"<p><strong>P\u0159es tis\u00edc lid\u00ed onemocn\u011blo v posledn\u00edm roce \u010dern\u00fdm ka\u0161lem a dal\u0161\u00ed p\u0159ib\u00fdvaj\u00ed. Na vin\u011b jsou i rodi\u010de, kte\u0159\u00ed odm\u00edtaj\u00ed o\u010dkov\u00e1n\u00ed sv\u00fdch d\u011bt\u00ed, p\u0159esto\u017ee je ze z\u00e1kona povinn\u00e9.<\/strong><!--more--><\/p>\n<p><strong>report\u00e1\u017e \u010cT:<\/strong><\/p>\n<p><strong>Naposledy byla takov\u00e1 situace v cel\u00e9m \u010ceskoslovensku t\u00e9m\u011b\u0159 p\u0159ed 50 lety. Nejv\u00edc jsou touto z\u00e1va\u017enou infekc\u00ed ohro\u017eeni senio\u0159i a hlavn\u011b d\u011bti. Jen\u017ee \u010d\u00edm d\u00e1l v\u00edc rodi\u010d\u016f odm\u00edt\u00e1 o\u010dkov\u00e1n\u00ed sv\u00fdch d\u011bt\u00ed, p\u0159esto\u017ee je ze z\u00e1kona povinn\u00e9.<\/strong><\/p>\n<p>Bylo j\u00ed 2,5 m\u011bs\u00edce, kdy\u017e onemocn\u011bla \u010dern\u00fdm ka\u0161lem. Sv\u00e9 prvn\u00ed V\u00e1noce pro\u017eila v kritick\u00e9m stavu v nemocnici.<\/p>\n<p>Lucie HELMOV\u00c1, matka Renaty:<br \/>\nTa mal\u00e1 hol\u010di\u010dka se d\u00e1vila, dusila, 2kr\u00e1t upadla do kr\u00e1tkodob\u00fdho stavu bez dechu. To d\u00edt\u011b vypad\u00e1 opravdu u\u017e &#8230;, \u010dern\u00fd fleky na obli\u010deji.<\/p>\n<p>Nemoc se projevila v pln\u00e9 s\u00edle. Renata m\u00e1lem nep\u0159e\u017eila, nebyla toti\u017e o\u010dkovan\u00e1.<\/p>\n<p>HELMOV\u00c1,<br \/>\nPan\u00ed doktorka odm\u00edtla n\u00e1s o\u010dkovat, \u017ee takzvan\u011b bylinky v\u0161echno vy\u0159e\u0161\u00ed. A prost\u011b odm\u00edtla n\u00e1m ji o\u010dkovat, a\u010d jsme \u017e\u00e1dali.<\/p>\n<p>D\u00edt\u011b bylo podle rodi\u010d\u016f zdrav\u00e9 a nebyl d\u016fvod o\u010dkov\u00e1n\u00ed oddalovat. Mnohdy ale o\u010dkov\u00e1n\u00ed odm\u00edtaj\u00ed pr\u00e1v\u011b rodi\u010de. Boj\u00ed se vedlej\u0161\u00edch \u00fa\u010dink\u016f, jako jsou vysok\u00e9 teploty, nevolnost nebo neurologick\u00e9 pot\u00ed\u017ee.<\/p>\n<p>Roman PRYMULA, p\u0159edseda, \u010cesk\u00e1 vakcinologick\u00e1 spole\u010dnost:<br \/>\nArgumentuj\u00ed t\u00edm, \u017ee o\u010dkov\u00e1n\u00ed v tuto chv\u00edli je zbyte\u010dn\u00e9, proto\u017ee infekce u\u017e nejsou.<\/p>\n<p>Opak je ale pravdou. Po\u010det naka\u017een\u00fdch \u010dern\u00fdm ka\u0161lem nar\u016fst\u00e1. Vloni to bylo p\u0159es 1 200 p\u0159\u00edpad\u016f. Naposledy se tak velk\u00e1 \u010d\u00edsla objevila v roce 1966.<\/p>\n<p>Kate\u0159ina FABI\u00c1NOV\u00c1, Centrum epidemiologie a mikrobiologie, SZ\u00da:<br \/>\n\u010c\u00edm stoup\u00e1 procento lid\u00ed, kte\u0159\u00ed nejsou o\u010dkov\u00e1ni, t\u00edm je vy\u0161\u0161\u00ed pravd\u011bpodobnost, \u017ee to onemocn\u011bn\u00ed vznikne.<\/p>\n<p>Dal\u0161\u00ed obavu moment\u00e1ln\u011b vzbuzuj\u00ed v Evrop\u011b miliony v\u00e1le\u010dn\u00fdch uprchl\u00edk\u016f ze S\u00fdrie, kde se \u0161\u00ed\u0159\u00ed obrna. Pr\u00e1v\u011b obrnu se u n\u00e1s poda\u0159ilo v 60. letech vym\u00fdtit jako prvn\u00edm na sv\u011bt\u011b. To ale neznamen\u00e1, \u017ee se nem\u016f\u017ee vr\u00e1tit, stejn\u011b jako \u010dern\u00fd ka\u0161el. Na toto infek\u010dn\u00ed onemocn\u011bn\u00ed za posledn\u00edch 5 let zem\u0159eli 4 neo\u010dkovan\u00ed kojenci. Dnes 4let\u00e1 Renata m\u011bla \u0161t\u011bst\u00ed, uzdravila se a \u017e\u00e1dn\u00e9 n\u00e1sledky nem\u00e1.<\/p>\n<p>ilustra\u010dn\u00ed foto: Photoxpress<\/p>\n","protected":false},"excerpt":{"rendered":"<div class=\"mh-excerpt\"><p>P\u0159es tis\u00edc lid\u00ed onemocn\u011blo v posledn\u00edm roce \u010dern\u00fdm ka\u0161lem a dal\u0161\u00ed p\u0159ib\u00fdvaj\u00ed. Na vin\u011b jsou i rodi\u010de, kte\u0159\u00ed odm\u00edtaj\u00ed o\u010dkov\u00e1n\u00ed sv\u00fdch d\u011bt\u00ed, p\u0159esto\u017ee je ze <a class=\"mh-excerpt-more\" href=\"https:\/\/www.invarena.cz\/?p=14552\" title=\"\u010cern\u00fd ka\u0161el se vrac\u00ed\">[&#8230;]<\/a><\/p>\n<\/div>","protected":false},"author":1,"featured_media":14646,"comment_status":"open","ping_status":"closed","sticky":false,"template":"","format":"standard","meta":{"footnotes":""},"categories":[11],"tags":[],"class_list":["post-14552","post","type-post","status-publish","format-standard","has-post-thumbnail","hentry","category-zdravi"],"_links":{"self":[{"href":"https:\/\/www.invarena.cz\/index.php?rest_route=\/wp\/v2\/posts\/14552","targetHints":{"allow":["GET"]}}],"collection":[{"href":"https:\/\/www.invarena.cz\/index.php?rest_route=\/wp\/v2\/posts"}],"about":[{"href":"https:\/\/www.invarena.cz\/index.php?rest_route=\/wp\/v2\/types\/post"}],"author":[{"embeddable":true,"href":"https:\/\/www.invarena.cz\/index.php?rest_route=\/wp\/v2\/users\/1"}],"replies":[{"embeddable":true,"href":"https:\/\/www.invarena.cz\/index.php?rest_route=%2Fwp%2Fv2%2Fcomments&post=14552"}],"version-history":[{"count":0,"href":"https:\/\/www.invarena.cz\/index.php?rest_route=\/wp\/v2\/posts\/14552\/revisions"}],"wp:featuredmedia":[{"embeddable":true,"href":"https:\/\/www.invarena.cz\/index.php?rest_route=\/wp\/v2\/media\/14646"}],"wp:attachment":[{"href":"https:\/\/www.invarena.cz\/index.php?rest_route=%2Fwp%2Fv2%2Fmedia&parent=14552"}],"wp:term":[{"taxonomy":"category","embeddable":true,"href":"https:\/\/www.invarena.cz\/index.php?rest_route=%2Fwp%2Fv2%2Fcategories&post=14552"},{"taxonomy":"post_tag","embeddable":true,"href":"https:\/\/www.invarena.cz\/index.php?rest_route=%2Fwp%2Fv2%2Ftags&post=14552"}],"curies":[{"name":"wp","href":"https:\/\/api.w.org\/{rel}","templated":true}]}}