{"id":14579,"date":"2014-01-28T12:27:37","date_gmt":"2014-01-28T11:27:37","guid":{"rendered":"http:\/\/www.invarena.cz\/?p=14579"},"modified":"2014-01-28T13:39:24","modified_gmt":"2014-01-28T12:39:24","slug":"mam-s-novymi-zmenami-narok-na-zvyseni-prispevku-na-peci-a-prukaz-ozp","status":"publish","type":"post","link":"https:\/\/www.invarena.cz\/?p=14579","title":{"rendered":"M\u00e1m s nov\u00fdmi zm\u011bnami n\u00e1rok na zv\u00fd\u0161en\u00ed p\u0159\u00edsp\u011bvku na p\u00e9\u010di a pr\u016fkaz OZP?"},"content":{"rendered":"<p><strong>Spousta posti\u017een\u00fdch je v sou\u010dasn\u00e9 dob\u011b zmatena ze situace okolo pr\u016fkaz\u016f OZP a p\u0159\u00edsp\u011bvk\u016f na p\u00e9\u010di. V na\u0161em \u010dl\u00e1nku v\u00e1m vyjasn\u00edme, \u010deho se zm\u011bny t\u00fdkaj\u00ed a co se od prvn\u00edho ledna nezm\u011bnilo.<\/strong><br \/>\n<!--more--><br \/>\nNa za\u010d\u00e1tek je asi nejd\u016fle\u017eit\u011bj\u0161\u00ed uji\u0161t\u011bn\u00ed, \u017ee od ledna neza\u010dal platit \u017e\u00e1dn\u00fd nov\u00fd z\u00e1kon \u010di na\u0159\u00edzen\u00ed, kter\u00e9 by vy\u017eadovalo va\u0161i samostatnou aktivitu. Pokud budete muset n\u011bco ud\u011blat, v\u017edy k tomu budete dopisem vyzv\u00e1ni.<\/p>\n<p>Nejv\u011bt\u0161\u00ed a v podstat\u011b jedinou zm\u011bnou je, \u017ee se u\u017e nad\u00e1le nebudou posuzovat p\u0159\u00edsp\u011bvky na p\u00e9\u010di spole\u010dn\u011b s pr\u016fkazy OZP. To, co zavedl b\u00fdval\u00fd ministr Dr\u00e1bek m\u016f\u017eete v sou\u010dasn\u00e9 dob\u011b zapomenout. Od ledna se toti\u017e \u017e\u00e1d\u00e1 a posuzuje o p\u0159\u00edsp\u011bvek na p\u00e9\u010di a pr\u016fkaz OZP zvl\u00e1\u0161\u0165. Pro n\u011bkoho to mo\u017en\u00e1 bude znamenat v\u00edce pap\u00edrov\u00e1n\u00ed a n\u00e1v\u0161t\u011bv l\u00e9ka\u0159e, ale mnoh\u00fdm to pom\u016f\u017ee ke znovu z\u00edsk\u00e1n\u00ed pr\u016fkazu OZP, kter\u00fd jim byl v minul\u00fdch dvou letech odebr\u00e1n pr\u00e1v\u011b kv\u016fli tomu, \u017ee nem\u011bli n\u00e1rok na p\u0159\u00edsp\u011bvek na p\u00e9\u010di.<\/p>\n<p>Mezi lidmi v\u0161ak koluje m\u00fdtus, \u017ee se zm\u011bnami bude sna\u017e\u0161\u00ed z\u00edskat vy\u0161\u0161\u00ed stupe\u0148 p\u0159\u00edsp\u011bvku na p\u00e9\u010di. Tak tomu ale nen\u00ed. Ve stupn\u00edch z\u00e1vislosti a v posuzov\u00e1n\u00ed nedo\u0161lo k \u017e\u00e1dn\u00fdm zm\u011bn\u00e1m. I nad\u00e1le se tak posuzuje podle deseti stup\u0148ov\u00e9 \u0161k\u00e1ly z\u00e1kladn\u00edch \u017eivotn\u00edch pot\u0159eb.<\/p>\n<p>Jejich seznam a popis naleznete nap\u0159\u00edklad na webu N\u00e1rodn\u00ed rady osob se zdravotn\u00edm posti\u017een\u00edm \u010cR:<\/p>\n<p><a href=\"http:\/\/poradna.nrzp.cz\/clanek.php?clanek=6\">Z\u00e1kladn\u00ed \u017eivotn\u00ed pot\u0159eby<\/a><\/p>\n<p>Plat\u00ed \u017ee:<br \/>\nNezvl\u00e1dnete 3 \u2013 4 Z\u017dP \u2013 I. Stupe\u0148 &#8211; 800 K\u010d<br \/>\nNezvl\u00e1dnete 5 \u2013 6 Z\u017dP \u2013 II. Stupe\u0148 \u2013 4000 K\u010d<br \/>\nNezvl\u00e1dnete 7 \u2013 8 Z\u017dP \u2013 III. Stupe\u0148 \u2013 8000 K\u010d<br \/>\nNezvl\u00e1dnete 9 \u2013 10 Z\u017dP \u2013 IV. Stupe\u0148 \u2013 12000 K\u010d<\/p>\n<p>Zm\u011bny se t\u00fdkaj\u00ed pr\u016fkaz\u016f OZP. Nejen \u017ee dojde k jejich odlou\u010den\u00ed od p\u0159\u00edsp\u011bvku na p\u00e9\u010di, co\u017e jak u\u017e jsme psali p\u0159inese pro spoustu handicapovan\u00fdch v\u00fdhody, ale do konce roku 2015 si ka\u017ed\u00fd bude muset vyzvednout nov\u00fd pr\u016fkaz OZP.<\/p>\n<p>N\u011bkomu bude vyd\u00e1n automaticky bez nutnosti nov\u00e9ho posuzov\u00e1n\u00ed. N\u011bkdo v\u0161ak bude muset proj\u00edt cel\u00fdm procesem. Bude se to t\u00fdkat hlavn\u011b t\u011bch lid\u00ed, o kter\u00fdch nebude m\u00edt posudkov\u00e1 komise ve\u0161ker\u00e9 podklady. \u0158\u00e1dov\u011b by se m\u011blo jednat o des\u00edtky tis\u00edc lid\u00ed z celkov\u00e9ho po\u010dtu p\u0159ibli\u017en\u011b \u010dtvrt mili\u00f3nu lid\u00ed, kte\u0159\u00ed dostanou nov\u00fd pr\u016fkaz OZP.<\/p>\n<p>O cel\u00e9m procesu v\u00fdm\u011bny pr\u016fkaz\u016f OZP jsme u\u017e podrobn\u011b psali zde:<\/p>\n<p><a href=\"https:\/\/www.invarena.cz\/?p=13601\">Do konce roku 2015 si mus\u00ed v\u0161ichni posti\u017een\u00ed vyzvednout nov\u00fd pr\u016fkaz OZP<\/a><\/p>\n<p>P\u0159ipojujeme je\u0161t\u011b seznam zdravotn\u00edch indikac\u00ed, kter\u00e9 handicapovan\u00e9ho oprav\u0148uj\u00ed vyu\u017e\u00edvat pr\u016fkaz OZP. naleznete jej takt\u00e9\u017e na webu NRZP \u010cR:<\/p>\n<p><a href=\"http:\/\/poradna.nrzp.cz\/clanek.php?clanek=16\">Seznam indikac\u00ed na p\u0159izn\u00e1n\u00ed pr\u016fkazu OZP<\/a><\/p>\n<p>Ji\u0159\u00ed Marek<br \/>\ninvArena<\/p>\n","protected":false},"excerpt":{"rendered":"<div class=\"mh-excerpt\"><p>Spousta posti\u017een\u00fdch je v sou\u010dasn\u00e9 dob\u011b zmatena ze situace okolo pr\u016fkaz\u016f OZP a p\u0159\u00edsp\u011bvk\u016f na p\u00e9\u010di. V na\u0161em \u010dl\u00e1nku v\u00e1m vyjasn\u00edme, \u010deho se zm\u011bny t\u00fdkaj\u00ed <a class=\"mh-excerpt-more\" href=\"https:\/\/www.invarena.cz\/?p=14579\" title=\"M\u00e1m s nov\u00fdmi zm\u011bnami n\u00e1rok na zv\u00fd\u0161en\u00ed p\u0159\u00edsp\u011bvku na p\u00e9\u010di a pr\u016fkaz OZP?\">[&#8230;]<\/a><\/p>\n<\/div>","protected":false},"author":3,"featured_media":13767,"comment_status":"open","ping_status":"closed","sticky":false,"template":"","format":"standard","meta":{"footnotes":""},"categories":[18],"tags":[],"class_list":["post-14579","post","type-post","status-publish","format-standard","has-post-thumbnail","hentry","category-poradna"],"_links":{"self":[{"href":"https:\/\/www.invarena.cz\/index.php?rest_route=\/wp\/v2\/posts\/14579","targetHints":{"allow":["GET"]}}],"collection":[{"href":"https:\/\/www.invarena.cz\/index.php?rest_route=\/wp\/v2\/posts"}],"about":[{"href":"https:\/\/www.invarena.cz\/index.php?rest_route=\/wp\/v2\/types\/post"}],"author":[{"embeddable":true,"href":"https:\/\/www.invarena.cz\/index.php?rest_route=\/wp\/v2\/users\/3"}],"replies":[{"embeddable":true,"href":"https:\/\/www.invarena.cz\/index.php?rest_route=%2Fwp%2Fv2%2Fcomments&post=14579"}],"version-history":[{"count":0,"href":"https:\/\/www.invarena.cz\/index.php?rest_route=\/wp\/v2\/posts\/14579\/revisions"}],"wp:featuredmedia":[{"embeddable":true,"href":"https:\/\/www.invarena.cz\/index.php?rest_route=\/wp\/v2\/media\/13767"}],"wp:attachment":[{"href":"https:\/\/www.invarena.cz\/index.php?rest_route=%2Fwp%2Fv2%2Fmedia&parent=14579"}],"wp:term":[{"taxonomy":"category","embeddable":true,"href":"https:\/\/www.invarena.cz\/index.php?rest_route=%2Fwp%2Fv2%2Fcategories&post=14579"},{"taxonomy":"post_tag","embeddable":true,"href":"https:\/\/www.invarena.cz\/index.php?rest_route=%2Fwp%2Fv2%2Ftags&post=14579"}],"curies":[{"name":"wp","href":"https:\/\/api.w.org\/{rel}","templated":true}]}}