{"id":14596,"date":"2014-01-28T13:29:59","date_gmt":"2014-01-28T12:29:59","guid":{"rendered":"http:\/\/www.invarena.cz\/?p=14596"},"modified":"2014-01-29T09:57:31","modified_gmt":"2014-01-29T08:57:31","slug":"brani-studium-v-prijmu-invalidniho-duchodu","status":"publish","type":"post","link":"https:\/\/www.invarena.cz\/?p=14596","title":{"rendered":"Br\u00e1n\u00ed studium v p\u0159\u00edjmu invalidn\u00edho d\u016fchodu?"},"content":{"rendered":"<p><strong>M\u00e1m syna, jemu\u017e bude v b\u0159eznu 18 let, je od mala ZTP\/P, dost\u00e1v\u00e1 p\u0159\u00edsp\u011bvek na p\u00e9\u010di 4. stupn\u011b. Nyn\u00ed je na praktick\u00e9 \u0161kole, ale letos kon\u010d\u00ed. Po\u017e\u00e1dali jsme o d\u016fchod. Nyn\u00ed mu ve \u0161kole nab\u00eddli, \u017ee by mohl studovat d\u00e1l, v ,,E-\u010dkov\u00e9m&#8220; oboru &#8211; pomocn\u00fd prodava\u010d. M\u00e1me ale obavu, \u017ee kdy\u017e by pokra\u010doval ve studiu d\u00e1l, mohl by o d\u016fchod a p\u0159\u00edsp\u011bvek na p\u00e9\u010di p\u0159ij\u00edt. <\/strong><br \/>\n<!--more--><br \/>\nV\u0161eobecn\u011b lze uv\u00e9st, \u017ee jsou t\u0159i stupn\u011b invalidn\u00edch d\u016fchod\u016f. U \u017e\u00e1dn\u00e9ho z nich nen\u00ed p\u0159edem stanoveno, \u017ee by p\u0159\u00edjemce invalidn\u00edho d\u016fchodu nemohl studovat, \u010di pracovat. Z\u00e1le\u017e\u00ed v\u0161ak na zdravotn\u00edm stavu doty\u010dn\u00e9ho, proto\u017ee pokud je nap\u0159\u00edklad t\u011b\u017ece t\u011blesn\u011b posti\u017een\u00fd, zcela jist\u011b bude m\u00edt n\u011bjak\u00e1 omezen\u00ed, kv\u016fli kter\u00fdm nem\u016f\u017ee vykon\u00e1vat nap\u0159\u00edklad manu\u00e1ln\u011b n\u00e1ro\u010dnou pr\u00e1ci. O tom, jak\u00e1 omezen\u00ed to konkr\u00e9tn\u011b u dan\u00e9ho jedince budou, rozhoduje l\u00e9ka\u0159sk\u00e1 posudkov\u00e1 slu\u017eba p\u0159i rozhodov\u00e1n\u00ed o invalidn\u00edm d\u016fchodu.<\/p>\n<p>Bohu\u017eel neuv\u00e1d\u00edte, jak\u00e9 zdravotn\u00ed probl\u00e9my V\u00e1\u0161 syn m\u00e1, nelze tedy odhadnout, zda pr\u00e1v\u011b ve va\u0161em p\u0159\u00edpad\u011b LPS n\u011bjak\u00e1 omezen\u00ed ur\u010d\u00ed.<\/p>\n<p>Studium jako takov\u00e9 ale rozhodn\u011b nen\u00ed p\u0159ek\u00e1\u017ekou v tom, aby V\u00e1\u0161 syn mohl pob\u00edrat invalidn\u00ed d\u016fchod. Je spousta t\u011b\u017ece t\u011blesn\u011b posti\u017een\u00fdch lid\u00ed, kte\u0159\u00ed studuj\u00ed i vysok\u00e9 \u0161koly a invalidn\u00ed d\u016fchod bez probl\u00e9m\u016f pob\u00edraj\u00ed.<\/p>\n<p>Mohu V\u00e1m doporu\u010dit, abyste se na p\u0159\u00edpadn\u00e1 zdravotn\u00ed omezen\u00ed zeptala p\u0159\u00edmo posudkov\u00e9ho l\u00e9ka\u0159e, a\u017e si V\u00e1s pozvou ke komisi, ur\u010dit\u011b by V\u00e1m m\u011bl podat p\u0159esn\u00e9 a konkr\u00e9tn\u00ed informace.<\/p>\n<p>Ji\u0159\u00ed Marek<br \/>\ninvArena<\/p>\n","protected":false},"excerpt":{"rendered":"<div class=\"mh-excerpt\"><p>M\u00e1m syna, jemu\u017e bude v b\u0159eznu 18 let, je od mala ZTP\/P, dost\u00e1v\u00e1 p\u0159\u00edsp\u011bvek na p\u00e9\u010di 4. stupn\u011b. Nyn\u00ed je na praktick\u00e9 \u0161kole, ale letos <a class=\"mh-excerpt-more\" href=\"https:\/\/www.invarena.cz\/?p=14596\" title=\"Br\u00e1n\u00ed studium v p\u0159\u00edjmu invalidn\u00edho d\u016fchodu?\">[&#8230;]<\/a><\/p>\n<\/div>","protected":false},"author":3,"featured_media":1056,"comment_status":"open","ping_status":"closed","sticky":false,"template":"","format":"standard","meta":{"footnotes":""},"categories":[18,9],"tags":[],"class_list":["post-14596","post","type-post","status-publish","format-standard","has-post-thumbnail","hentry","category-poradna","category-zpravy"],"_links":{"self":[{"href":"https:\/\/www.invarena.cz\/index.php?rest_route=\/wp\/v2\/posts\/14596","targetHints":{"allow":["GET"]}}],"collection":[{"href":"https:\/\/www.invarena.cz\/index.php?rest_route=\/wp\/v2\/posts"}],"about":[{"href":"https:\/\/www.invarena.cz\/index.php?rest_route=\/wp\/v2\/types\/post"}],"author":[{"embeddable":true,"href":"https:\/\/www.invarena.cz\/index.php?rest_route=\/wp\/v2\/users\/3"}],"replies":[{"embeddable":true,"href":"https:\/\/www.invarena.cz\/index.php?rest_route=%2Fwp%2Fv2%2Fcomments&post=14596"}],"version-history":[{"count":0,"href":"https:\/\/www.invarena.cz\/index.php?rest_route=\/wp\/v2\/posts\/14596\/revisions"}],"wp:featuredmedia":[{"embeddable":true,"href":"https:\/\/www.invarena.cz\/index.php?rest_route=\/wp\/v2\/media\/1056"}],"wp:attachment":[{"href":"https:\/\/www.invarena.cz\/index.php?rest_route=%2Fwp%2Fv2%2Fmedia&parent=14596"}],"wp:term":[{"taxonomy":"category","embeddable":true,"href":"https:\/\/www.invarena.cz\/index.php?rest_route=%2Fwp%2Fv2%2Fcategories&post=14596"},{"taxonomy":"post_tag","embeddable":true,"href":"https:\/\/www.invarena.cz\/index.php?rest_route=%2Fwp%2Fv2%2Ftags&post=14596"}],"curies":[{"name":"wp","href":"https:\/\/api.w.org\/{rel}","templated":true}]}}