{"id":14609,"date":"2014-01-30T10:20:20","date_gmt":"2014-01-30T09:20:20","guid":{"rendered":"http:\/\/www.invarena.cz\/?p=14609"},"modified":"2014-10-20T20:03:59","modified_gmt":"2014-10-20T18:03:59","slug":"u-pohovoru-neverili-ze-mam-maturitu-a-ze-vubec-neco-umim","status":"publish","type":"post","link":"https:\/\/www.invarena.cz\/?p=14609","title":{"rendered":"U pohovoru nev\u011b\u0159ili, \u017ee m\u00e1m maturitu a \u017ee v\u016fbec n\u011bco um\u00edm"},"content":{"rendered":"<p><strong>Nez\u00e1vid\u011bn\u00edhodn\u00e9 zku\u0161enosti se sh\u00e1n\u011bn\u00edm pr\u00e1ce m\u00e1 nesly\u0161\u00edc\u00ed dvaat\u0159icetilet\u00e1 Radka. Na vlastn\u00ed k\u016f\u017ei poc\u00edtila, jak\u00e9 to je, kdy\u017e ji nikde necht\u011bli p\u0159ijmout.<!--more--><\/strong><\/p>\n<p>&nbsp;<\/p>\n<p>&#8222;N\u011bkte\u0159\u00ed sly\u0161\u00edc\u00ed kolegov\u00e9 m\u011bli strach se mnou mluvit, jin\u00ed byli skv\u011bl\u00ed, nau\u010dili mne slova, byli trp\u011bliv\u00ed,&#8220; \u0159\u00edk\u00e1. Na vlastn\u00ed k\u016f\u017ei poc\u00edtila, jak\u00e9 to je, kdy\u017e ji nikde necht\u011bli p\u0159ijmout.<\/p>\n<p>&#8222;U pohovoru sl\u00edbili, \u017ee se mi ozvou, ale \u010dasto to v\u016fbec neud\u011blali. Nesna\u017eili se a ani se necht\u011bli se mnou bavit, mo\u017en\u00e1 v tom byl i strach,&#8220; vzpom\u00edn\u00e1. Radka se hl\u00e1sila na v\u00fdpomoc v kancel\u00e1\u0159i, v knihovn\u011b i ve \u0161kolce, le\u010d marn\u011b. &#8222;Byli p\u0159ekvapeni, \u017ee m\u00e1m maturitu, a\u010dkoliv vid\u011bli vysv\u011bd\u010den\u00ed. Ptali se m\u011b, zda to opravdu um\u00edm, a nev\u011b\u0159ili, \u017ee bych mohla m\u00edt takovou kvalifikaci,&#8220; \u0159\u00edk\u00e1.<\/p>\n<p>Trp\u011blivost se vyplatila, Radka se chytila jako zubn\u00ed technik i d\u011blnice v elektrotechnice.<\/p>\n<p>Nyn\u00ed pracuje v hradeck\u00e9 \u0161kole pro d\u011bti s vadou sluchu. S p\u0159edsudky se v\u0161ak setk\u00e1v\u00e1 st\u00e1le. &#8222;\u0158ada lid\u00ed si mysl\u00ed, \u017ee jsme hloup\u00ed. Nev\u011b\u0159\u00ed, \u017ee bychom opravdu mohli m\u00edt maturitu. A to jsou mezi nesly\u0161\u00edc\u00edmi i vysoko\u0161kol\u00e1ci,&#8220; podot\u00fdk\u00e1.<\/p>\n<p>Mlad\u00e1 fronta DNES\u00a0 <a href=\"http:\/\/zpravy.idnes.cz\/mfdnes.asp\" target=\"_blank\">http:\/\/zpravy.idnes.cz\/ mfdnes.asp<\/a><\/p>\n<p><em>ilustra\u010dn\u00ed foto: Paolo Neo publicdomainphoto<\/em><\/p>\n","protected":false},"excerpt":{"rendered":"<div class=\"mh-excerpt\"><p>Nez\u00e1vid\u011bn\u00edhodn\u00e9 zku\u0161enosti se sh\u00e1n\u011bn\u00edm pr\u00e1ce m\u00e1 nesly\u0161\u00edc\u00ed dvaat\u0159icetilet\u00e1 Radka. Na vlastn\u00ed k\u016f\u017ei poc\u00edtila, jak\u00e9 to je, kdy\u017e ji nikde necht\u011bli p\u0159ijmout.<\/p>\n<\/div>","protected":false},"author":1,"featured_media":14621,"comment_status":"open","ping_status":"closed","sticky":false,"template":"","format":"standard","meta":{"footnotes":""},"categories":[7],"tags":[],"class_list":["post-14609","post","type-post","status-publish","format-standard","has-post-thumbnail","hentry","category-spolecnost"],"_links":{"self":[{"href":"https:\/\/www.invarena.cz\/index.php?rest_route=\/wp\/v2\/posts\/14609","targetHints":{"allow":["GET"]}}],"collection":[{"href":"https:\/\/www.invarena.cz\/index.php?rest_route=\/wp\/v2\/posts"}],"about":[{"href":"https:\/\/www.invarena.cz\/index.php?rest_route=\/wp\/v2\/types\/post"}],"author":[{"embeddable":true,"href":"https:\/\/www.invarena.cz\/index.php?rest_route=\/wp\/v2\/users\/1"}],"replies":[{"embeddable":true,"href":"https:\/\/www.invarena.cz\/index.php?rest_route=%2Fwp%2Fv2%2Fcomments&post=14609"}],"version-history":[{"count":0,"href":"https:\/\/www.invarena.cz\/index.php?rest_route=\/wp\/v2\/posts\/14609\/revisions"}],"wp:featuredmedia":[{"embeddable":true,"href":"https:\/\/www.invarena.cz\/index.php?rest_route=\/wp\/v2\/media\/14621"}],"wp:attachment":[{"href":"https:\/\/www.invarena.cz\/index.php?rest_route=%2Fwp%2Fv2%2Fmedia&parent=14609"}],"wp:term":[{"taxonomy":"category","embeddable":true,"href":"https:\/\/www.invarena.cz\/index.php?rest_route=%2Fwp%2Fv2%2Fcategories&post=14609"},{"taxonomy":"post_tag","embeddable":true,"href":"https:\/\/www.invarena.cz\/index.php?rest_route=%2Fwp%2Fv2%2Ftags&post=14609"}],"curies":[{"name":"wp","href":"https:\/\/api.w.org\/{rel}","templated":true}]}}