{"id":14625,"date":"2014-01-30T18:24:06","date_gmt":"2014-01-30T17:24:06","guid":{"rendered":"http:\/\/www.invarena.cz\/?p=14625"},"modified":"2014-01-30T18:24:43","modified_gmt":"2014-01-30T17:24:43","slug":"slavny-svedsky-spisovatel-trpi-rakovinou","status":"publish","type":"post","link":"https:\/\/www.invarena.cz\/?p=14625","title":{"rendered":"Slavn\u00fd \u0161v\u00e9dsk\u00fd spisovatel trp\u00ed rakovinou"},"content":{"rendered":"<p><strong>Jeden z nejprod\u00e1van\u011bj\u0161\u00edch sou\u010dasn\u00fdch sv\u011btov\u00fdch autor\u016f detektivek \u0160v\u00e9d Henning Mankell ozn\u00e1mil, \u017ee trp\u00ed rakovinou. Mankellova d\u00edla byla p\u0159elo\u017eena do des\u00edtek sv\u011btov\u00fdch jazyk\u016f, v\u010detn\u011b \u010de\u0161tiny (\u010c\u00ed\u0148an, Vrazi bez tv\u00e1\u0159e).<!--more--><\/strong><\/p>\n<p>\u0160v\u00e9dsk\u00fd spisovatel, kter\u00fd po\u010d\u00e1tkem \u00fanora oslav\u00ed 66. narozeniny, na sv\u00fdch internetov\u00fdch str\u00e1nk\u00e1ch uvedl, \u017ee p\u0159i kontrole v nemocnici u n\u011bj l\u00e9ka\u0159i odhalili n\u00e1dor na krku a v lev\u00e9 pl\u00edci.<\/p>\n<p>&#8222;M\u011bl jsem jeden n\u00e1dor na zadn\u00ed \u010d\u00e1sti krku a jeden v lev\u00e9 pl\u00edci. Nav\u00edc existuje podez\u0159en\u00ed, \u017ee se rakovina roz\u0161\u00ed\u0159ila do dal\u0161\u00edch \u010d\u00e1st\u00ed m\u00e9ho t\u011bla,&#8220; napsal Mankell. &#8222;Te\u010f podstupuji z\u00e1v\u011bre\u010dn\u00e1 vy\u0161et\u0159en\u00ed, po nich\u017e se rozhodne, jak\u00fd druh l\u00e9\u010dby podstoup\u00edm,&#8220; sd\u011blil d\u00e1le Mankell.<\/p>\n<p>V psan\u00ed chce ale \u0160v\u00e9d navzdory v\u00e1\u017en\u00e9 diagn\u00f3ze pokra\u010dovat. &#8222;Velmi brzy jsem se rozhodl, \u017ee se pokus\u00edm o tom ps\u00e1t, proto\u017ee touto bolest\u00ed trp\u00ed mnoho lid\u00ed. Rozhodl jsem se ps\u00e1t o t\u00e9 t\u011b\u017ek\u00e9 bitv\u011b. Budu ale ps\u00e1t z perspektivy \u017eivota, nikoli smrti,&#8220; citovala jej agentura AP.<\/p>\n<p>Mankell proslul p\u0159edev\u0161\u00edm detektivn\u00edmi p\u0159\u00edb\u011bhy spojen\u00fdmi postavou inspektora Kurta Wallandera, podle nich\u017e byl tak\u00e9 nato\u010den \u00fasp\u011b\u0161n\u00fd televizn\u00ed seri\u00e1l Wallander s Kennethem Branaghem v hlavn\u00ed roli. Mankellova d\u00edla byla p\u0159elo\u017eena do des\u00edtek sv\u011btov\u00fdch jazyk\u016f, v\u010detn\u011b \u010de\u0161tiny (mimo jin\u00e9 \u010c\u00ed\u0148an, Vrazi bez tv\u00e1\u0159e). Celosv\u011btov\u00fd prodej jeho knih p\u0159es\u00e1hl 40 milion\u016f v\u00fdtisk\u016f.<\/p>\n","protected":false},"excerpt":{"rendered":"<div class=\"mh-excerpt\"><p>Jeden z nejprod\u00e1van\u011bj\u0161\u00edch sou\u010dasn\u00fdch sv\u011btov\u00fdch autor\u016f detektivek \u0160v\u00e9d Henning Mankell ozn\u00e1mil, \u017ee trp\u00ed rakovinou. Mankellova d\u00edla byla p\u0159elo\u017eena do des\u00edtek sv\u011btov\u00fdch jazyk\u016f, v\u010detn\u011b \u010de\u0161tiny (\u010c\u00ed\u0148an, <a class=\"mh-excerpt-more\" href=\"https:\/\/www.invarena.cz\/?p=14625\" title=\"Slavn\u00fd \u0161v\u00e9dsk\u00fd spisovatel trp\u00ed rakovinou\">[&#8230;]<\/a><\/p>\n<\/div>","protected":false},"author":1,"featured_media":14626,"comment_status":"open","ping_status":"closed","sticky":false,"template":"","format":"standard","meta":{"footnotes":""},"categories":[7],"tags":[],"class_list":["post-14625","post","type-post","status-publish","format-standard","has-post-thumbnail","hentry","category-spolecnost"],"_links":{"self":[{"href":"https:\/\/www.invarena.cz\/index.php?rest_route=\/wp\/v2\/posts\/14625","targetHints":{"allow":["GET"]}}],"collection":[{"href":"https:\/\/www.invarena.cz\/index.php?rest_route=\/wp\/v2\/posts"}],"about":[{"href":"https:\/\/www.invarena.cz\/index.php?rest_route=\/wp\/v2\/types\/post"}],"author":[{"embeddable":true,"href":"https:\/\/www.invarena.cz\/index.php?rest_route=\/wp\/v2\/users\/1"}],"replies":[{"embeddable":true,"href":"https:\/\/www.invarena.cz\/index.php?rest_route=%2Fwp%2Fv2%2Fcomments&post=14625"}],"version-history":[{"count":0,"href":"https:\/\/www.invarena.cz\/index.php?rest_route=\/wp\/v2\/posts\/14625\/revisions"}],"wp:featuredmedia":[{"embeddable":true,"href":"https:\/\/www.invarena.cz\/index.php?rest_route=\/wp\/v2\/media\/14626"}],"wp:attachment":[{"href":"https:\/\/www.invarena.cz\/index.php?rest_route=%2Fwp%2Fv2%2Fmedia&parent=14625"}],"wp:term":[{"taxonomy":"category","embeddable":true,"href":"https:\/\/www.invarena.cz\/index.php?rest_route=%2Fwp%2Fv2%2Fcategories&post=14625"},{"taxonomy":"post_tag","embeddable":true,"href":"https:\/\/www.invarena.cz\/index.php?rest_route=%2Fwp%2Fv2%2Ftags&post=14625"}],"curies":[{"name":"wp","href":"https:\/\/api.w.org\/{rel}","templated":true}]}}