{"id":14627,"date":"2014-01-30T18:32:51","date_gmt":"2014-01-30T17:32:51","guid":{"rendered":"http:\/\/www.invarena.cz\/?p=14627"},"modified":"2014-01-30T18:33:04","modified_gmt":"2014-01-30T17:33:04","slug":"evropska-komise-chce-spojit-programy-na-dodavky-ovoce-a-mleka-do-skol","status":"publish","type":"post","link":"https:\/\/www.invarena.cz\/?p=14627","title":{"rendered":"Evropsk\u00e1 komise chce spojit dod\u00e1vky ovoce a ml\u00e9ka do \u0161kol"},"content":{"rendered":"<p><strong>Celkem 197 milion\u016f eur (asi 5,3 miliardy k\u010d) je pro leto\u0161ek vy\u010dlen\u011bno v evropsk\u00e9m rozpo\u010dtu na dod\u00e1vky ml\u00e9ka a ovoce d\u011btem do \u0161kol. EK dnes navrhla spojit dva existuj\u00edc\u00ed, ale dosud odd\u011blen\u00e9 programy, kter\u00e9 podporuj\u00ed zdravou d\u011btskou v\u00fd\u017eivu.<!--more--><\/strong><\/p>\n<p>&nbsp;<\/p>\n<p>Podle eurokomisa\u0159e pro zem\u011bd\u011blstv\u00ed a rozvoj venkova Daciana Ciolose spojen\u00ed zat\u00edm odd\u011blen\u011b existuj\u00edc\u00edch akc\u00ed na podporu ml\u00e9ka a ovoce v\u00fdrazn\u011b u\u0161et\u0159\u00ed administrativn\u00ed n\u00e1klady.<\/p>\n<p>Pos\u00edlen\u00fd m\u00e1 b\u00fdt vzd\u011bl\u00e1vac\u00ed aspekt nov\u00e9ho programu, a to nap\u0159\u00edklad n\u00e1v\u0161t\u011bvami farem \u010di hodinami zem\u011bd\u011blsk\u00fdch prac\u00ed tak, aby si \u017e\u00e1ci uv\u011bdomovali souvislost mezi potravinami a zem\u011bd\u011blstv\u00edm. Podle z\u00e1stupce komise je to krok k tomu, aby si d\u011bti navykly stravovat se zdrav\u011b.<\/p>\n<p>&#8222;Douf\u00e1m rovn\u011b\u017e, \u017ee to bude skv\u011bl\u00e1 p\u0159\u00edle\u017eitost k pos\u00edlen\u00ed vazby mezi zem\u011bd\u011blci a d\u011btmi, jejich rodi\u010di a u\u010diteli, zejm\u00e9na v m\u011bstsk\u00fdch oblastech,&#8220; poznamenal eurokomisa\u0159. Pro \u010dlensk\u00e9 zem\u011b je nov\u00fd pl\u00e1n dobrovoln\u00fd, n\u00e1vrh mus\u00ed nav\u00edc je\u0161t\u011b projednat jak st\u00e1ty, tak Evropsk\u00fd parlament.<\/p>\n<p>V dosavadn\u00edm programu ml\u00e9ka do \u0161kol, kter\u00fd existuje u\u017e od roku 1977, jsou zapojeny v\u0161echny unijn\u00ed zem\u011b. Podle statistik jej ve \u0161koln\u00edm roce 2011\/12 vyu\u017e\u00edvalo na 20,3 milionu d\u011bt\u00ed. V \u010cR unii v tomto obdob\u00ed p\u0159i\u0161el na 388.000 eur, tedy p\u0159es deset milion\u016f korun.<\/p>\n<p>P\u0159ibli\u017en\u011b 8,5 milionu d\u011bt\u00ed v EU dost\u00e1v\u00e1 v r\u00e1mci druh\u00e9ho ze spojovan\u00fdch program\u016f ve \u0161kole ovoce. V \u010cR je program Ovoce do \u0161kol spolufinancov\u00e1n EU ze 73 procent a podle tabulky dnes zve\u0159ejn\u011bn\u00e9 statistiky nyn\u00ed unii stoj\u00ed okolo \u010dty\u0159 milion\u016f eur (p\u0159es 110 milion\u016f korun).<\/p>\n<p>V polovin\u011b ledna schv\u00e1lil zem\u011bd\u011blsk\u00fd v\u00fdbor \u010desk\u00e9ho parlamentu leto\u0161n\u00ed rozpo\u010det St\u00e1tn\u00edho zem\u011bd\u011blsk\u00e9ho fondu. Na podporu \u0161koln\u00edho ml\u00e9ka po\u010d\u00edt\u00e1 s \u010d\u00e1stkou a\u017e 58,5 milionu korun; z toho 11,5 milionu m\u00e1 j\u00edt z EU a 47 milion\u016f ze st\u00e1tn\u00edho rozpo\u010dtu. Na podporu projektu ovoce do \u0161kol, kter\u00fd m\u00e1 podpo\u0159it zdravou v\u00fd\u017eivu a zv\u00fd\u0161it spot\u0159ebu ovoce a zeleniny, by m\u011blo j\u00edt celkem 144,7 milionu korun. Z toho zhruba 105,7 milionu m\u00e1 d\u00e1t EU a zbyl\u00fdch asi 39 milion\u016f ze st\u00e1tn\u00edho rozpo\u010dtu.<\/p>\n<p>Nov\u00fd celoevropsk\u00fd program podpory ml\u00e9ka i ovoce bude m\u00edt po schv\u00e1len\u00ed na ka\u017ed\u00fd \u0161koln\u00ed rok rozpo\u010det ve v\u00fd\u0161i 230 milion\u016f eur (6,2 miliardy korun). Z toho 150 milion\u016f eur (\u010dty\u0159i miliardy korun) na ovoce a zeleninu a 80 milion\u016f eur (2,1 miliardy korun) na ml\u00e9ko. Pen\u00edze ale bude podle komise mo\u017en\u00e9 vyu\u017e\u00edt i na podporu dal\u0161\u00edch zdrav\u00fdch v\u00fdrobk\u016f, nap\u0159\u00edklad medu \u010di jogurt\u016f.<\/p>\n<p>Evropsk\u00e1 komise dnes p\u0159ipomn\u011bla, \u017ee podle posledn\u00edch statistik se v EU zhor\u0161uj\u00ed probl\u00e9my s d\u011btskou obezitou tak, jak se sni\u017euje konzumace zdrav\u00fdch potravin. V roce 2010 Sv\u011btov\u00e1 zdravotnick\u00e1 organizace uv\u00e1d\u011bla, \u017ee nadv\u00e1hu m\u00e1 v EU ka\u017ed\u00e9 t\u0159et\u00ed d\u00edt\u011b mezi \u0161esti a dev\u00edti lety. O pouh\u00e9 dva roky d\u0159\u00edve to bylo jen ka\u017ed\u00e9 \u010dtvrt\u00e9 d\u00edt\u011b.<\/p>\n","protected":false},"excerpt":{"rendered":"<div class=\"mh-excerpt\"><p>Celkem 197 milion\u016f eur (asi 5,3 miliardy k\u010d) je pro leto\u0161ek vy\u010dlen\u011bno v evropsk\u00e9m rozpo\u010dtu na dod\u00e1vky ml\u00e9ka a ovoce d\u011btem do \u0161kol. EK dnes <a class=\"mh-excerpt-more\" href=\"https:\/\/www.invarena.cz\/?p=14627\" title=\"Evropsk\u00e1 komise chce spojit dod\u00e1vky ovoce a ml\u00e9ka do \u0161kol\">[&#8230;]<\/a><\/p>\n<\/div>","protected":false},"author":1,"featured_media":13781,"comment_status":"open","ping_status":"closed","sticky":false,"template":"","format":"standard","meta":{"footnotes":""},"categories":[6],"tags":[],"class_list":["post-14627","post","type-post","status-publish","format-standard","has-post-thumbnail","hentry","category-politika"],"_links":{"self":[{"href":"https:\/\/www.invarena.cz\/index.php?rest_route=\/wp\/v2\/posts\/14627","targetHints":{"allow":["GET"]}}],"collection":[{"href":"https:\/\/www.invarena.cz\/index.php?rest_route=\/wp\/v2\/posts"}],"about":[{"href":"https:\/\/www.invarena.cz\/index.php?rest_route=\/wp\/v2\/types\/post"}],"author":[{"embeddable":true,"href":"https:\/\/www.invarena.cz\/index.php?rest_route=\/wp\/v2\/users\/1"}],"replies":[{"embeddable":true,"href":"https:\/\/www.invarena.cz\/index.php?rest_route=%2Fwp%2Fv2%2Fcomments&post=14627"}],"version-history":[{"count":0,"href":"https:\/\/www.invarena.cz\/index.php?rest_route=\/wp\/v2\/posts\/14627\/revisions"}],"wp:featuredmedia":[{"embeddable":true,"href":"https:\/\/www.invarena.cz\/index.php?rest_route=\/wp\/v2\/media\/13781"}],"wp:attachment":[{"href":"https:\/\/www.invarena.cz\/index.php?rest_route=%2Fwp%2Fv2%2Fmedia&parent=14627"}],"wp:term":[{"taxonomy":"category","embeddable":true,"href":"https:\/\/www.invarena.cz\/index.php?rest_route=%2Fwp%2Fv2%2Fcategories&post=14627"},{"taxonomy":"post_tag","embeddable":true,"href":"https:\/\/www.invarena.cz\/index.php?rest_route=%2Fwp%2Fv2%2Ftags&post=14627"}],"curies":[{"name":"wp","href":"https:\/\/api.w.org\/{rel}","templated":true}]}}