{"id":14639,"date":"2014-02-01T06:49:52","date_gmt":"2014-02-01T05:49:52","guid":{"rendered":"http:\/\/www.invarena.cz\/?p=14639"},"modified":"2014-02-01T06:49:52","modified_gmt":"2014-02-01T05:49:52","slug":"prerovske-centrum-dostalo-mene-penez-pro-postizene","status":"publish","type":"post","link":"https:\/\/www.invarena.cz\/?p=14639","title":{"rendered":"P\u0159erovsk\u00e9 centrum dostalo m\u00e9n\u011b pen\u011bz pro posti\u017een\u00e9"},"content":{"rendered":"<p><strong>\u00a0Aktiva\u010dn\u00ed centrum &#8222;Jsme tady&#8220; v P\u0159erov\u011b dostalo o polovinu m\u00e9n\u011b financ\u00ed ne\u017e loni. Bude m\u00edt v budoucnu probl\u00e9m, jak se u\u017eivit.<!--more--><\/strong><\/p>\n<p>&nbsp;<\/p>\n<p>P\u0159erov \u2013 Dvaa\u010dty\u0159icetilet\u00fd \u0160tefan byl jako d\u00edt\u011b talentovan\u00fdm hokejistou. V deseti letech ale jeho \u017eivot natrvalo zm\u011bnila t\u011b\u017ek\u00e1 r\u00e1na osudu. Na silnici ho srazilo auto a po n\u00e1ro\u010dn\u00fdch operac\u00edch mozku z\u016fstal posti\u017een\u00fd. Celodenn\u00ed aktiva\u010dn\u00ed program pro n\u011bj i ostatn\u00ed handicapovan\u00e9 spolu ob\u010dany zaji\u0161\u0165uje obecn\u011b prosp\u011b\u0161n\u00e1 spole\u010dnost v P\u0159erov\u011b &#8222;Jsme tady&#8220;. St\u00e1t j\u00ed ale letos v\u00fdrazn\u011b krouhl dotace \u2013 a to t\u00e9m\u011b\u0159 o polovinu.<\/p>\n<p>Pracovn\u00edci aktiva\u010dn\u00edho centra se staraj\u00ed cel\u00fd den o patn\u00e1ct klient\u016f ve v\u011bku od 19 do 43 let. V\u011bt\u0161ina z nich se \u2013 narozd\u00edl od \u0160tefana \u2013 s posti\u017een\u00edm narodila. Nap\u0159\u00edklad devaten\u00e1ctilet\u00e1 Jana, kter\u00e1 p\u0159i\u0161la na sv\u011bt p\u0159ed\u010dasn\u011b, a je nevidom\u00e1.<\/p>\n<p>&#8222;D\u00edky tomu, \u017ee se j\u00ed tady v\u011bnuj\u00ed, se nau\u010dila hr\u00e1t na keyboard, zp\u00edv\u00e1 a u\u010d\u00ed se i angli\u010dtinu. Je v centru spokojen\u00e1. Na z\u00e1kladn\u00ed \u0161kolu chodila do Mate\u0159\u00eddou\u0161ky, ale pak jsme nev\u011bd\u011bli, co d\u00e1l. Mo\u017enosti, kter\u00e9 jsou tady, by jinde nem\u011bla,&#8220; sv\u011b\u0159il se jej\u00ed otec Martin Jan\u00e1\u010dek.<\/p>\n<p>P\u0159i n\u00e1v\u0161t\u011bv\u011b prostor centra v Sokolsk\u00e9 ulici je vid\u011bt, \u017ee je tu o lidi s posti\u017een\u00edm dob\u0159e postar\u00e1no. Sou\u010d\u00e1st\u00ed pestr\u00e9ho celodenn\u00edho programu jsou i rehabilitace \u010di mas\u00e1\u017ee a v jedn\u00e9 z m\u00edstnost\u00ed tak\u00e9 relaxa\u010dn\u00ed m\u00edstnost.<\/p>\n<p>Obecn\u011b prosp\u011b\u0161n\u00e1 spole\u010dnost &#8222;Jsme tady&#8220; bude m\u00edt ale v budoucnu probl\u00e9m, jak se u\u017eivit.<\/p>\n<p>Nam\u00edsto lo\u0148sk\u00e9 dotace 604 tis\u00edc korun j\u00ed toti\u017e st\u00e1t poskytl pouze 395 tis\u00edc. Pro organizaci je tor\u00e1 na pod p\u00e1s. Nap\u00e9\u010diosv\u00e9 klienty a b\u011b\u017en\u00fd provoz pot\u0159ebuje tak 2,5 milionu ro\u010dn\u011b.<\/p>\n<p>&#8222;Finance, kter\u00e9 te\u010f m\u00e1me, n\u00e1m nesta\u010d\u00ed ani na z\u00e1kladn\u00ed v\u011bci. Na\u0161t\u011bst\u00ed n\u011bjakou \u010d\u00e1stku ka\u017ed\u00fd rok daruje m\u011bsto, i kdy\u017e i ta se letos o n\u011bco sn\u00ed\u017eila,&#8220; uvedl \u0159editel obecn\u011b prosp\u011b\u0161n\u00e9 spole\u010dnosti Pavel Soukup. Men\u0161\u00ed ne\u017e loni je i \u010d\u00e1stka, kterou poskytuje kraj. Podle n\u011bj je hlavn\u00edm probl\u00e9mem fakt, \u017ee st\u00e1t p\u0159estal v lo\u0148sk\u00e9m i leto\u0161n\u00edm roce p\u0159isp\u00edvat na takzvanou odleh\u010dovac\u00ed slu\u017ebu.<\/p>\n<p>&#8222;To jsou finance, kter\u00e9 pot\u0159ebujeme na nep\u0159etr\u017eitou p\u00e9\u010di o klienty v nal\u00e9hav\u00fdch p\u0159\u00edpadech, kdy se o n\u011b nem\u016f\u017eou postarat jejich nejbli\u017e\u0161\u00ed. Nap\u0159\u00edklad, kdy\u017e mus\u00ed matka na operaci a podobn\u011b,&#8220; vysv\u011btlil. Aktiva\u010dn\u00ed centrum je tak odk\u00e1z\u00e1no na sponzorsk\u00e9 dary, humanit\u00e1rn\u00ed sb\u00edrky \u010di benefi\u010dn\u00ed koncerty.<\/p>\n<p>&#8222;Finance, kter\u00e9 m\u00e1me, nepokryj\u00ed ani z\u00e1kladn\u00ed v\u011bci. Sna\u017e\u00edme se tedy vyd\u011blat si vlastn\u00ed \u010dinnost\u00ed, nap\u0159\u00edklad prodejem v\u00fdrobk\u016f,&#8220; \u0159ekl. Centru pom\u00e1haj\u00ed i v\u00fdt\u011b\u017eky z koncert\u016f \u2013 nap\u0159\u00edklad 2. kv\u011btna se v p\u0159erovsk\u00e9m evangelick\u00e9m kostele uskute\u010dn\u00ed benefi\u010dn\u00ed koncert skupiny Arrhythmia.<\/p>\n<table>\n<tbody>\n<tr>\n<td>PETRA POL\u00c1KOV\u00c1\u2013UV\u00cdROV\u00c1<\/td>\n<\/tr>\n<tr>\n<td><\/td>\n<td><a href=\"http:\/\/www.vlp.cz\" target=\"_blank\">http:\/\/www.vlp.cz<\/a><\/td>\n<\/tr>\n<\/tbody>\n<\/table>\n","protected":false},"excerpt":{"rendered":"<div class=\"mh-excerpt\"><p>\u00a0Aktiva\u010dn\u00ed centrum &#8222;Jsme tady&#8220; v P\u0159erov\u011b dostalo o polovinu m\u00e9n\u011b financ\u00ed ne\u017e loni. Bude m\u00edt v budoucnu probl\u00e9m, jak se u\u017eivit.<\/p>\n<\/div>","protected":false},"author":1,"featured_media":11993,"comment_status":"open","ping_status":"closed","sticky":false,"template":"","format":"standard","meta":{"footnotes":""},"categories":[1],"tags":[],"class_list":["post-14639","post","type-post","status-publish","format-standard","has-post-thumbnail","hentry","category-nezarazene"],"_links":{"self":[{"href":"https:\/\/www.invarena.cz\/index.php?rest_route=\/wp\/v2\/posts\/14639","targetHints":{"allow":["GET"]}}],"collection":[{"href":"https:\/\/www.invarena.cz\/index.php?rest_route=\/wp\/v2\/posts"}],"about":[{"href":"https:\/\/www.invarena.cz\/index.php?rest_route=\/wp\/v2\/types\/post"}],"author":[{"embeddable":true,"href":"https:\/\/www.invarena.cz\/index.php?rest_route=\/wp\/v2\/users\/1"}],"replies":[{"embeddable":true,"href":"https:\/\/www.invarena.cz\/index.php?rest_route=%2Fwp%2Fv2%2Fcomments&post=14639"}],"version-history":[{"count":0,"href":"https:\/\/www.invarena.cz\/index.php?rest_route=\/wp\/v2\/posts\/14639\/revisions"}],"wp:featuredmedia":[{"embeddable":true,"href":"https:\/\/www.invarena.cz\/index.php?rest_route=\/wp\/v2\/media\/11993"}],"wp:attachment":[{"href":"https:\/\/www.invarena.cz\/index.php?rest_route=%2Fwp%2Fv2%2Fmedia&parent=14639"}],"wp:term":[{"taxonomy":"category","embeddable":true,"href":"https:\/\/www.invarena.cz\/index.php?rest_route=%2Fwp%2Fv2%2Fcategories&post=14639"},{"taxonomy":"post_tag","embeddable":true,"href":"https:\/\/www.invarena.cz\/index.php?rest_route=%2Fwp%2Fv2%2Ftags&post=14639"}],"curies":[{"name":"wp","href":"https:\/\/api.w.org\/{rel}","templated":true}]}}