{"id":14651,"date":"2014-02-01T18:20:35","date_gmt":"2014-02-01T17:20:35","guid":{"rendered":"http:\/\/www.invarena.cz\/?p=14651"},"modified":"2014-02-01T18:20:35","modified_gmt":"2014-02-01T17:20:35","slug":"kurzy-pro-ovladani-pocitacu-hlasem","status":"publish","type":"post","link":"https:\/\/www.invarena.cz\/?p=14651","title":{"rendered":"Kurzy pro ovl\u00e1d\u00e1n\u00ed po\u010d\u00edta\u010d\u016f hlasem"},"content":{"rendered":"<p><strong>Pot\u0159ebuj\u00ed pracovat s po\u010d\u00edta\u010dem, jejich zdravotn\u00ed omezen\u00ed jim ale neumo\u017e\u0148uje pou\u017e\u00edvat k tomu ruce. \u0160anc\u00ed pro \u0159adu t\u011blesn\u011b posti\u017een\u00fdch je proto kurz, kde se mohou nau\u010dit ovl\u00e1dat programy hlasem.<!--more--><\/strong><\/p>\n<p>&nbsp;<\/p>\n<p><em><strong>report\u00e1\u017e \u010cesk\u00e9 televize<\/strong><\/em><\/p>\n<p>Jeden takov\u00fd za\u010dal v libereck\u00e9m Jedli\u010dkov\u011b \u00fastavu.<\/p>\n<p>Ani kl\u00e1vesnice, ani my\u0161. P\u0159i pr\u00e1ci s po\u010d\u00edta\u010dem se musej\u00ed spolehnout jen na sv\u016fj hlas. A p\u0159edev\u0161\u00edm se nau\u010dit slo\u017eit\u00fd syst\u00e9m povel\u016f.<\/p>\n<p>Patrik ZALMANY, \u0161kolitel, sdru\u017een\u00ed Polovina nebe: D\u00edky tomu p\u0159ekon\u00e1 vlastn\u011b bari\u00e9ry v oblasti komunikace a p\u0159\u00edpadn\u011b v zam\u011bstn\u00e1n\u00ed.<\/p>\n<p>Tomu, \u017ee si d\u00edky kurz\u016fm najde pr\u00e1ci, v\u011b\u0159\u00ed i \u010dty\u0159iadvacetilet\u00fd Jakub \u0160ev\u010d\u00edk. Rukama t\u00e9m\u011b\u0159 nem\u016f\u017ee h\u00fdbat. Prod\u011blal mozkovou obrnu.<\/p>\n<p>Jakub \u0160EV\u010c\u00cdK, \u00fa\u010dastn\u00edk kurzu: Bylo by to fajn a t\u0159eba by m\u011b l\u00e1kala asi tvorba webov\u00fdch str\u00e1nek.<\/p>\n<p>Textov\u00fd editor, internet, elektronick\u00e1 po\u0161ta. To v\u0161echno by m\u011bli um\u011bt \u00fa\u010dastn\u00edci kurzu do konce roku ovl\u00e1dat. Sdru\u017een\u00ed Polovina nebe u\u017e pomohlo naj\u00edt pr\u00e1ci des\u00edtk\u00e1m lid\u00ed. Jako prvn\u00ed se s programem vyvinut\u00fdm p\u0159ed 8 lety na univerzit\u011b v Liberci nau\u010dila pracovat Dita Horochovsk\u00e1. Te\u010f u\u017e p\u0159ed\u00e1v\u00e1 zku\u0161enosti dal\u0161\u00edm.<\/p>\n<p>Dita HOROCHOVSK\u00c1, \u0161kolitelka:<br \/>\nDalo mi to soukrom\u00ed, dalo mi to sob\u011bsta\u010dnost. Dalo mi to nov\u00e9ho kon\u00ed\u010dka.<\/p>\n<p>Jan NOUZA, autor projektu, Technick\u00e1 univerzita v Liberci:<br \/>\nPro ni jsme ud\u011blali prototyp. Ten prototyp se velice osv\u011bd\u010dil a od t\u00e9 doby je pou\u017e\u00edv\u00e1n.<\/p>\n<p>Program dnes rozum\u00ed i slovensky a \u0161pan\u011blsky a krom\u011b Jakuba m\u016f\u017ee pomoci je\u0161t\u011b dal\u0161\u00edm stovk\u00e1m lid\u00ed.<\/p>\n","protected":false},"excerpt":{"rendered":"<div class=\"mh-excerpt\"><p>Pot\u0159ebuj\u00ed pracovat s po\u010d\u00edta\u010dem, jejich zdravotn\u00ed omezen\u00ed jim ale neumo\u017e\u0148uje pou\u017e\u00edvat k tomu ruce. \u0160anc\u00ed pro \u0159adu t\u011blesn\u011b posti\u017een\u00fdch je proto kurz, kde se mohou <a class=\"mh-excerpt-more\" href=\"https:\/\/www.invarena.cz\/?p=14651\" title=\"Kurzy pro ovl\u00e1d\u00e1n\u00ed po\u010d\u00edta\u010d\u016f hlasem\">[&#8230;]<\/a><\/p>\n<\/div>","protected":false},"author":1,"featured_media":14654,"comment_status":"open","ping_status":"closed","sticky":false,"template":"","format":"standard","meta":{"footnotes":""},"categories":[7],"tags":[],"class_list":["post-14651","post","type-post","status-publish","format-standard","has-post-thumbnail","hentry","category-spolecnost"],"_links":{"self":[{"href":"https:\/\/www.invarena.cz\/index.php?rest_route=\/wp\/v2\/posts\/14651","targetHints":{"allow":["GET"]}}],"collection":[{"href":"https:\/\/www.invarena.cz\/index.php?rest_route=\/wp\/v2\/posts"}],"about":[{"href":"https:\/\/www.invarena.cz\/index.php?rest_route=\/wp\/v2\/types\/post"}],"author":[{"embeddable":true,"href":"https:\/\/www.invarena.cz\/index.php?rest_route=\/wp\/v2\/users\/1"}],"replies":[{"embeddable":true,"href":"https:\/\/www.invarena.cz\/index.php?rest_route=%2Fwp%2Fv2%2Fcomments&post=14651"}],"version-history":[{"count":0,"href":"https:\/\/www.invarena.cz\/index.php?rest_route=\/wp\/v2\/posts\/14651\/revisions"}],"wp:featuredmedia":[{"embeddable":true,"href":"https:\/\/www.invarena.cz\/index.php?rest_route=\/wp\/v2\/media\/14654"}],"wp:attachment":[{"href":"https:\/\/www.invarena.cz\/index.php?rest_route=%2Fwp%2Fv2%2Fmedia&parent=14651"}],"wp:term":[{"taxonomy":"category","embeddable":true,"href":"https:\/\/www.invarena.cz\/index.php?rest_route=%2Fwp%2Fv2%2Fcategories&post=14651"},{"taxonomy":"post_tag","embeddable":true,"href":"https:\/\/www.invarena.cz\/index.php?rest_route=%2Fwp%2Fv2%2Ftags&post=14651"}],"curies":[{"name":"wp","href":"https:\/\/api.w.org\/{rel}","templated":true}]}}