{"id":14659,"date":"2014-02-03T12:31:48","date_gmt":"2014-02-03T11:31:48","guid":{"rendered":"http:\/\/www.invarena.cz\/?p=14659"},"modified":"2014-02-04T15:57:09","modified_gmt":"2014-02-04T14:57:09","slug":"deti-s-vadami-reci-pribyva","status":"publish","type":"post","link":"https:\/\/www.invarena.cz\/?p=14659","title":{"rendered":"D\u011bt\u00ed s vadami \u0159e\u010di p\u0159ib\u00fdv\u00e1"},"content":{"rendered":"<p><strong>D\u011bt\u00ed s vadami \u0159e\u010di p\u0159ib\u00fdv\u00e1. Kapacity logopedick\u00fdch ordinac\u00ed a speci\u00e1ln\u00edch mate\u0159sk\u00fdch \u0161kol pro n\u011b p\u0159est\u00e1vaj\u00ed sta\u010dit. Podle odborn\u00edk\u016f je probl\u00e9m v tom, \u017ee rodi\u010de jim m\u00e1lo \u010dtou a nepov\u00eddaj\u00ed si s nimi a \u010das u po\u010d\u00edta\u010de nebo s mobilem jim ve v\u00fdvoji \u0159e\u010di nepom\u00e1h\u00e1.<\/strong><!--more--><\/p>\n<p>&nbsp;<\/p>\n<p><strong>report\u00e1\u017e \u010cesk\u00e9 televize<\/strong><\/p>\n<p>Do dvou let byl Adam nesly\u0161\u00edc\u00ed, dnes je mu 5, m\u00e1 kochle\u00e1rn\u00ed implant\u00e1t a u\u010d\u00ed se mluvit v logopedick\u00e9 mate\u0159sk\u00e9 \u0161kole. D\u011bt\u00ed s podobn\u00fdm probl\u00e9mem je tady 60. \u0160kolka je beznad\u011bjn\u011b pln\u00e1.<\/p>\n<p>Marie OL\u0160OVSK\u00c1, \u0159editelka logopedick\u00e9 M\u0160: M\u00e1me st\u00e1le probl\u00e9m s t\u00edm, \u017ee odm\u00edt\u00e1me ty d\u011bti u z\u00e1pisu a je n\u00e1m to bohu\u017eel l\u00edto, ale kapacita, kapacitu mus\u00edme dodr\u017eet.<\/p>\n<p>M\u00e1\u0161 JIROUSKOV\u00c1, klinick\u00e1 logopedka: Denn\u011b n\u00e1m vol\u00e1 p\u0159ibli\u017en\u011b 5 a\u017e 6 nov\u00fdch z\u00e1jemc\u016f o logopedickou p\u00e9\u010di.<\/p>\n<p>\u017de z\u00e1jem o slu\u017eby logoped\u016f je skute\u010dn\u011b velik\u00fd, potvrzuje i to, \u017ee jen v t\u00e9to ordinaci p\u0159ijali za posledn\u00ed t\u00fdden 17 nov\u00fdch d\u011bt\u00ed.<\/p>\n<p>D\u011bdi\u010dnost, m\u00e9n\u011b pov\u00edd\u00e1n\u00ed s rodi\u010di, to jsou jen n\u011bkter\u00e9 faktory, pro\u010d d\u011bt\u00ed s vadami \u0159e\u010di st\u00e1le p\u0159ib\u00fdv\u00e1. V\u00fdvoj \u0159e\u010di pak brzd\u00ed i modern\u00ed technologie &#8211; hran\u00ed na po\u010d\u00edta\u010di, tabletu nebo s mobilem.<\/p>\n<p>OL\u0160OVSK\u00c1\u00a0 Oni t\u0159eba tady p\u0159ijdou ve 4 letech a poprv\u00e9 vid\u00ed leporelo. Tak\u017ee tam je to jasn\u00e9, \u017ee to je zanedb\u00e1n\u00ed ze strany rodi\u010d\u016f.<\/p>\n<p>S v\u00fdslovnost\u00ed bojuje i \u0161estilet\u00e1 Katka. I ona pat\u0159\u00ed mezi ty, kte\u0159\u00ed t\u00e9m\u011b\u0159 denn\u011b hraj\u00ed hry na tabletu, mluvit p\u0159i h\u0159e s nik\u00fdm nepot\u0159ebuje.<\/p>\n<p>Zuzana \u0160ILEROV\u00c1, matka Kate\u0159iny:<br \/>\nKdy\u017e m\u00e1 z\u00e1kaz t\u00fdden nebo 14 dn\u00ed hr\u00e1t na tabletu, tak si mysl\u00edm, \u017ee to je nejlep\u0161\u00ed trest, jak\u00fd ona m\u016f\u017ee dostat.<\/p>\n<p>N\u00e1r\u016fst d\u011btsk\u00fdch klient\u016f u logoped\u016f potvrzuj\u00ed i statistiky. Klini\u010dt\u00ed logopedi loni vy\u0161et\u0159ili o t\u00e9m\u011b\u0159 10 tis\u00edc d\u011bt\u00ed v\u00edce ne\u017e v p\u0159edchoz\u00edch letech. Celkem tedy t\u00e9m\u011b\u0159 100 tis\u00edc.<\/p>\n<p><em>\u00a0ilustra\u010dn\u00ed foto: PhotoXpress<\/em><\/p>\n","protected":false},"excerpt":{"rendered":"<div class=\"mh-excerpt\"><p>D\u011bt\u00ed s vadami \u0159e\u010di p\u0159ib\u00fdv\u00e1. Kapacity logopedick\u00fdch ordinac\u00ed a speci\u00e1ln\u00edch mate\u0159sk\u00fdch \u0161kol pro n\u011b p\u0159est\u00e1vaj\u00ed sta\u010dit. Podle odborn\u00edk\u016f je probl\u00e9m v tom, \u017ee rodi\u010de jim <a class=\"mh-excerpt-more\" href=\"https:\/\/www.invarena.cz\/?p=14659\" title=\"D\u011bt\u00ed s vadami \u0159e\u010di p\u0159ib\u00fdv\u00e1\">[&#8230;]<\/a><\/p>\n<\/div>","protected":false},"author":1,"featured_media":14683,"comment_status":"open","ping_status":"closed","sticky":false,"template":"","format":"standard","meta":{"footnotes":""},"categories":[11],"tags":[],"class_list":["post-14659","post","type-post","status-publish","format-standard","has-post-thumbnail","hentry","category-zdravi"],"_links":{"self":[{"href":"https:\/\/www.invarena.cz\/index.php?rest_route=\/wp\/v2\/posts\/14659","targetHints":{"allow":["GET"]}}],"collection":[{"href":"https:\/\/www.invarena.cz\/index.php?rest_route=\/wp\/v2\/posts"}],"about":[{"href":"https:\/\/www.invarena.cz\/index.php?rest_route=\/wp\/v2\/types\/post"}],"author":[{"embeddable":true,"href":"https:\/\/www.invarena.cz\/index.php?rest_route=\/wp\/v2\/users\/1"}],"replies":[{"embeddable":true,"href":"https:\/\/www.invarena.cz\/index.php?rest_route=%2Fwp%2Fv2%2Fcomments&post=14659"}],"version-history":[{"count":0,"href":"https:\/\/www.invarena.cz\/index.php?rest_route=\/wp\/v2\/posts\/14659\/revisions"}],"wp:featuredmedia":[{"embeddable":true,"href":"https:\/\/www.invarena.cz\/index.php?rest_route=\/wp\/v2\/media\/14683"}],"wp:attachment":[{"href":"https:\/\/www.invarena.cz\/index.php?rest_route=%2Fwp%2Fv2%2Fmedia&parent=14659"}],"wp:term":[{"taxonomy":"category","embeddable":true,"href":"https:\/\/www.invarena.cz\/index.php?rest_route=%2Fwp%2Fv2%2Fcategories&post=14659"},{"taxonomy":"post_tag","embeddable":true,"href":"https:\/\/www.invarena.cz\/index.php?rest_route=%2Fwp%2Fv2%2Ftags&post=14659"}],"curies":[{"name":"wp","href":"https:\/\/api.w.org\/{rel}","templated":true}]}}