{"id":14673,"date":"2014-02-04T12:01:49","date_gmt":"2014-02-04T11:01:49","guid":{"rendered":"http:\/\/www.invarena.cz\/?p=14673"},"modified":"2014-02-04T12:08:19","modified_gmt":"2014-02-04T11:08:19","slug":"syn-trpi-autismem-a-epilepsii-mame-narok-na-prispevek-na-auto","status":"publish","type":"post","link":"https:\/\/www.invarena.cz\/?p=14673","title":{"rendered":"Syn trp\u00ed autismem a epilepsi\u00ed. M\u00e1me n\u00e1rok na p\u0159\u00edsp\u011bvek na auto?"},"content":{"rendered":"<p><strong>Jsem matkou 9let\u00e9ho chlapce s diagn\u00f3zou autismus, epilepsie, st\u0159edn\u00ed ment\u00e1ln\u00ed retardace. Syna voz\u00edme ka\u017ed\u00fd den do \u0161koly vzd\u00e1len\u00e9 15 km. Loni jsme si podali \u017e\u00e1dost o p\u0159\u00edsp\u011bvek na auto. Dnes mi bylo ozn\u00e1meno, \u017ee nic nedostaneme, proto\u017ee od roku 2014 tyto diagn\u00f3zy nejsou dosta\u010duj\u00edc\u00ed pro p\u0159izn\u00e1n\u00ed p\u0159\u00edsp\u011bvku. M\u00e1me n\u011bjakou \u0161anci?<\/strong><br \/>\n<!--more--><br \/>\nUve\u010fme si, kdo m\u00e1 v sou\u010dasn\u00e9 dob\u011b n\u00e1rok na p\u0159\u00edsp\u011bvek na motorov\u00e9 vozidlo:<\/p>\n<p>&#8222;N\u00e1rok na p\u0159\u00edsp\u011bvek na zvl\u00e1\u0161tn\u00ed pom\u016fcku poskytovan\u00fd na po\u0159\u00edzen\u00ed motorov\u00e9ho vozidla m\u00e1 osoba, kter\u00e1 m\u00e1 t\u011b\u017ekou vadu nosn\u00e9ho nebo pohybov\u00e9ho \u00fastroj\u00ed anebo t\u011b\u017ekou nebo hlubokou ment\u00e1ln\u00ed retardaci charakteru dlouhodob\u011b nep\u0159\u00edzniv\u00e9ho zdravotn\u00edho stavu, a jej\u00ed zdravotn\u00ed stav nevylu\u010duje p\u0159izn\u00e1n\u00ed tohoto p\u0159\u00edsp\u011bvku.&#8220;<\/p>\n<p>Zdravotn\u00ed stav Va\u0161eho syna z\u0159ejm\u011b posuzovali podle m\u00edry ment\u00e1ln\u00ed retardace. Jak ale p\u00ed\u0161ete, V\u00e1\u0161 syn trp\u00ed &#8222;pouze&#8220; st\u0159edn\u00ed ment\u00e1ln\u00ed retardac\u00ed. Z toho d\u016fvodu V\u00e1m patrn\u011b nemohl b\u00fdt p\u0159\u00edsp\u011bvek p\u0159izn\u00e1n.<\/p>\n<p>Neuv\u00e1d\u00edte, zda V\u00e1\u0161 syn m\u00e1 i n\u011bjak\u00e9 t\u011b\u017e\u0161\u00ed pohybov\u00e9 pot\u00ed\u017ee, pak by se mohlo st\u00e1t, \u017ee by posudkov\u00fd l\u00e9ka\u0159 mohl p\u0159ihl\u00e9dnout ke kombinaci obou handicap\u016f.<\/p>\n<p>Mohu V\u00e1m v\u0161ak doporu\u010dit, abyste se odvolala, proto\u017ee rozhodnut\u00ed o zam\u00edtnut\u00ed p\u0159\u00edsp\u011bvku mohlo b\u00fdt hrani\u010dn\u00ed.<\/p>\n<p>Odvol\u00e1n\u00ed se pod\u00e1v\u00e1 prost\u0159ednictv\u00edm \u00daP na MPSV \u010cR, Podskalsk\u00e1 19, 128 02 Praha 2. Ur\u010dit\u011b bude p\u0159\u00ednosem, kdy\u017e p\u0159ilo\u017e\u00edte l\u00e9ka\u0159sk\u00e9 zpr\u00e1vy o diagn\u00f3ze Va\u0161eho syna. Pou\u010den\u00ed o odvol\u00e1n\u00ed by m\u011blo b\u00fdt sou\u010d\u00e1st\u00ed p\u0159edm\u011btn\u00e9ho rozhodnut\u00ed o neposkytnut\u00ed p\u0159\u00edsp\u011bvku, jen\u017e jste obdr\u017eela.<\/p>\n<p>Ji\u0159\u00ed Marek<br \/>\ninvArena<\/p>\n<p><em>ilustra\u010dn\u00ed foto<\/em><\/p>\n","protected":false},"excerpt":{"rendered":"<div class=\"mh-excerpt\"><p>Jsem matkou 9let\u00e9ho chlapce s diagn\u00f3zou autismus, epilepsie, st\u0159edn\u00ed ment\u00e1ln\u00ed retardace. Syna voz\u00edme ka\u017ed\u00fd den do \u0161koly vzd\u00e1len\u00e9 15 km. Loni jsme si podali \u017e\u00e1dost <a class=\"mh-excerpt-more\" href=\"https:\/\/www.invarena.cz\/?p=14673\" title=\"Syn trp\u00ed autismem a epilepsi\u00ed. M\u00e1me n\u00e1rok na p\u0159\u00edsp\u011bvek na auto?\">[&#8230;]<\/a><\/p>\n<\/div>","protected":false},"author":3,"featured_media":12229,"comment_status":"open","ping_status":"closed","sticky":false,"template":"","format":"standard","meta":{"footnotes":""},"categories":[18],"tags":[],"class_list":["post-14673","post","type-post","status-publish","format-standard","has-post-thumbnail","hentry","category-poradna"],"_links":{"self":[{"href":"https:\/\/www.invarena.cz\/index.php?rest_route=\/wp\/v2\/posts\/14673","targetHints":{"allow":["GET"]}}],"collection":[{"href":"https:\/\/www.invarena.cz\/index.php?rest_route=\/wp\/v2\/posts"}],"about":[{"href":"https:\/\/www.invarena.cz\/index.php?rest_route=\/wp\/v2\/types\/post"}],"author":[{"embeddable":true,"href":"https:\/\/www.invarena.cz\/index.php?rest_route=\/wp\/v2\/users\/3"}],"replies":[{"embeddable":true,"href":"https:\/\/www.invarena.cz\/index.php?rest_route=%2Fwp%2Fv2%2Fcomments&post=14673"}],"version-history":[{"count":0,"href":"https:\/\/www.invarena.cz\/index.php?rest_route=\/wp\/v2\/posts\/14673\/revisions"}],"wp:featuredmedia":[{"embeddable":true,"href":"https:\/\/www.invarena.cz\/index.php?rest_route=\/wp\/v2\/media\/12229"}],"wp:attachment":[{"href":"https:\/\/www.invarena.cz\/index.php?rest_route=%2Fwp%2Fv2%2Fmedia&parent=14673"}],"wp:term":[{"taxonomy":"category","embeddable":true,"href":"https:\/\/www.invarena.cz\/index.php?rest_route=%2Fwp%2Fv2%2Fcategories&post=14673"},{"taxonomy":"post_tag","embeddable":true,"href":"https:\/\/www.invarena.cz\/index.php?rest_route=%2Fwp%2Fv2%2Ftags&post=14673"}],"curies":[{"name":"wp","href":"https:\/\/api.w.org\/{rel}","templated":true}]}}