{"id":14700,"date":"2014-02-06T07:00:07","date_gmt":"2014-02-06T06:00:07","guid":{"rendered":"http:\/\/www.invarena.cz\/?p=14700"},"modified":"2014-02-06T13:40:29","modified_gmt":"2014-02-06T12:40:29","slug":"prototyp-nove-protezy-vratil-bezrukemu-pocit-dotyku","status":"publish","type":"post","link":"https:\/\/www.invarena.cz\/?p=14700","title":{"rendered":"Prototyp nov\u00e9 prot\u00e9zy vr\u00e1til bezruk\u00e9mu pocit dotyku"},"content":{"rendered":"<p><strong>D\u00e1novi, kter\u00fd p\u0159ed dev\u00edti lety p\u0159i\u0161el o ruku, se d\u00edky prototypu nov\u00e9 prot\u00e9zy vr\u00e1til pocit dotyku. Je to poprv\u00e9, co se poda\u0159ilo vr\u00e1tit smyslov\u00fd vjem v re\u00e1ln\u00edm \u010dase \u010dlov\u011bku s um\u011blou kon\u010detinou. <\/strong>\/ilustra\u010dn\u00ed sn\u00edmek\/<!--more--><\/p>\n<p>Sd\u011blil to podle agentury AFP italsk\u00fd v\u00fdzkumn\u00edk Silvestro Micera z Univerzity v Pise, kter\u00fd prototyp prot\u00e9zy zhotovil. V\u00fdzkum se uskute\u010dnil v r\u00e1mci evropsk\u00e9ho projektu, do n\u011bho\u017e se zapojily nemocnice a univerzity z It\u00e1lie, \u0160v\u00fdcarska a N\u011bmecka.<\/p>\n<p>&#8222;Mohl jsem zakusit pocity, kter\u00e9 jsem ji\u017e nem\u011bl dev\u011bt let. Kdy\u017e jsem zvedal n\u011bjak\u00fd p\u0159edm\u011bt, pohl jsem c\u00edtit, zda je hladk\u00fd nebo hrub\u00fd, kulat\u00fd \u010di hranat\u00fd. Bylo to neuv\u011b\u0159iteln\u00e9,&#8220; uvedl podle AFP \u0161estat\u0159icetilet\u00fd D\u00e1n. P\u0159i testech m\u011bl pacient zav\u00e1zan\u00e9 o\u010di a ucpan\u00e9 u\u0161i, up\u0159esnili \u00fa\u010dastn\u00edci projektu ve zve\u0159ejn\u011bn\u00e9 zpr\u00e1v\u011b.<\/p>\n<p>V\u011bdci vybavili prot\u00e9zu sn\u00edma\u010di, kter\u00e9 reaguj\u00ed na nap\u011bt\u00ed um\u011bl\u00fdch \u0161lach. Syst\u00e9m p\u0159em\u011b\u0148uje informace, kter\u00e9 se objevuj\u00ed p\u0159i manipulaci pacienta s n\u011bjak\u00fdm p\u0159edm\u011btem, na elekt\u0159inu.<\/p>\n<p>Chirurgick\u00fd experiment\u00e1ln\u00ed z\u00e1krok u D\u00e1na se uskute\u010dnil loni v nemocnici Gemelli v \u0158\u00edm\u011b. Podle \u0161v\u00fdcarsk\u00e9 univerzity EPFL bude ale je\u0161t\u011b trvat v\u00edce let, ne\u017e bude nov\u00e1 technika b\u011b\u017en\u011b dostupn\u00e1 lidem s amputovan\u00fdmi kon\u010detinami.<\/p>\n","protected":false},"excerpt":{"rendered":"<div class=\"mh-excerpt\"><p>D\u00e1novi, kter\u00fd p\u0159ed dev\u00edti lety p\u0159i\u0161el o ruku, se d\u00edky prototypu nov\u00e9 prot\u00e9zy vr\u00e1til pocit dotyku. Je to poprv\u00e9, co se poda\u0159ilo vr\u00e1tit smyslov\u00fd vjem <a class=\"mh-excerpt-more\" href=\"https:\/\/www.invarena.cz\/?p=14700\" title=\"Prototyp nov\u00e9 prot\u00e9zy vr\u00e1til bezruk\u00e9mu pocit dotyku\">[&#8230;]<\/a><\/p>\n<\/div>","protected":false},"author":1,"featured_media":4465,"comment_status":"open","ping_status":"closed","sticky":false,"template":"","format":"standard","meta":{"footnotes":""},"categories":[11],"tags":[],"class_list":["post-14700","post","type-post","status-publish","format-standard","has-post-thumbnail","hentry","category-zdravi"],"_links":{"self":[{"href":"https:\/\/www.invarena.cz\/index.php?rest_route=\/wp\/v2\/posts\/14700","targetHints":{"allow":["GET"]}}],"collection":[{"href":"https:\/\/www.invarena.cz\/index.php?rest_route=\/wp\/v2\/posts"}],"about":[{"href":"https:\/\/www.invarena.cz\/index.php?rest_route=\/wp\/v2\/types\/post"}],"author":[{"embeddable":true,"href":"https:\/\/www.invarena.cz\/index.php?rest_route=\/wp\/v2\/users\/1"}],"replies":[{"embeddable":true,"href":"https:\/\/www.invarena.cz\/index.php?rest_route=%2Fwp%2Fv2%2Fcomments&post=14700"}],"version-history":[{"count":0,"href":"https:\/\/www.invarena.cz\/index.php?rest_route=\/wp\/v2\/posts\/14700\/revisions"}],"wp:featuredmedia":[{"embeddable":true,"href":"https:\/\/www.invarena.cz\/index.php?rest_route=\/wp\/v2\/media\/4465"}],"wp:attachment":[{"href":"https:\/\/www.invarena.cz\/index.php?rest_route=%2Fwp%2Fv2%2Fmedia&parent=14700"}],"wp:term":[{"taxonomy":"category","embeddable":true,"href":"https:\/\/www.invarena.cz\/index.php?rest_route=%2Fwp%2Fv2%2Fcategories&post=14700"},{"taxonomy":"post_tag","embeddable":true,"href":"https:\/\/www.invarena.cz\/index.php?rest_route=%2Fwp%2Fv2%2Ftags&post=14700"}],"curies":[{"name":"wp","href":"https:\/\/api.w.org\/{rel}","templated":true}]}}