{"id":14729,"date":"2014-02-10T19:07:47","date_gmt":"2014-02-10T18:07:47","guid":{"rendered":"http:\/\/www.invarena.cz\/?p=14729"},"modified":"2014-02-10T19:07:47","modified_gmt":"2014-02-10T18:07:47","slug":"zubarske-centrum-zamestna-neslysici-techniky","status":"publish","type":"post","link":"https:\/\/www.invarena.cz\/?p=14729","title":{"rendered":"Zuba\u0159sk\u00e9 centrum zam\u011bstn\u00e1 nesly\u0161\u00edc\u00ed techniky"},"content":{"rendered":"<p><strong>Stomatologick\u00e9 centrum, kter\u00e9 u\u017e nyn\u00ed vznik\u00e1 v Kladn\u011b, otev\u0159e sv\u00e9 br\u00e1ny mimo jin\u00e9 i nesly\u0161\u00edc\u00edm zubn\u00edm technik\u016fm.<!--more--><\/strong><\/p>\n<p>Vznikaj\u00edc\u00ed zubn\u00ed centrum v b\u00fdval\u00fdch kladensk\u00fdch kas\u00e1rn\u00e1ch nab\u00eddne v budoucnu mo\u017enost zaj\u00edmav\u00e9ho zam\u011bstn\u00e1n\u00ed pro lidi z Kladna i okol\u00ed. Roz\u0161\u00ed\u0159\u00ed kapacity ji\u017e prosperuj\u00edc\u00edho Domu zubn\u00ed p\u00e9\u010de Kladno, kter\u00fd se v t\u011bchto b\u00fdval\u00fdch kas\u00e1rn\u00e1ch nach\u00e1z\u00ed.<\/p>\n<p>&#8222;Budujeme zubn\u00ed laborato\u0159, ve kter\u00e9 budou ve v\u011bt\u0161in\u011b pracovat nesly\u0161\u00edc\u00ed zubn\u00ed technici. Ti studuj\u00ed v Praze, ale poch\u00e1zej\u00ed z cel\u00e9 \u010cesk\u00e9 republiky a po studiu jen velmi obt\u00ed\u017en\u011b nach\u00e1zej\u00ed uplatn\u011bn\u00ed,&#8220; vysv\u011btluje l\u00e9ka\u0159 Ji\u0159\u00ed Pek\u00e1rek s t\u00edm, \u017ee tito mlad\u00ed lid\u00e9 v mnoha p\u0159\u00edpadech nemaj\u00ed \u0161anci vystudovanou profesi vykon\u00e1vat.<\/p>\n<p>&#8222;Pro mnoh\u00e9 zam\u011bstnavatele je p\u0159\u00edli\u0161 slo\u017eit\u00e9 adaptovat se na fakt, \u017ee nesly\u0161\u00edc\u00ed zubn\u00ed technici maj\u00ed pon\u011bkud jin\u00e9 pot\u0159eby,&#8220; dod\u00e1v\u00e1.<\/p>\n<p>Nov\u00e9 centrum v Kladn\u011b d\u00e1 nesly\u0161\u00edc\u00edm zubn\u00edm technik\u016fm mo\u017enost zde pracovat a vytvo\u0159\u00ed jim pot\u0159ebn\u00e9 podm\u00ednky. Samoz\u0159ejmost\u00ed bude nap\u0159\u00edklad p\u0159\u00edtomnost tlumo\u010dn\u00edka do znakov\u00e9 \u0159e\u010di oko\u0159en\u011bn\u00e9 o technick\u00e9 a l\u00e9ka\u0159sk\u00e9 term\u00edny.<\/p>\n<p>&#8222;Z\u00e1rove\u0148 zde vznikne st\u00e1\u017eistick\u00e9 m\u00edsto pro studenty u\u017e zmi\u0148ovan\u00e9 \u0161koly a do budoucna nab\u00eddneme absolvent\u016fm mo\u017enost naj\u00edt zde zam\u011bstn\u00e1n\u00ed. My si naopak budeme moci vybrat jen z t\u011bch nejlep\u0161\u00edch,&#8220; p\u0159ibli\u017euje Pek\u00e1rek dal\u0161\u00ed pl\u00e1ny.<\/p>\n<p>V sou\u010dasnosti se na kladenskou zubn\u00ed kliniku hl\u00e1s\u00ed n\u011bkolik absolvent\u016f speci\u00e1ln\u00ed \u0161koly v Praze na Sm\u00edchov\u011b. &#8222;Velmi se na to t\u011b\u0161\u00ed a my se t\u011b\u0161\u00edme na n\u011b. U\u017e nyn\u00ed toti\u017e v\u00edme, \u017ee to bude velmi zaj\u00edmav\u00e1 spolupr\u00e1ce,&#8220; dod\u00e1v\u00e1 Ji\u0159\u00ed Pek\u00e1rek.<\/p>\n<p><em>ilustra\u010dn\u00ed foto:\u00a0 Gregory Szarkiewicz FreeDigitalPhotos<\/em><\/p>\n<p>&#8212;<\/p>\n","protected":false},"excerpt":{"rendered":"<div class=\"mh-excerpt\"><p>Stomatologick\u00e9 centrum, kter\u00e9 u\u017e nyn\u00ed vznik\u00e1 v Kladn\u011b, otev\u0159e sv\u00e9 br\u00e1ny mimo jin\u00e9 i nesly\u0161\u00edc\u00edm zubn\u00edm technik\u016fm.<\/p>\n<\/div>","protected":false},"author":1,"featured_media":14165,"comment_status":"open","ping_status":"closed","sticky":false,"template":"","format":"standard","meta":{"footnotes":""},"categories":[7],"tags":[],"class_list":["post-14729","post","type-post","status-publish","format-standard","has-post-thumbnail","hentry","category-spolecnost"],"_links":{"self":[{"href":"https:\/\/www.invarena.cz\/index.php?rest_route=\/wp\/v2\/posts\/14729","targetHints":{"allow":["GET"]}}],"collection":[{"href":"https:\/\/www.invarena.cz\/index.php?rest_route=\/wp\/v2\/posts"}],"about":[{"href":"https:\/\/www.invarena.cz\/index.php?rest_route=\/wp\/v2\/types\/post"}],"author":[{"embeddable":true,"href":"https:\/\/www.invarena.cz\/index.php?rest_route=\/wp\/v2\/users\/1"}],"replies":[{"embeddable":true,"href":"https:\/\/www.invarena.cz\/index.php?rest_route=%2Fwp%2Fv2%2Fcomments&post=14729"}],"version-history":[{"count":0,"href":"https:\/\/www.invarena.cz\/index.php?rest_route=\/wp\/v2\/posts\/14729\/revisions"}],"wp:featuredmedia":[{"embeddable":true,"href":"https:\/\/www.invarena.cz\/index.php?rest_route=\/wp\/v2\/media\/14165"}],"wp:attachment":[{"href":"https:\/\/www.invarena.cz\/index.php?rest_route=%2Fwp%2Fv2%2Fmedia&parent=14729"}],"wp:term":[{"taxonomy":"category","embeddable":true,"href":"https:\/\/www.invarena.cz\/index.php?rest_route=%2Fwp%2Fv2%2Fcategories&post=14729"},{"taxonomy":"post_tag","embeddable":true,"href":"https:\/\/www.invarena.cz\/index.php?rest_route=%2Fwp%2Fv2%2Ftags&post=14729"}],"curies":[{"name":"wp","href":"https:\/\/api.w.org\/{rel}","templated":true}]}}