{"id":1474,"date":"2013-02-27T08:38:07","date_gmt":"2013-02-27T07:38:07","guid":{"rendered":"http:\/\/www.invarena.cz\/?p=1474"},"modified":"2013-03-04T12:35:11","modified_gmt":"2013-03-04T11:35:11","slug":"praha-2030-bez-barier-kez-by","status":"publish","type":"post","link":"https:\/\/www.invarena.cz\/?p=1474","title":{"rendered":"Praha 2030 bez bari\u00e9r, k\u00e9\u017e by!"},"content":{"rendered":"<p>Asistence o.s. p\u00ed\u0161e otev\u0159en\u00fd dopis Rad\u011b hlavn\u00edho m\u011bsta Prahy s t\u00edm, \u017ee nen\u00ed spokojena s postupem v odstra\u0148ov\u00e1n\u00ed bari\u00e9r ve ve\u0159ejn\u00e9 doprav\u011b v Praze, kter\u00fd pon\u011bkud v\u00e1zne. Sdru\u017een\u00ed proto \u017e\u00e1d\u00e1 o podporu koncepce pro Prahu bez bari\u00e9r na www.PrahaBarierova.cz <!--more--><\/p>\n<p>V\u00e1\u017een\u00ed \u010dlenov\u00e9 Rady hlavn\u00edho m\u011bsta Prahy,<\/p>\n<p>dovolte, abychom v\u00e1m do z\u00e1v\u011bre\u010dn\u00e9ho roku spravov\u00e1n\u00ed m\u011bsta v tomto volebn\u00edm obdob\u00ed p\u0159ipomn\u011bli, \u017ee oproti p\u0159edvolebn\u00edm program\u016fm a vyj\u00e1d\u0159en\u00edm l\u00eddr\u016f politick\u00fdch stran z\u016fstaly bezbari\u00e9rov\u00e9 \u00fapravy ve\u0159ejn\u00e9 dopravy i chodn\u00edk\u016f pon\u011bkud odsunuty na vedlej\u0161\u00ed kolej. Vznik koncepce pro Prahu bez bari\u00e9r vn\u00edm\u00e1me jako nutnost.<\/p>\n<p>T\u011bsn\u011b po sv\u00e9m zvolen\u00ed prohl\u00e1sil pan prim\u00e1tor Bohuslav Svoboda, \u017ee jeho c\u00edlem je metro bez bari\u00e9r do deseti let. Za dal\u0161\u00ed sv\u016fj \u00fakol ozna\u010dil nastaven\u00ed koncep\u010dn\u00edho uva\u017eov\u00e1n\u00ed, kter\u00e9 p\u0159es\u00e1hne jedno volebn\u00ed obdob\u00ed a zaru\u010d\u00ed dlouhodob\u00fd v\u00fdrazn\u00fd pokrok p\u0159i odstra\u0148ov\u00e1n\u00ed bari\u00e9r v Praze. To v\u0161e odpov\u00eddalo i programu, se kter\u00fdm do voleb vstupoval. R\u00e1di bychom se k t\u011bmto inspirativn\u00edm my\u0161lenk\u00e1m vr\u00e1tili a pokusili se je p\u0159ibl\u00ed\u017eit realizaci.<br \/>\n<strong><br \/>\nPRAHA 2030 BEZ BARI\u00c9R, K\u00c9\u017d BY!<\/strong><\/p>\n<p>Rok 2030 je mo\u017en\u00e9 prohl\u00e1sit za zvl\u00e1dnuteln\u00fd kompromis pro odstran\u011bn\u00ed v\u0161ech bari\u00e9r. Jasn\u00fd term\u00edn zjednodu\u0161\u00ed pr\u016fb\u011b\u017enou p\u0159\u00edpravu, realizaci i kontrolu. Kde bude m\u011bsto v n\u00e1sleduj\u00edc\u00edch 17 letech odstra\u0148ovat bari\u00e9ry?<br \/>\n&#8211; 23 star\u0161\u00edch stanic metra neboli 1-2 stanice ro\u010dn\u011b<br \/>\n&#8211; 40 tramvajov\u00fdch zast\u00e1vek s v\u00fdstupem do vozovky neboli 2-3 ro\u010dn\u011b<br \/>\n&#8211; des\u00edtky tramvajov\u00fdch ostr\u016fvk\u016f nevyhovuj\u00edc\u00edch bezbari\u00e9rov\u00fdm parametr\u016fm<br \/>\n&#8211; zp\u0159\u00edstupn\u011bn\u00ed n\u00e1jezd\u016f na chodn\u00edky po cel\u00e9m \u00fazem\u00ed m\u011bsta<br \/>\n&#8211; pokra\u010duj\u00edc\u00ed obnova vozov\u00e9ho parku tramvaj\u00ed a autobus\u016f.<br \/>\n&#8211; zna\u010den\u00ed cest k v\u00fdtah\u016fm do metra na chodn\u00edc\u00edch<br \/>\n&#8211; sp\u00e1ra mezi n\u00e1stupi\u0161t\u011bm a vozem metra<\/p>\n<p>T\u0159etina obyvatel m\u011bsta aktu\u00e1ln\u011b, a b\u011bhem sv\u00e9ho \u017eivota ka\u017ed\u00fd, profituje z bezbari\u00e9rov\u00fdch \u00faprav. Krom\u011b lid\u00ed se zdravotn\u00edm posti\u017een\u00edm to jsou zejm\u00e9na senio\u0159i a rodiny s mal\u00fdmi d\u011btmi v ko\u010d\u00e1rku. M\u00edra p\u0159\u00edstupnosti ve\u0159ejn\u00e9 dopravy je jedn\u00edm z indik\u00e1tor\u016f kvality \u017eivota a soci\u00e1ln\u00ed citlivosti toho kter\u00e9ho m\u011bsta. A\u010dkoliv m\u00e1 Praha v t\u00e9to oblasti co doh\u00e1n\u011bt, nezvolila si zat\u00edm tempo odpov\u00eddaj\u00edc\u00ed z\u00e1va\u017enosti dopad\u016f, kter\u00e9 na ka\u017edodenn\u00ed \u017eivoty Pra\u017ean\u016f bari\u00e9rov\u00e1 polovina ve\u0159ejn\u00e9 dopravy m\u00e1.<\/p>\n<p>Poj\u010fme to zm\u011bnit, M\u00c1 TO SMYSL!<\/p>\n<p>T\u00e9matu se budeme podrobn\u011bji v\u011bnovat v \u00fater\u00fd 9.4. od 18 hodin v kin\u011b OKO. \u010cek\u00e1 n\u00e1s projekce nov\u00e9ho filmu a debata s prim\u00e1torem Bohuslavem Svobodou a dal\u0161\u00edmi vz\u00e1cn\u00fdmi hosty z Prahy i z V\u00eddn\u011b. P\u0159ij\u010fte se nakazit inspirativn\u00edmi my\u0161lenkami a podpo\u0159it intenzivn\u011bj\u0161\u00ed v\u00fdvoj v na\u0161em m\u011bst\u011b. P\u0159ipojte se na www.PrahaBarierova.cz<\/p>\n<p>Asistence o.s.<br \/>\nErik \u010cipera<\/p>\n","protected":false},"excerpt":{"rendered":"<div class=\"mh-excerpt\"><p>Asistence o.s. p\u00ed\u0161e otev\u0159en\u00fd dopis Rad\u011b hlavn\u00edho m\u011bsta Prahy s t\u00edm, \u017ee nen\u00ed spokojena s postupem v odstra\u0148ov\u00e1n\u00ed bari\u00e9r ve ve\u0159ejn\u00e9 doprav\u011b v Praze, kter\u00fd <a class=\"mh-excerpt-more\" href=\"https:\/\/www.invarena.cz\/?p=1474\" title=\"Praha 2030 bez bari\u00e9r, k\u00e9\u017e by!\">[&#8230;]<\/a><\/p>\n<\/div>","protected":false},"author":1,"featured_media":1478,"comment_status":"open","ping_status":"open","sticky":false,"template":"","format":"standard","meta":{"footnotes":""},"categories":[7],"tags":[],"class_list":["post-1474","post","type-post","status-publish","format-standard","has-post-thumbnail","hentry","category-spolecnost"],"_links":{"self":[{"href":"https:\/\/www.invarena.cz\/index.php?rest_route=\/wp\/v2\/posts\/1474","targetHints":{"allow":["GET"]}}],"collection":[{"href":"https:\/\/www.invarena.cz\/index.php?rest_route=\/wp\/v2\/posts"}],"about":[{"href":"https:\/\/www.invarena.cz\/index.php?rest_route=\/wp\/v2\/types\/post"}],"author":[{"embeddable":true,"href":"https:\/\/www.invarena.cz\/index.php?rest_route=\/wp\/v2\/users\/1"}],"replies":[{"embeddable":true,"href":"https:\/\/www.invarena.cz\/index.php?rest_route=%2Fwp%2Fv2%2Fcomments&post=1474"}],"version-history":[{"count":0,"href":"https:\/\/www.invarena.cz\/index.php?rest_route=\/wp\/v2\/posts\/1474\/revisions"}],"wp:featuredmedia":[{"embeddable":true,"href":"https:\/\/www.invarena.cz\/index.php?rest_route=\/wp\/v2\/media\/1478"}],"wp:attachment":[{"href":"https:\/\/www.invarena.cz\/index.php?rest_route=%2Fwp%2Fv2%2Fmedia&parent=1474"}],"wp:term":[{"taxonomy":"category","embeddable":true,"href":"https:\/\/www.invarena.cz\/index.php?rest_route=%2Fwp%2Fv2%2Fcategories&post=1474"},{"taxonomy":"post_tag","embeddable":true,"href":"https:\/\/www.invarena.cz\/index.php?rest_route=%2Fwp%2Fv2%2Ftags&post=1474"}],"curies":[{"name":"wp","href":"https:\/\/api.w.org\/{rel}","templated":true}]}}