{"id":14776,"date":"2014-02-10T19:16:56","date_gmt":"2014-02-10T18:16:56","guid":{"rendered":"http:\/\/www.invarena.cz\/?p=14776"},"modified":"2014-02-18T09:36:37","modified_gmt":"2014-02-18T08:36:37","slug":"chce-prukaz-ztpp-pro-syna-urady-zamitaji","status":"publish","type":"post","link":"https:\/\/www.invarena.cz\/?p=14776","title":{"rendered":"Chce pr\u016fkaz ZTP\/P pro syna. \u00da\u0159ady zam\u00edtaj\u00ed"},"content":{"rendered":"<p><strong>U\u017e osm let \u017e\u00e1d\u00e1 Kate\u0159ina Pavlechov\u00e1 z Hav\u00ed\u0159ova pro sv\u00e9ho t\u011b\u017ece nemocn\u00e9ho syna pr\u016fkaz, d\u00edky kter\u00e9mu by u\u0161et\u0159ila za cestov\u00e1n\u00ed po nemocnic\u00edch. Zat\u00edm poka\u017ed\u00e9 sly\u0161ela, \u017ee nem\u00e1 n\u00e1rok. Ona je ale p\u0159esv\u011bd\u010den\u00e1 o opaku&#8230;<!--more--><\/strong><\/p>\n<p><em><strong>report\u00e1\u017e TV Barrandov<\/strong><\/em><\/p>\n<p>Ona je ale p\u0159esv\u011bd\u010den\u00e1 o opaku a dokl\u00e1d\u00e1 to l\u00e9ka\u0159sk\u00fdmi zpr\u00e1vami. Finan\u010dn\u011b je na tom rodina \u0161patn\u011b a ka\u017ed\u00e1 u\u0161et\u0159en\u00e1 koruna by se j\u00ed opravdu hodila.<\/p>\n<p>Kate\u0159ina PAVLECHOV\u00c1, samo\u017eivitelka:<br \/>\nJedin\u00e9 co prost\u011b m\u00e1m, tak to je fakt ten pokoj\u00ed\u010dek pro ty d\u011bti, kter\u00fd jsem vlastn\u011b ud\u011blala, aby m\u011bli to, co maj\u00ed m\u00edt, ale na ostatn\u00ed v\u011bci prost\u011b opravdu &#8230;<\/p>\n<p>Kate\u0159ina Pavlechov\u00e1 \u017eije sama se t\u0159emi d\u011btmi. Desetiletou Kl\u00e1rku p\u0159ed dv\u011bma lety pokousal pes. Od t\u00e9 doby chod\u00ed k psychiatrovi a bere antidepresiva. \u0160estn\u00e1ctilet\u00e1 Tereza musela na operaci kv\u016fli p\u00e1te\u0159i a pak je tu je\u0161t\u011b desetilet\u00fd Sam, kter\u00fd je v\u00e1\u017en\u011b posti\u017een\u00fd.<\/p>\n<p>PAVLECHOV\u00c1:<br \/>\nM\u00e1 t\u011b\u017ekou epilepsii, poruchu ADHD, m\u00e1 astma, m\u00e1 opo\u017ed\u011bn\u00fd v\u00fdvoj o dva roky, je to bohu\u017eel i retardace prvn\u00edho stupn\u011b.<\/p>\n<p>Sam vy\u017eaduje \u010dty\u0159iadvacetihodinov\u00fd dohled. Ve \u0161kole se neobejde bez asistentky a poka\u017ed\u00e9, kdy\u017e dostane z\u00e1chvat mus\u00ed do nemocnice. Od roku 2006 pro n\u011bj proto matka \u017e\u00e1d\u00e1 o kartu zdravotn\u011b t\u011blesn\u011b posti\u017een\u00e9ho.<\/p>\n<p>Kate\u0159ina PAVLECHOV\u00c1,<br \/>\nV\u00fdhoda t\u00e9 karty ZTP\/P pro n\u00e1s by byla v tom, \u017ee kdy\u017e bychom jezdili k t\u011bm l\u00e9ka\u0159\u016fm, tak to j\u00edzdn\u00e9 by bylo zdarma. Dal\u0161\u00ed v\u00fdhoda by tam u toho byla, \u017ee by byla mo\u017enost poskytnut\u00e9 auto ze soci\u00e1ln\u00edho odboru.<\/p>\n<p>Jen\u017ee podle \u00fa\u0159edn\u00edk\u016f na n\u00ed Sam nem\u00e1 n\u00e1rok.<\/p>\n<p>PAVLECHOV\u00c1:<br \/>\nPoka\u017ed\u00e9 n\u00e1m to bylo zam\u00edtnuto s t\u00edm, \u017ee vlastn\u011b syn zvl\u00e1d\u00e1 orientaci a mobilitu, co\u017e nen\u00ed pravda, proto\u017ee si nezav\u00e1\u017ee ani tkani\u010dky u bot.<\/p>\n<p>Jana BURA\u0147OV\u00c1, mluv\u010d\u00ed \u010cesk\u00e9 spr\u00e1vy soci\u00e1ln\u00edho zabezpe\u010den\u00ed:<br \/>\nMaj\u00ed mo\u017enost podat odvol\u00e1n\u00ed a to znamen\u00e1, \u017ee ten p\u0159\u00edpad posoud\u00ed \u00fapln\u011b jin\u00fd.<\/p>\n<p>Karta a p\u0159\u00edsp\u011bvek v \u0159\u00e1du stokorun m\u011bs\u00ed\u010dn\u011b by p\u0159itom rodin\u011b pomohl.<\/p>\n<p>PAVLECHOV\u00c1 :<br \/>\nNa to, abych mohla s d\u011btma jet t\u0159eba do zoo, m\u011b na m\u011bs\u00edc z\u016fst\u00e1v\u00e1 \u010d\u00e1stka 540 K\u010d.<\/p>\n<p>Kl\u00e1ra PAVLECHOV\u00c1, dcera:<br \/>\nJ\u00e1 bych cht\u011bla n\u011bkdy jezdit na koni.<\/p>\n<p>Samuel PAVLECHA, syn:<br \/>\nCht\u011bl bych se pod\u00edvat na hory.<\/p>\n<p>Pro matku nesplniteln\u00e9 p\u0159\u00e1n\u00ed a i Kl\u00e1rka se m\u016f\u017ee na kon\u011b zat\u00edm d\u00edvat jen skrz ohradu. Kate\u0159ina p\u0159esto pom\u00e1h\u00e1 ostatn\u00edm, na Facebooku zorganizovala sb\u011br plastov\u00fdch v\u00ed\u010dek, kter\u00fdm se sna\u017e\u00ed z\u00edskat pen\u00edze pro posti\u017een\u00e9 d\u011bti. Te\u010f ale rodina pot\u0159ebuje sama pomoc. Uv\u00edtala by, kdyby n\u011bkdo mohl darovat n\u011bkter\u00e9 z nepot\u0159ebn\u00fdch v\u011bc\u00ed.<\/p>\n<p>PAVLECHOV\u00c1 :<br \/>\nN\u011bjakou t\u0159eba televizi, nebo pop\u0159\u00edpad\u011b t\u00edm, \u017ee m\u00e1me rozbitou i seda\u010dku, tak bychom p\u0159ijali seda\u010dku.<\/p>\n<p>P\u0159es v\u0161echny probl\u00e9my a obt\u00ed\u017ee se rodina sna\u017e\u00ed fungovat jako ka\u017ed\u00e1 jin\u00e1 a je\u0161t\u011b si najde \u010das na to, aby pom\u00e1hala ostatn\u00edm.<\/p>\n","protected":false},"excerpt":{"rendered":"<div class=\"mh-excerpt\"><p>U\u017e osm let \u017e\u00e1d\u00e1 Kate\u0159ina Pavlechov\u00e1 z Hav\u00ed\u0159ova pro sv\u00e9ho t\u011b\u017ece nemocn\u00e9ho syna pr\u016fkaz, d\u00edky kter\u00e9mu by u\u0161et\u0159ila za cestov\u00e1n\u00ed po nemocnic\u00edch. Zat\u00edm poka\u017ed\u00e9 sly\u0161ela, <a class=\"mh-excerpt-more\" href=\"https:\/\/www.invarena.cz\/?p=14776\" title=\"Chce pr\u016fkaz ZTP\/P pro syna. \u00da\u0159ady zam\u00edtaj\u00ed\">[&#8230;]<\/a><\/p>\n<\/div>","protected":false},"author":1,"featured_media":13998,"comment_status":"open","ping_status":"closed","sticky":false,"template":"","format":"standard","meta":{"footnotes":""},"categories":[7],"tags":[],"class_list":["post-14776","post","type-post","status-publish","format-standard","has-post-thumbnail","hentry","category-spolecnost"],"_links":{"self":[{"href":"https:\/\/www.invarena.cz\/index.php?rest_route=\/wp\/v2\/posts\/14776","targetHints":{"allow":["GET"]}}],"collection":[{"href":"https:\/\/www.invarena.cz\/index.php?rest_route=\/wp\/v2\/posts"}],"about":[{"href":"https:\/\/www.invarena.cz\/index.php?rest_route=\/wp\/v2\/types\/post"}],"author":[{"embeddable":true,"href":"https:\/\/www.invarena.cz\/index.php?rest_route=\/wp\/v2\/users\/1"}],"replies":[{"embeddable":true,"href":"https:\/\/www.invarena.cz\/index.php?rest_route=%2Fwp%2Fv2%2Fcomments&post=14776"}],"version-history":[{"count":0,"href":"https:\/\/www.invarena.cz\/index.php?rest_route=\/wp\/v2\/posts\/14776\/revisions"}],"wp:featuredmedia":[{"embeddable":true,"href":"https:\/\/www.invarena.cz\/index.php?rest_route=\/wp\/v2\/media\/13998"}],"wp:attachment":[{"href":"https:\/\/www.invarena.cz\/index.php?rest_route=%2Fwp%2Fv2%2Fmedia&parent=14776"}],"wp:term":[{"taxonomy":"category","embeddable":true,"href":"https:\/\/www.invarena.cz\/index.php?rest_route=%2Fwp%2Fv2%2Fcategories&post=14776"},{"taxonomy":"post_tag","embeddable":true,"href":"https:\/\/www.invarena.cz\/index.php?rest_route=%2Fwp%2Fv2%2Ftags&post=14776"}],"curies":[{"name":"wp","href":"https:\/\/api.w.org\/{rel}","templated":true}]}}