{"id":14792,"date":"2014-02-11T20:00:48","date_gmt":"2014-02-11T19:00:48","guid":{"rendered":"http:\/\/www.invarena.cz\/?p=14792"},"modified":"2014-02-11T20:02:39","modified_gmt":"2014-02-11T19:02:39","slug":"koureni-v-aute-ve-kterem-je-i-dite-bude-v-anglii-trestny-cin","status":"publish","type":"post","link":"https:\/\/www.invarena.cz\/?p=14792","title":{"rendered":"Kou\u0159en\u00ed v aut\u011b, ve kter\u00e9m je d\u00edt\u011b, bude v Anglii trestn\u00fd \u010din"},"content":{"rendered":"<p><strong>Kou\u0159en\u00ed v aut\u011b, ve kter\u00e9m cestuje d\u00edt\u011b, bude nyn\u00ed v Anglii trestn\u00fdm \u010dinem. Opat\u0159en\u00ed zavede britsk\u00e1 vl\u00e1da na z\u00e1klad\u011b p\u0159\u00edslu\u0161n\u00e9ho n\u00e1vrhu, kter\u00fd v pond\u011bl\u00ed schv\u00e1lil parlament.<!--more--><\/strong><\/p>\n<p>Uvedl to dnes server BBC.<\/p>\n<p>Z\u00e1konod\u00e1rci schv\u00e1lili dodatek k z\u00e1konu o d\u011btech a rodin\u011b, kter\u00fd vl\u00e1d\u011b umo\u017e\u0148uje, ale nena\u0159izuje zak\u00e1zat kou\u0159en\u00ed v autech vezouc\u00ed d\u011bti. Zdroj ze s\u00eddla premi\u00e9ra Davida Camerona BBC \u0159ekl, \u017ee vl\u00e1da z\u00e1kaz zavede.<\/p>\n<p>N\u00e1vrh opozi\u010dn\u00edch labourist\u016f, kter\u00fd ji\u017e d\u0159\u00edve schv\u00e1lila horn\u00ed komora parlamentu, odsouhlasili v pond\u011bl\u00ed poslanci jasn\u00fdm pom\u011brem 376 hlas\u016f ku 107. Proti byli jen n\u011bkte\u0159\u00ed konzervativn\u00ed poslanci, podle nich\u017e je takov\u00e9 opat\u0159en\u00ed zbyte\u010dn\u00e9 a t\u011b\u017eko prosaditeln\u00e9 v praxi.<\/p>\n<p>Schv\u00e1len\u00fd text umo\u017e\u0148uje podle BBC, aby z\u00e1kaz zavedla i walesk\u00e1 vl\u00e1da. Jej\u00ed p\u0159edstavitel podle agentury Reuters usoudil, \u017ee se tak nejsp\u00ed\u0161 stane. Jeden skotsk\u00fd poslanec sd\u011blil, \u017ee podobn\u00fd text se bude je\u0161t\u011b letos projedn\u00e1vat tak\u00e9 ve Skotsku.<\/p>\n<p>&#8222;Jsme naprosto nad\u0161eni,&#8220; uv\u00edtala hlasov\u00e1n\u00ed z\u00e1konod\u00e1rc\u016f v Lond\u00fdn\u011b \u0159editelka nadace British Lung Foundation pro prevenci a l\u00e9\u010dbu plicn\u00edch onemocn\u011bn\u00ed Penny Woods.<\/p>\n<p>Z\u00e1kazy kou\u0159en\u00ed v autech s d\u011btmi se podle agentury AFP prosadily ji\u017e d\u0159\u00edve na n\u00e1rodn\u00ed \u010di m\u00edstn\u00ed \u00farovni nap\u0159\u00edklad ve Spojen\u00fdch st\u00e1tech, Kanad\u011b, Austr\u00e1lii, Jihoafrick\u00e9 republice a na Kypru.<\/p>\n","protected":false},"excerpt":{"rendered":"<div class=\"mh-excerpt\"><p>Kou\u0159en\u00ed v aut\u011b, ve kter\u00e9m cestuje d\u00edt\u011b, bude nyn\u00ed v Anglii trestn\u00fdm \u010dinem. Opat\u0159en\u00ed zavede britsk\u00e1 vl\u00e1da na z\u00e1klad\u011b p\u0159\u00edslu\u0161n\u00e9ho n\u00e1vrhu, kter\u00fd v pond\u011bl\u00ed schv\u00e1lil <a class=\"mh-excerpt-more\" href=\"https:\/\/www.invarena.cz\/?p=14792\" title=\"Kou\u0159en\u00ed v aut\u011b, ve kter\u00e9m je d\u00edt\u011b, bude v Anglii trestn\u00fd \u010din\">[&#8230;]<\/a><\/p>\n<\/div>","protected":false},"author":1,"featured_media":14014,"comment_status":"open","ping_status":"closed","sticky":false,"template":"","format":"standard","meta":{"footnotes":""},"categories":[7],"tags":[],"class_list":["post-14792","post","type-post","status-publish","format-standard","has-post-thumbnail","hentry","category-spolecnost"],"_links":{"self":[{"href":"https:\/\/www.invarena.cz\/index.php?rest_route=\/wp\/v2\/posts\/14792","targetHints":{"allow":["GET"]}}],"collection":[{"href":"https:\/\/www.invarena.cz\/index.php?rest_route=\/wp\/v2\/posts"}],"about":[{"href":"https:\/\/www.invarena.cz\/index.php?rest_route=\/wp\/v2\/types\/post"}],"author":[{"embeddable":true,"href":"https:\/\/www.invarena.cz\/index.php?rest_route=\/wp\/v2\/users\/1"}],"replies":[{"embeddable":true,"href":"https:\/\/www.invarena.cz\/index.php?rest_route=%2Fwp%2Fv2%2Fcomments&post=14792"}],"version-history":[{"count":0,"href":"https:\/\/www.invarena.cz\/index.php?rest_route=\/wp\/v2\/posts\/14792\/revisions"}],"wp:featuredmedia":[{"embeddable":true,"href":"https:\/\/www.invarena.cz\/index.php?rest_route=\/wp\/v2\/media\/14014"}],"wp:attachment":[{"href":"https:\/\/www.invarena.cz\/index.php?rest_route=%2Fwp%2Fv2%2Fmedia&parent=14792"}],"wp:term":[{"taxonomy":"category","embeddable":true,"href":"https:\/\/www.invarena.cz\/index.php?rest_route=%2Fwp%2Fv2%2Fcategories&post=14792"},{"taxonomy":"post_tag","embeddable":true,"href":"https:\/\/www.invarena.cz\/index.php?rest_route=%2Fwp%2Fv2%2Ftags&post=14792"}],"curies":[{"name":"wp","href":"https:\/\/api.w.org\/{rel}","templated":true}]}}