{"id":14795,"date":"2014-02-12T10:18:52","date_gmt":"2014-02-12T09:18:52","guid":{"rendered":"http:\/\/www.invarena.cz\/?p=14795"},"modified":"2014-10-20T20:03:59","modified_gmt":"2014-10-20T18:03:59","slug":"vstupuji-do-me-stiny-bojuje-malirka-se-svymi-demony","status":"publish","type":"post","link":"https:\/\/www.invarena.cz\/?p=14795","title":{"rendered":"&#8222;Vstupuj\u00ed do m\u011b st\u00edny,&#8220; bojuje mal\u00ed\u0159ka se sv\u00fdmi d\u00e9mony"},"content":{"rendered":"<p><strong>Lenka m\u00e1 velk\u00e9 hn\u011bd\u00e9 o\u010di a bezelstn\u00fd \u00fasm\u011bv \u010dlov\u011bka, kter\u00fd \u017eije ve vlastn\u00edm sv\u011bt\u011b. Doned\u00e1vna bloudila brn\u011bnsk\u00fdmi ulicemi, hladov\u00e1 a uboze oble\u010den\u00e1. Talentovan\u00e1 v\u00fdtvarnice, ale t\u00e9\u017e du\u0161evn\u011b nemocn\u00e1 \u017eena. Dnes u\u017e m\u00e1 st\u0159echu nad hlavou a pr\u00e1v\u011b vystavuje sv\u00e9 obrazy v brn\u011bnsk\u00e9m Caf\u00e9 Pr\u00e1h.\/ilustra\u010dn\u00ed sn\u00edmek\/<\/strong><br \/>\n<!--more--><\/p>\n<p>Jej\u00ed \u017eivotn\u00ed p\u0159\u00edb\u011bh je mixem t\u011b\u017ek\u00fdch chvil a \u0161\u0165astn\u00fdch setk\u00e1n\u00ed s lidmi, kte\u0159\u00ed j\u00ed v \u00fazk\u00fdch pomohli. Sedm let se toulala po Spojen\u00fdch st\u00e1tech. &#8222;V\u017edycky m\u011b l\u00e1kaly d\u00e1lky, tak\u017ee jsem v devaten\u00e1cti odjela do Ameriky. P\u0159es agenturu, p\u016fvodn\u011b na p\u016flro\u010dn\u00ed brig\u00e1du. V Kalifornii jsem si p\u0159ivyd\u011bl\u00e1vala t\u0159eba v komparzu, bydlela, jak se dalo, a n\u011bkdy nem\u011bla co do pusy,&#8220; vypr\u00e1v\u00ed p\u011btat\u0159icetilet\u00e1 Lenka Fridrichov\u00e1.<\/p>\n<p>\u0158\u00edk\u00e1 o sob\u011b, \u017ee je samot\u00e1\u0159ka. V Los Angeles si v\u0161ak libovala v undergroundov\u00e9 spole\u010dnosti nekonven\u010dn\u011b \u017eij\u00edc\u00edch lid\u00ed. Absolventka textiln\u00edho designu na brn\u011bnsk\u00e9 st\u0159edn\u00ed \u0161kole p\u0159itom piln\u011b jezdila po v\u00fdstav\u00e1ch. A snila o tom, jak se jednou stane skute\u010dnou um\u011blkyn\u00ed.<\/p>\n<p>Jen\u017ee jej\u00ed nemoc prov\u00e1zen\u00e1 halucinacemi a bludy j\u00ed poka\u017ed\u00e9 jej\u00ed sny p\u0159ekazila. V\u017edy skon\u010dila na p\u00e1r dn\u016f v nemocnici. Jen\u017ee bez zdravotn\u00edho poji\u0161t\u011bn\u00ed ji rychle vr\u00e1tili na ulici. Sem tam se j\u00ed povedlo n\u011bjak\u00fd obraz prodat, v\u017edy za cenu, kter\u00e1 sotva p\u0159es\u00e1hla hodnotu materi\u00e1lu. Pen\u00edze j\u00ed toti\u017e nic ne\u0159\u00edkaj\u00ed a svoje zdravotn\u00ed pot\u00ed\u017ee nevn\u00edm\u00e1 jako nemoc.<\/p>\n<p>&#8222;Jsou chv\u00edle, kdy m\u00e1m pocit, \u017ee do m\u011b vstupuj\u00ed n\u011bjak\u00e9 st\u00edny a h\u00fdbaj\u00ed m\u00fdm t\u011blem. V\u00edm, \u017ee je to od \u010f\u00e1bla, kter\u00fd m\u011b pokou\u0161\u00ed a na\u0161ept\u00e1v\u00e1 mi \u0161patn\u00e9 v\u011bci,&#8220; vysv\u011btluje si projevy choroby.<\/p>\n<p>Kdy\u017e j\u00ed v USA za\u010daly kv\u016fli neleg\u00e1ln\u00edmu pobytu probl\u00e9my s \u00fa\u0159ady, vr\u00e1tila se do \u010ceska. N\u011bjak\u00fd \u010das ji l\u00e9\u010dil psychiatr Martin Tu\u010dek. &#8222;Pokud mohu soudit, vid\u00edm vyzr\u00e1l\u00fd talent, malov\u00e1n\u00ed je doslova Len\u010dina posedlost,&#8220; m\u00edn\u00ed l\u00e9ka\u0159.<\/p>\n<p>Po n\u00e1vratu ze Spojen\u00fdch st\u00e1t\u016f mlad\u00e1 \u017eena n\u011bkolikr\u00e1t skon\u010dila v psychiatrick\u00e9 l\u00e9\u010debn\u011b. Dlouho m\u011bla v ob\u010dance trval\u00e9 bydli\u0161t\u011b v Husov\u011b 5, ofici\u00e1ln\u00ed to adrese brn\u011bnsk\u00fdch bezdomovc\u016f. S rodi\u010di moc nevych\u00e1zela. Pr\u00e1v\u011b z jejich popudu ji soud loni zbavil sv\u00e9pr\u00e1vnosti. Lenka dlouho odm\u00edtala po\u017e\u00e1dat o invalidn\u00ed d\u016fchod. V\u011b\u0159ila, \u017ee se u\u017eiv\u00ed malov\u00e1n\u00edm. \u010casto musela volit mezi j\u00eddlem, oble\u010den\u00edm a malov\u00e1n\u00edm. A poka\u017ed\u00e9 volila to posledn\u00ed. &#8222;V\u011b\u0159ila jsem, \u017ee m\u011b B\u016fh, kter\u00fd mi dal talent, nenech\u00e1 um\u0159\u00edt,&#8220; usm\u00edv\u00e1 se dnes.<\/p>\n<p>A nenechal. Petr Wainer jako by Lence spadl rovnou z nebe. Osma\u010dty\u0159icetilet\u00fd mu\u017e, na kter\u00e9ho natrefila u kamar\u00e1dky, j\u00ed loni nab\u00eddl p\u0159\u00edst\u0159e\u0161\u00ed ve sv\u00e9m domku. Amat\u00e9rsk\u00e9ho hudebn\u00edka oslovily Len\u010diny obrazy. &#8222;Nakonec se z toho setk\u00e1n\u00ed vyvinul vztah. Prost\u011b spolu n\u011bjak lad\u00edme a vz\u00e1jemn\u011b se inspirujeme,&#8220; popisuje rozveden\u00fd otec dvou dosp\u011bl\u00fdch d\u011bt\u00ed.<\/p>\n<p>D\u00edky trval\u00e9mu bydli\u0161ti j\u00ed mohla opatrovnice ze soci\u00e1ln\u00edho odboru \u00fa\u0159adu Brno-st\u0159ed zajistit p\u0159\u00edsp\u011bvek na bydlen\u00ed. Te\u010f se mal\u00ed\u0159ce sna\u017e\u00ed vy\u0159\u00eddit i invalidn\u00ed d\u016fchod. Sdru\u017een\u00ed Pr\u00e1h, kter\u00e9 pom\u00e1h\u00e1 du\u0161evn\u011b nemocn\u00fdm, vystavuje Len\u010diny obrazy. &#8222;Jednu dobu u n\u00e1s v kav\u00e1rn\u011b Lenka i obsluhovala, pak se n\u00e1m ale ztratila z o\u010d\u00ed,&#8220; popisuje psycholog sdru\u017een\u00ed Ji\u0159\u00ed \u0160upa.<\/p>\n<p><em>cel\u00fd \u010dl\u00e1nek je v dne\u0161n\u00edm vyd\u00e1n\u00ed MfD<\/em><\/p>\n<p>Ivana Kar\u00e1skov\u00e1<br \/>\nMlad\u00e1 fronta DNES<br \/>\nhttp:\/\/www.idnes.cz<\/p>\n","protected":false},"excerpt":{"rendered":"<div class=\"mh-excerpt\"><p>Lenka m\u00e1 velk\u00e9 hn\u011bd\u00e9 o\u010di a bezelstn\u00fd \u00fasm\u011bv \u010dlov\u011bka, kter\u00fd \u017eije ve vlastn\u00edm sv\u011bt\u011b. Doned\u00e1vna bloudila brn\u011bnsk\u00fdmi ulicemi, hladov\u00e1 a uboze oble\u010den\u00e1. Talentovan\u00e1 v\u00fdtvarnice, ale <a class=\"mh-excerpt-more\" href=\"https:\/\/www.invarena.cz\/?p=14795\" title=\"&#8222;Vstupuj\u00ed do m\u011b st\u00edny,&#8220; bojuje mal\u00ed\u0159ka se sv\u00fdmi d\u00e9mony\">[&#8230;]<\/a><\/p>\n<\/div>","protected":false},"author":1,"featured_media":1419,"comment_status":"open","ping_status":"closed","sticky":false,"template":"","format":"standard","meta":{"footnotes":""},"categories":[17],"tags":[],"class_list":["post-14795","post","type-post","status-publish","format-standard","has-post-thumbnail","hentry","category-kultura"],"_links":{"self":[{"href":"https:\/\/www.invarena.cz\/index.php?rest_route=\/wp\/v2\/posts\/14795","targetHints":{"allow":["GET"]}}],"collection":[{"href":"https:\/\/www.invarena.cz\/index.php?rest_route=\/wp\/v2\/posts"}],"about":[{"href":"https:\/\/www.invarena.cz\/index.php?rest_route=\/wp\/v2\/types\/post"}],"author":[{"embeddable":true,"href":"https:\/\/www.invarena.cz\/index.php?rest_route=\/wp\/v2\/users\/1"}],"replies":[{"embeddable":true,"href":"https:\/\/www.invarena.cz\/index.php?rest_route=%2Fwp%2Fv2%2Fcomments&post=14795"}],"version-history":[{"count":0,"href":"https:\/\/www.invarena.cz\/index.php?rest_route=\/wp\/v2\/posts\/14795\/revisions"}],"wp:featuredmedia":[{"embeddable":true,"href":"https:\/\/www.invarena.cz\/index.php?rest_route=\/wp\/v2\/media\/1419"}],"wp:attachment":[{"href":"https:\/\/www.invarena.cz\/index.php?rest_route=%2Fwp%2Fv2%2Fmedia&parent=14795"}],"wp:term":[{"taxonomy":"category","embeddable":true,"href":"https:\/\/www.invarena.cz\/index.php?rest_route=%2Fwp%2Fv2%2Fcategories&post=14795"},{"taxonomy":"post_tag","embeddable":true,"href":"https:\/\/www.invarena.cz\/index.php?rest_route=%2Fwp%2Fv2%2Ftags&post=14795"}],"curies":[{"name":"wp","href":"https:\/\/api.w.org\/{rel}","templated":true}]}}