{"id":14807,"date":"2014-02-12T01:03:01","date_gmt":"2014-02-12T00:03:01","guid":{"rendered":"http:\/\/www.invarena.cz\/?p=14807"},"modified":"2014-02-12T16:04:47","modified_gmt":"2014-02-12T15:04:47","slug":"brnenska-onkologie-skoli-sestry-pro-neslysici","status":"publish","type":"post","link":"https:\/\/www.invarena.cz\/?p=14807","title":{"rendered":"Brn\u011bnsk\u00e1 onkologie \u0161kol\u00ed sestry pro nesly\u0161\u00edc\u00ed"},"content":{"rendered":"<p><strong>Masaryk\u016fv onkologick\u00fd \u00fastav v Brn\u011b \u0161kol\u00ed person\u00e1l pro nesly\u0161\u00edc\u00ed a nedosl\u00fdchav\u00e9. Loni jich hospitalizoval t\u00e9m\u011b\u0159 tis\u00edc. Deset sester se proto ji\u017e u\u010d\u00ed znakovou \u0159e\u010d, aby pacient\u016fm usnadnily pobyt v \u00fastavu a dostate\u010dn\u011b jim vysv\u011btlily l\u00e9\u010dbu.<!--more--><\/strong><\/p>\n<p>&nbsp;<\/p>\n<p>Projekt <strong>Hal\u00f3<\/strong> se stal inspirac\u00ed pro dal\u0161\u00ed zdravotnick\u00e1 za\u0159\u00edzen\u00ed v \u010cesk\u00e9 republice, informovala mluv\u010d\u00ed Masarykova onkologick\u00e9ho \u00fastavu Zuzana Joukalov\u00e1.<\/p>\n<p>&#8222;V minul\u00e9m roce jsme hospitalizovali skoro 10 tis\u00edc pacient\u016f, z toho bylo 10 procent nedosl\u00fdchav\u00fdch, co\u017e je z\u0159ejm\u011b nejpo\u010detn\u011bj\u0161\u00ed skupina s handicapem. Sna\u017e\u00edme se, aby se u n\u00e1s c\u00edtili dob\u0159e v\u0161ichni pacienti,&#8220; \u0159ekla Joukalov\u00e1.<\/p>\n<p>Podle n\u00ed je d\u016fle\u017eit\u00e9, aby lid\u00e9 v\u011bd\u011bli, jak\u00e1 l\u00e9\u010dba je \u010dek\u00e1, na co se maj\u00ed p\u0159ipravit a nemuseli se stresovat t\u00edm, \u017ee poka\u017ed\u00e9 vysv\u011btluj\u00ed, \u017ee nesly\u0161\u00ed. &#8222;Z toho d\u016fvodu vznikla pot\u0159eba m\u00edt k dispozici sest\u0159i\u010dky, kter\u00e9 dok\u00e1\u017eou z\u00e1kladn\u00ed informace t\u00fdkaj\u00edc\u00ed se l\u00e9\u010dby a pobytu p\u0159esn\u011b tlumo\u010dit. Vytipovali jsme 10 dobrovolnic, kter\u00e9 za\u010daly chodit na kurzy znakov\u00e9 \u0159e\u010di. P\u011bt z nich nav\u0161t\u011bvuje pokra\u010dovac\u00ed kurz,&#8220; uvedla Joukalov\u00e1.<\/p>\n<p>V centr\u00e1ln\u00ed evidenci, kam musej\u00ed p\u0159ij\u00edt v\u0161ichni pacienti p\u0159i ka\u017ed\u00e9 n\u00e1v\u0161t\u011bv\u011b \u00fastavu, je piktogramem ozna\u010deno ok\u00e9nko pro nesly\u0161\u00edc\u00ed. &#8222;Znakem s p\u0159e\u0161krtnut\u00fdm uchem je tak\u00e9 ozna\u010den\u00fd chorobopis nesly\u0161\u00edc\u00edho, aby o jeho handicapu hned v\u011bd\u011bli l\u00e9ka\u0159i i o\u0161et\u0159uj\u00edc\u00ed person\u00e1l, kter\u00fd v p\u0159\u00edpad\u011b pot\u0159eby zavol\u00e1 tlumo\u010d\u00edc\u00ed sest\u0159i\u010dku,&#8220; \u0159ekla mluv\u010d\u00ed.<\/p>\n<p>Dodala, \u017ee pro lep\u0161\u00ed orientaci dostal \u0160vejd\u016fv a Masaryk\u016fv pavilon nov\u00e9 informa\u010dn\u00ed televizory, kam mohou pracovn\u00edci \u00fastavu vstupovat a ps\u00e1t informace. &#8222;Nov\u011b je tak\u00e9 na internetov\u00fdch str\u00e1nk\u00e1ch zavedena virtu\u00e1ln\u00ed poradna o v\u00fd\u017eiv\u011b, kter\u00e1 je pro onkologick\u00e9 pacienty velmi d\u016fle\u017eit\u00e1. Je napojen\u00e1 na skype a v p\u0159\u00edpad\u011b pot\u0159eby je mo\u017en\u00e9 rozhovor pacienta s nutri\u010dn\u00ed terapeutkou tlumo\u010dit do znakov\u00e9 \u0159e\u010di,&#8220; sd\u011blila Joukalov\u00e1.<\/p>\n<p>S projektem Hal\u00f3 MO\u00da letos usp\u011bl v celost\u00e1tn\u00ed sout\u011b\u017ei Bezpe\u010dn\u00e1 nemocnice. Zv\u00edt\u011bzil v o\u0161et\u0159ovatelsko-medic\u00ednsk\u00e9 kategorii. &#8222;Podle na\u0161ich informac\u00ed jsme jedin\u00fdm za\u0159\u00edzen\u00edm v \u010cesk\u00e9 republice, kter\u00e9 se o nesly\u0161\u00edc\u00ed a nedosl\u00fdchav\u00e9 takto star\u00e1. Stali jsme se inspirac\u00ed pro nemocnice, jejich\u017e z\u00e1stupci se vyhodnocen\u00ed sout\u011b\u017ee z\u00fa\u010dastnili,&#8220; dodala.<\/p>\n<p><em>ilustra\u010dn\u00ed foto: Ben McLeod Flickr.com<\/em><\/p>\n","protected":false},"excerpt":{"rendered":"<div class=\"mh-excerpt\"><p>Masaryk\u016fv onkologick\u00fd \u00fastav v Brn\u011b \u0161kol\u00ed person\u00e1l pro nesly\u0161\u00edc\u00ed a nedosl\u00fdchav\u00e9. Loni jich hospitalizoval t\u00e9m\u011b\u0159 tis\u00edc. Deset sester se proto ji\u017e u\u010d\u00ed znakovou \u0159e\u010d, aby <a class=\"mh-excerpt-more\" href=\"https:\/\/www.invarena.cz\/?p=14807\" title=\"Brn\u011bnsk\u00e1 onkologie \u0161kol\u00ed sestry pro nesly\u0161\u00edc\u00ed\">[&#8230;]<\/a><\/p>\n<\/div>","protected":false},"author":1,"featured_media":14808,"comment_status":"open","ping_status":"closed","sticky":false,"template":"","format":"standard","meta":{"footnotes":""},"categories":[9],"tags":[],"class_list":["post-14807","post","type-post","status-publish","format-standard","has-post-thumbnail","hentry","category-zpravy"],"_links":{"self":[{"href":"https:\/\/www.invarena.cz\/index.php?rest_route=\/wp\/v2\/posts\/14807","targetHints":{"allow":["GET"]}}],"collection":[{"href":"https:\/\/www.invarena.cz\/index.php?rest_route=\/wp\/v2\/posts"}],"about":[{"href":"https:\/\/www.invarena.cz\/index.php?rest_route=\/wp\/v2\/types\/post"}],"author":[{"embeddable":true,"href":"https:\/\/www.invarena.cz\/index.php?rest_route=\/wp\/v2\/users\/1"}],"replies":[{"embeddable":true,"href":"https:\/\/www.invarena.cz\/index.php?rest_route=%2Fwp%2Fv2%2Fcomments&post=14807"}],"version-history":[{"count":0,"href":"https:\/\/www.invarena.cz\/index.php?rest_route=\/wp\/v2\/posts\/14807\/revisions"}],"wp:featuredmedia":[{"embeddable":true,"href":"https:\/\/www.invarena.cz\/index.php?rest_route=\/wp\/v2\/media\/14808"}],"wp:attachment":[{"href":"https:\/\/www.invarena.cz\/index.php?rest_route=%2Fwp%2Fv2%2Fmedia&parent=14807"}],"wp:term":[{"taxonomy":"category","embeddable":true,"href":"https:\/\/www.invarena.cz\/index.php?rest_route=%2Fwp%2Fv2%2Fcategories&post=14807"},{"taxonomy":"post_tag","embeddable":true,"href":"https:\/\/www.invarena.cz\/index.php?rest_route=%2Fwp%2Fv2%2Ftags&post=14807"}],"curies":[{"name":"wp","href":"https:\/\/api.w.org\/{rel}","templated":true}]}}