{"id":14832,"date":"2014-02-18T09:33:59","date_gmt":"2014-02-18T08:33:59","guid":{"rendered":"http:\/\/www.invarena.cz\/?p=14832"},"modified":"2014-02-18T15:35:55","modified_gmt":"2014-02-18T14:35:55","slug":"jak-se-stanovi-id-kdyz-mam-diagnoz-vice","status":"publish","type":"post","link":"https:\/\/www.invarena.cz\/?p=14832","title":{"rendered":"Jak se stanov\u00ed ID, kdy\u017e m\u00e1m diagn\u00f3z v\u00edce?"},"content":{"rendered":"<p><strong>Dotaz: Kv\u016fli zhor\u0161en\u00ed zdravotn\u00edho stavu jsem si za\u017e\u00e1dal o invalidn\u00ed d\u016fchod. Kdy\u017e m\u00e1m zdravotn\u00edch onemocn\u011bn\u00ed v\u00edce, s\u010d\u00edtaj\u00ed se procenta pro v\u0161echny m\u00e9 diagn\u00f3zy?<!--more--><\/strong><\/p>\n<p><strong>Odpov\u011b\u010f<\/strong>:<\/p>\n<p>Pro ur\u010den\u00ed m\u00edry poklesu pracovn\u00ed schopnosti je rozhoduj\u00edc\u00ed zdravotn\u00ed posti\u017een\u00ed, kter\u00e9 je nejz\u00e1va\u017en\u011bj\u0161\u00ed, kter\u00e9 je pova\u017eov\u00e1no za hlavn\u00ed p\u0159\u00ed\u010dinu dlouhodob\u011b nep\u0159\u00edzniv\u00e9ho zdravotn\u00edho stavu a kter\u00e9 m\u00e1 nejv\u00fdznamn\u011bj\u0161\u00ed dopad na pokles pracovn\u00ed schopnosti \u017eadatele.<\/p>\n<p>M\u00e1te-\u00adli v\u00edce zdravotn\u00edch posti\u017een\u00ed, procentn\u00ed m\u00edry poklesu pracovn\u00ed schopnosti stanoven\u00e9 pro jednotliv\u00e1 zdravotn\u00ed posti\u017een\u00ed se nes\u010d\u00edtaj\u00ed, ale pokud je v d\u016fsledku p\u016fsoben\u00ed t\u011bchto zdravotn\u00edch posti\u017een\u00ed pokles pracovn\u00ed schopnosti v\u011bt\u0161\u00ed, ne\u017e odpov\u00edd\u00e1 horn\u00ed hranici m\u00edry poklesu pracovn\u00ed schopnosti ur\u010den\u00e9 podle rozhoduj\u00edc\u00ed p\u0159\u00ed\u010diny dlouhodob\u011b nep\u0159\u00edzniv\u00e9ho zdravotn\u00edho stavu, lze tuto horn\u00ed hranici zv\u00fd\u0161it a\u017e o 10 procentn\u00edch bod\u016f.<\/p>\n<p>Posudkov\u00fd l\u00e9ka\u0159 posoud\u00ed Va\u0161e nejz\u00e1va\u017en\u011bj\u0161\u00ed zdravotn\u00ed posti\u017een\u00ed a dle p\u0159\u00edlohy vyhl\u00e1\u0161ky 359\/2009 Sb. procentu\u00e1ln\u011b ohodnot\u00ed. Za v\u0161echna dal\u0161\u00ed posti\u017een\u00ed, by\u0165 by jich bylo n\u011bkolik, V\u00e1m m\u016f\u017ee p\u0159i\u010d\u00edst maxim\u00e1ln\u011b 10 procentn\u00edch bod\u016f celkem.<\/p>\n<p>Vyhl\u00e1\u0161ka \u010d. 359\/2009 Sb., kter\u00e1 stanovuje procentn\u00ed m\u00edry poklesu pracovn\u00ed \u010dinnosti pro jednotliv\u00e9 druhy posti\u017een\u00ed, tak\u00e9 uv\u00e1d\u00ed, \u017ee i v p\u0159\u00edpad\u011b, \u017ee dlouhodob\u011b nep\u0159\u00edzniv\u00fd zdravotn\u00ed stav poji\u0161t\u011bnce m\u00e1 takov\u00fd vliv na jeho schopnost vyu\u017e\u00edvat dosa\u017een\u00e9 vzd\u011bl\u00e1n\u00ed, zku\u0161enosti a znalosti, na schopnost pokra\u010dovat v p\u0159edchoz\u00ed v\u00fdd\u011ble\u010dn\u00e9 \u010dinnosti nebo na schopnost rekvalifikace (pokles pracovn\u00ed schopnosti poji\u0161t\u011bnce je tedy v\u011bt\u0161\u00ed, ne\u017e odpov\u00edd\u00e1 horn\u00ed hranici m\u00edry poklesu pracovn\u00ed schopnosti u rozhoduj\u00edc\u00ed p\u0159\u00ed\u010diny dlouhodob\u011b nep\u0159\u00edzniv\u00e9ho zdravotn\u00edho stavu), je mo\u017en\u00e9 tuto horn\u00ed hranici zv\u00fd\u0161it a\u017e o 10 procentn\u00edch bod\u016f.<\/p>\n<p>ilustra\u010dn\u00ed foto: Ian Britton<\/p>\n","protected":false},"excerpt":{"rendered":"<div class=\"mh-excerpt\"><p>Dotaz: Kv\u016fli zhor\u0161en\u00ed zdravotn\u00edho stavu jsem si za\u017e\u00e1dal o invalidn\u00ed d\u016fchod. Kdy\u017e m\u00e1m zdravotn\u00edch onemocn\u011bn\u00ed v\u00edce, s\u010d\u00edtaj\u00ed se procenta pro v\u0161echny m\u00e9 diagn\u00f3zy?<\/p>\n<\/div>","protected":false},"author":1,"featured_media":14136,"comment_status":"open","ping_status":"closed","sticky":false,"template":"","format":"standard","meta":{"footnotes":""},"categories":[18],"tags":[],"class_list":["post-14832","post","type-post","status-publish","format-standard","has-post-thumbnail","hentry","category-poradna"],"_links":{"self":[{"href":"https:\/\/www.invarena.cz\/index.php?rest_route=\/wp\/v2\/posts\/14832","targetHints":{"allow":["GET"]}}],"collection":[{"href":"https:\/\/www.invarena.cz\/index.php?rest_route=\/wp\/v2\/posts"}],"about":[{"href":"https:\/\/www.invarena.cz\/index.php?rest_route=\/wp\/v2\/types\/post"}],"author":[{"embeddable":true,"href":"https:\/\/www.invarena.cz\/index.php?rest_route=\/wp\/v2\/users\/1"}],"replies":[{"embeddable":true,"href":"https:\/\/www.invarena.cz\/index.php?rest_route=%2Fwp%2Fv2%2Fcomments&post=14832"}],"version-history":[{"count":0,"href":"https:\/\/www.invarena.cz\/index.php?rest_route=\/wp\/v2\/posts\/14832\/revisions"}],"wp:featuredmedia":[{"embeddable":true,"href":"https:\/\/www.invarena.cz\/index.php?rest_route=\/wp\/v2\/media\/14136"}],"wp:attachment":[{"href":"https:\/\/www.invarena.cz\/index.php?rest_route=%2Fwp%2Fv2%2Fmedia&parent=14832"}],"wp:term":[{"taxonomy":"category","embeddable":true,"href":"https:\/\/www.invarena.cz\/index.php?rest_route=%2Fwp%2Fv2%2Fcategories&post=14832"},{"taxonomy":"post_tag","embeddable":true,"href":"https:\/\/www.invarena.cz\/index.php?rest_route=%2Fwp%2Fv2%2Ftags&post=14832"}],"curies":[{"name":"wp","href":"https:\/\/api.w.org\/{rel}","templated":true}]}}