{"id":14878,"date":"2014-02-27T16:25:03","date_gmt":"2014-02-27T15:25:03","guid":{"rendered":"http:\/\/www.invarena.cz\/?p=14878"},"modified":"2014-02-27T16:25:53","modified_gmt":"2014-02-27T15:25:53","slug":"na-zakoupeni-automobilu-prispevek-od-statu-ktery-se-jmenuje-prispevek-na-zvlastni-pomucku","status":"publish","type":"post","link":"https:\/\/www.invarena.cz\/?p=14878","title":{"rendered":"Kde najdu na internetu formul\u00e1\u0159 na p\u0159\u00edsp\u011bvek na automobil?"},"content":{"rendered":"<p><strong>Je n\u011bkde na internetu formul\u00e1\u0159 \u017e\u00e1dosti o poskytnut\u00ed dotace na automobil pro t\u011blesn\u011b posti\u017een\u00e9, jak m\u00e1m postupovat, kdy\u017e chci o dotaci po\u017e\u00e1dat?<!--more--><\/strong><\/p>\n<p>Na zakoupen\u00ed automobilu pro OZP je p\u0159\u00edsp\u011bvek od st\u00e1tu, kter\u00fd se jmenuje P\u0159\u00edsp\u011bvek na zvl\u00e1\u0161tn\u00ed pom\u016fcku.<\/p>\n<p>Formul\u00e1\u0159 t\u00e9to \u017e\u00e1dosti naleznete na internetov\u00fdch str\u00e1nk\u00e1ch MPSV:<\/p>\n<p>www.formulare.mpsv.cz <a href=\"https:\/\/formulare.mpsv.cz\/oksluzby\/cs\/form\/edit.jsp?CMD=EditForm&amp;FN=OZPPnZP140101572&amp;SSID=Jz4xP98xgv0TTh~Sa3WBSuK_WR_Gxcxp\"><strong>ZDE<\/strong><\/a><\/p>\n<p>&nbsp;<\/p>\n<p>P\u0159\u00edpadn\u011b si m\u016f\u017eete formul\u00e1\u0159 \u017e\u00e1dosti vyzvednout osobn\u011b rovnou na \u00fa\u0159adu pr\u00e1ce.<\/p>\n<p>Vypln\u011bnou \u017e\u00e1dost odevzdejte na \u00fa\u0159adu pr\u00e1ce.<\/p>\n<p>Maxim\u00e1ln\u00ed v\u00fd\u0161e p\u0159\u00edsp\u011bvku na zakoupen\u00ed motorov\u00e9ho vozidla \u010din\u00ed 200 000 korun. P\u0159i stanoven\u00ed v\u00fd\u0161e p\u0159\u00edsp\u011bvku se p\u0159ihl\u00ed\u017e\u00ed k tomu, jak\u00e9 jsou va\u0161e p\u0159\u00edjmy a p\u0159\u00edjmy \u010dlen\u016f va\u0161\u00ed dom\u00e1cnosti, jak \u010dasto se mus\u00edte dopravovat a jak\u00e9 d\u016fvody k doprav\u011b m\u00e1te.<\/p>\n<figure id=\"attachment_14137\" aria-describedby=\"caption-attachment-14137\" style=\"width: 146px\" class=\"wp-caption alignleft\"><a href=\"https:\/\/www.invarena.cz\/wp-content\/uploads\/p\u00ed\u0161e-PC-stockvault.net_.jpg\"><img loading=\"lazy\" decoding=\"async\" class=\"size-thumbnail wp-image-14137\" alt=\"foto: stockvault.net\" src=\"https:\/\/www.invarena.cz\/wp-content\/uploads\/p\u00ed\u0161e-PC-stockvault.net_-150x85.jpg\" width=\"146\" height=\"83\" \/><\/a><figcaption id=\"caption-attachment-14137\" class=\"wp-caption-text\">foto: stockvault.net<\/figcaption><\/figure>\n<p>P\u0159\u00edsp\u011bvek na zakoupen\u00ed motorov\u00e9ho vozidla st\u00e1t neposkytuje ka\u017ed\u00e9mu se zdravotn\u00edm posti\u017een\u00edm, mus\u00ed se jednat o osobu, kter\u00e1 se opakovan\u011b v kalend\u00e1\u0159n\u00edm m\u011bs\u00edci dopravuje a m\u00e1 schopnost \u0159\u00eddit automobil \u010di b\u00fdt automobilem dopravov\u00e1na jinou osobou, rovn\u011b\u017e zda jej\u00ed zdravotn\u00ed posti\u017een\u00ed odpov\u00edd\u00e1 alespo\u0148 jedn\u00e9 z kategori\u00ed zdravotn\u00edho posti\u017een\u00ed uveden\u00fdch v p\u0159\u00edloze z\u00e1kona \u010d. 329\/2011 Sb.<\/p>\n<p><strong> Zdravotn\u00ed posti\u017een\u00ed od\u016fvod\u0148uj\u00edc\u00ed p\u0159izn\u00e1n\u00ed p\u0159\u00edsp\u011bvku na zvl\u00e1\u0161tn\u00ed pom\u016fcku na po\u0159\u00edzen\u00ed motorov\u00e9ho vozidla <\/strong><br \/>\n1. Zdravotn\u00ed posti\u017een\u00ed uveden\u00e1 v bod\u011b 1 p\u00edsm. a), b), d) a\u017e i) a l):<br \/>\na) anatomick\u00e1 ztr\u00e1ta obou doln\u00edch kon\u010detin v b\u00e9rc\u00edch a v\u00fd\u0161e,<br \/>\nb) funk\u010dn\u00ed ztr\u00e1ta obou doln\u00edch kon\u010detin na podklad\u011b \u00fapln\u00e9 obrny (plegie) nebo t\u011b\u017ek\u00e9ho ochrnut\u00ed,<br \/>\nd) funk\u010dn\u00ed ztr\u00e1ta jedn\u00e9 horn\u00ed a jedn\u00e9 doln\u00ed kon\u010detiny na podklad\u011b \u00fapln\u00e9 obrny (plegie) nebo t\u011b\u017ek\u00e9ho ochrnut\u00ed,<br \/>\ne) ankyl\u00f3za obou ky\u010deln\u00edch kloub\u016f nebo obou kolenn\u00edch kloub\u016f nebo podstatn\u00e9 omezen\u00ed hybnosti obou ky\u010deln\u00edch nebo kolenn\u00edch kloub\u016f pro t\u011b\u017ek\u00e9 kontraktury v okol\u00ed,<br \/>\nf) ztuhnut\u00ed v\u0161ech \u00fasek\u016f p\u00e1te\u0159e s t\u011b\u017ek\u00fdm omezen\u00edm pohyblivosti alespo\u0148 dvou nosn\u00fdch kloub\u016f doln\u00edch kon\u010detin,<br \/>\ng) t\u011b\u017ek\u00e9 funk\u010dn\u00ed poruchy pohyblivosti na z\u00e1klad\u011b posti\u017een\u00ed t\u0159\u00ed a v\u00edce funk\u010dn\u00edch celk\u016f pohybov\u00e9ho \u00fastroj\u00ed s p\u0159\u00edpadnou odk\u00e1zanost\u00ed na voz\u00edk pro invalidy; funk\u010dn\u00edm celkem se p\u0159itom rozum\u00ed trup, p\u00e1nev, kon\u010detina,<br \/>\nh) dispropor\u010dn\u00ed poruchy r\u016fstu prov\u00e1zen\u00e9 deformitami kon\u010detin a hrudn\u00edku, pokud t\u011blesn\u00e1 v\u00fd\u0161ka posti\u017een\u00e9ho po ukon\u010den\u00ed r\u016fstu nep\u0159esahuje 120 cm,<br \/>\ni) anatomick\u00e1 ztr\u00e1ta doln\u00ed kon\u010detiny ve stehn\u011b s kr\u00e1tk\u00fdm pah\u00fdlem bez mo\u017enosti oprot\u00e9zov\u00e1n\u00ed nebo exatrikulace v ky\u010deln\u00edm kloubu,<br \/>\nl) anatomick\u00e1 ztr\u00e1ta doln\u00ed kon\u010detiny ve stehn\u011b s mo\u017enost\u00ed oprot\u00e9zov\u00e1n\u00ed.<br \/>\n2. T\u011b\u017ek\u00e1 nebo hlubok\u00e1 ment\u00e1ln\u00ed retardace a stavy na rozhran\u00ed t\u011b\u017ek\u00e9 ment\u00e1ln\u00ed retardace.<\/p>\n<p><strong>Zdravotn\u00ed stav vylu\u010duj\u00edc\u00ed p\u0159izn\u00e1n\u00ed p\u0159\u00edsp\u011bvku na zvl\u00e1\u0161tn\u00ed pom\u016fcku<\/strong><br \/>\ndu\u0161evn\u00ed poruchy, poruchy chov\u00e1n\u00ed a poruchy intelektu se z\u00e1va\u017enou poruchou, s naru\u0161en\u00edm rozpozn\u00e1vac\u00edch a ovl\u00e1dac\u00edch schopnost\u00ed, stavy z\u00e1vislosti na n\u00e1vykov\u00e9 l\u00e1tce nebo n\u00e1vykov\u00fdch l\u00e1tk\u00e1ch, zp\u016fsobuj\u00ed-li nemo\u017enost u\u017e\u00edv\u00e1n\u00ed pom\u016fcky<\/p>\n<p><strong>V\u00fd\u0161e p\u0159\u00edsp\u011bvku a lh\u016fta pro jeho poskytnut\u00ed<\/strong><br \/>\nV\u00fd\u0161e p\u0159\u00edsp\u011bvku na zvl\u00e1\u0161tn\u00ed pom\u016fcku poskytovan\u00e9ho na po\u0159\u00edzen\u00ed motorov\u00e9ho vozidla se stanov\u00ed s p\u0159ihl\u00e9dnut\u00edm k \u010detnosti a d\u016fvodu dopravy, k p\u0159\u00edjmu osoby a p\u0159\u00edjmu osob s n\u00ed spole\u010dn\u011b posuzovan\u00fdch podle z\u00e1kona o \u017eivotn\u00edm a existen\u010dn\u00edm minimu a k celkov\u00fdm soci\u00e1ln\u00edm a majetkov\u00fdm pom\u011br\u016fm. Maxim\u00e1ln\u00ed v\u00fd\u0161e p\u0159\u00edsp\u011bvku na zvl\u00e1\u0161tn\u00ed pom\u016fcku poskytovan\u00e9ho na po\u0159\u00edzen\u00ed motorov\u00e9ho vozidla \u010din\u00ed 200 000,- K\u010d. P\u0159\u00edsp\u011bvek lze poskytnout opakovan\u011b po uplynut\u00ed lh\u016fty 10 let od data nabyt\u00ed pr\u00e1vn\u00ed moci rozhodnut\u00ed o p\u0159izn\u00e1n\u00ed p\u0159edchoz\u00edho p\u0159\u00edsp\u011bvku.<\/p>\n<p>Vyplacen\u00fd p\u0159\u00edsp\u011bvek na zvl\u00e1\u0161tn\u00ed pom\u016fcku nebo jeho pom\u011brnou \u010d\u00e1st je osoba, kter\u00e9 byl tento p\u0159\u00edsp\u011bvek vyplacen, povinna vr\u00e1tit, jestli\u017ee<\/p>\n<table cellspacing=\"0\" cellpadding=\"3\">\n<tbody>\n<tr>\n<td>\n<ul>\n<li>nepou\u017eila tento p\u0159\u00edsp\u011bvek do 3 m\u011bs\u00edc\u016f ode dne jeho vyplacen\u00ed nebo ve lh\u016ft\u011b stanoven\u00e9 krajskou pobo\u010dkou \u00da\u0159adu pr\u00e1ce na po\u0159\u00edzen\u00ed zvl\u00e1\u0161tn\u00ed pom\u016fcky<\/li>\n<li>nepou\u017eila vyplacen\u00fd p\u0159\u00edsp\u011bvek v pln\u00e9 v\u00fd\u0161i do 3 m\u011bs\u00edc\u016f ode dne jeho vyplacen\u00ed nebo ve lh\u016ft\u011b stanoven\u00e9 krajskou pobo\u010dkou \u00da\u0159adu pr\u00e1ce<\/li>\n<li>v obdob\u00ed p\u0159ed uplynut\u00edm 120 kalend\u00e1\u0159n\u00edch m\u011bs\u00edc\u016f po sob\u011b jdouc\u00edch ode dne vyplacen\u00ed p\u0159\u00edsp\u011bvku poskytnut\u00e9ho na po\u0159\u00edzen\u00ed motorov\u00e9ho vozidla p\u0159estala b\u00fdt vlastn\u00edkem zvl\u00e1\u0161tn\u00ed pom\u016fcky<\/li>\n<li>v obdob\u00ed p\u0159ed uplynut\u00edm 120 kalend\u00e1\u0159n\u00edch m\u011bs\u00edc\u016f po sob\u011b jdouc\u00edch ode dne vyplacen\u00ed p\u0159\u00edsp\u011bvku poskytnut\u00e9ho na po\u0159\u00edzen\u00ed motorov\u00e9ho vozidla p\u0159estala zvl\u00e1\u0161tn\u00ed pom\u016fcku u\u017e\u00edvat (s v\u00fdjimkou p\u0159\u00edpadu, kdy osoba se p\u0159estala opakovan\u011b dopravovat nebo pozbyla schopnost b\u00fdt p\u0159ev\u00e1\u017eena motorov\u00fdm vozidlem z d\u016fvodu zm\u011bny zdravotn\u00edho stavu)<\/li>\n<li>se p\u0159estala opakovan\u011b dopravovat nebo p\u0159estala b\u00fdt schopna p\u0159evozu motorov\u00fdm vozidlem<\/li>\n<li>pou\u017eila p\u0159\u00edsp\u011bvek v rozporu s rozhodnut\u00edm o jeho p\u0159izn\u00e1n\u00ed, nebo<\/li>\n<li>se prok\u00e1\u017ee, \u017ee osoba, uvedla v \u017e\u00e1dosti o p\u0159\u00edsp\u011bvek na zvl\u00e1\u0161tn\u00ed pom\u016fcku nepravdiv\u00e9 nebo zkreslen\u00e9 \u00fadaje<\/li>\n<\/ul>\n<p>V p\u0159\u00edpad\u011b, \u017ee V\u00e1m nebo Va\u0161emu d\u00edt\u011bti nebyl p\u0159\u00edsp\u011bvek na zvl\u00e1\u0161tn\u00ed pom\u016fcku p\u0159izn\u00e1n, lze ve lh\u016ft\u011b <b>do 15 dn\u016f od doru\u010den\u00ed rozhodnut\u00ed<\/b> o nep\u0159izn\u00e1n\u00ed p\u0159\u00edsp\u011bvku podat <span style=\"text-decoration: underline;\">odvol\u00e1n\u00ed<\/span>. Odvol\u00e1n\u00ed se pod\u00e1v\u00e1 zp\u011bt na krajskou pobo\u010dku \u00da\u0159adu pr\u00e1ce, kter\u00e1 vydala rozhodnut\u00ed &#8211; tato pobo\u010dka m\u016f\u017ee sv\u00e9 rozhodnut\u00ed je\u0161t\u011b p\u0159ehodnotit, pokud ov\u0161em na sv\u00e9m rozhodnut\u00ed setrv\u00e1, p\u0159ed\u00e1v\u00e1 odvol\u00e1n\u00ed d\u00e1le na Ministerstvo pr\u00e1ce a soci\u00e1ln\u00edch v\u011bc\u00ed. Vzor odvol\u00e1n\u00ed naleznete ke sta\u017een\u00ed n\u00ed\u017ee.<br \/>\nV p\u0159\u00edpad\u011b ne\u00fasp\u011bchu odvol\u00e1n\u00ed m\u00e1te d\u00e1le mo\u017enost podat <span style=\"text-decoration: underline;\">spr\u00e1vn\u00ed \u017ealobu<\/span> k p\u0159\u00edslu\u0161n\u00e9mu krajsk\u00e9mu soudu dle m\u00edsta Va\u0161eho trval\u00e9ho bydli\u0161t\u011b (pokud m\u00e1te trval\u00e9 bydli\u0161t\u011b v Praze, pod\u00e1v\u00e1te \u017ealobu k M\u011bstsk\u00e9mu soudu). \u017dalobu lze podat <b>do dvou m\u011bs\u00edc\u016f od data doru\u010den\u00ed rozhodnut\u00ed z odvolac\u00edho \u0159\u00edzen\u00ed<\/b>.<\/p>\n<p><b><i>Vr\u00e1cen\u00ed dan\u011b z p\u0159idan\u00e9 hodnoty<\/i><\/b><br \/>\nS p\u0159\u00edsp\u011bvkem souvis\u00ed i da\u0148ov\u00e1 \u00faleva &#8211; p\u0159i koupi auta je mo\u017en\u00e9 za\u017e\u00e1dat na finan\u010dn\u00edm \u00fa\u0159ad\u011b v m\u00edst\u011b trval\u00e9ho bydli\u0161t\u011b o vr\u00e1cen\u00ed dan\u011b z p\u0159idan\u00e9 hodnoty. Tento n\u00e1rok najdete v z\u00e1kon\u011b \u010d. 235\/2004 Sb., o dani z p\u0159idan\u00e9 hodnoty, \u00a7 85. Osoba se zdravotn\u00edm posti\u017een\u00edm m\u00e1 n\u00e1rok na vr\u00e1cen\u00ed DPH u jednoho osobn\u00edho auta zakoupen\u00e9ho v \u010cR v obdob\u00ed p\u011bti let v maxim\u00e1ln\u00ed v\u00fd\u0161i 100 000,- K\u010d. N\u00e1rok na vr\u00e1cen\u00ed zaplacen\u00e9 dan\u011b lze uplatnit nejpozd\u011bji do 3 let od konce kalend\u00e1\u0159n\u00edho m\u011bs\u00edce, ve kter\u00e9m jste obdr\u017eeli rozhodnut\u00ed p\u0159\u00edslu\u0161n\u00e9ho \u00fa\u0159adu o p\u0159izn\u00e1n\u00ed p\u0159\u00edsp\u011bvku na zakoupen\u00ed osobn\u00edho automobilu, nebo od konce kalend\u00e1\u0159n\u00edho m\u011bs\u00edce, ve kter\u00e9m se zdaniteln\u00e9 pln\u011bn\u00ed uskute\u010dnilo. \u017d\u00e1dost o vr\u00e1cen\u00ed DPH mus\u00ed m\u00edt tyto n\u00e1le\u017eitosti:<\/p>\n<ul>\n<li>jm\u00e9no, p\u0159\u00edjmen\u00ed, trval\u00e9 bydli\u0161t\u011b a rodn\u00e9 \u010d\u00edslo zdravotn\u011b posti\u017een\u00e9 osoby,<\/li>\n<li>rozhodnut\u00ed \u00fa\u0159adu o p\u0159izn\u00e1n\u00ed p\u0159\u00edsp\u011bvku na zakoupen\u00ed motorov\u00e9ho vozidla,<\/li>\n<li>da\u0148ov\u00fd doklad nebo doklad o n\u00e1kupu osobn\u00edho automobilu, kter\u00fd byl vystaven pl\u00e1tcem dan\u011b,<\/li>\n<li>na dokladu je pl\u00e1tce povinen uv\u00e9st tyto \u00fadaje: sv\u00e9 obchodn\u00ed jm\u00e9no, s\u00eddlo, da\u0148ov\u00e9 identifika\u010dn\u00ed \u010d\u00edslo, rozsah a p\u0159edm\u011bt da\u0148ov\u00e9ho pln\u011bn\u00ed, datum n\u00e1kupu, sazbu dan\u011b a jej\u00ed v\u00fd\u0161i.<\/li>\n<\/ul>\n<p>Vr\u00e1cen\u00ed dan\u011b m\u016f\u017eete uplatnit i p\u0159i n\u00e1kupu star\u0161\u00edho ojet\u00e9ho vozu. Je v\u0161ak t\u0159eba si v\u017edy dop\u0159edu ov\u011b\u0159it u prodejce, zda je pl\u00e1tcem DPH a zda v\u00e1m m\u016f\u017ee vystavit doklad, kde bude DPH vy\u010d\u00edslena. Bez toho nelze o jej\u00ed vr\u00e1cen\u00ed po\u017e\u00e1dat. U auta zakoupen\u00e9ho v bazaru je t\u0159eba m\u00edt na pam\u011bti, \u017ee DPH se vrac\u00ed (a\u017e na ojedin\u011bl\u00e9 p\u0159\u00edpady) pouze z rabatu autobazaru.<br \/>\nDa\u0148ov\u00e1 \u00faleva je v\u00e1z\u00e1na pouze na p\u0159\u00edsp\u011bvek na zakoupen\u00ed vozidla, nen\u00ed mo\u017en\u00e9 ji uplatnit na v\u016fz, kter\u00fd si koup\u00edte sami.<\/td>\n<\/tr>\n<\/tbody>\n<\/table>\n","protected":false},"excerpt":{"rendered":"<div class=\"mh-excerpt\"><p>Je n\u011bkde na internetu formul\u00e1\u0159 \u017e\u00e1dosti o poskytnut\u00ed dotace na automobil pro t\u011blesn\u011b posti\u017een\u00e9, jak m\u00e1m postupovat, kdy\u017e chci o dotaci po\u017e\u00e1dat?<\/p>\n<\/div>","protected":false},"author":1,"featured_media":14137,"comment_status":"open","ping_status":"closed","sticky":false,"template":"","format":"standard","meta":{"footnotes":""},"categories":[18],"tags":[],"class_list":["post-14878","post","type-post","status-publish","format-standard","has-post-thumbnail","hentry","category-poradna"],"_links":{"self":[{"href":"https:\/\/www.invarena.cz\/index.php?rest_route=\/wp\/v2\/posts\/14878","targetHints":{"allow":["GET"]}}],"collection":[{"href":"https:\/\/www.invarena.cz\/index.php?rest_route=\/wp\/v2\/posts"}],"about":[{"href":"https:\/\/www.invarena.cz\/index.php?rest_route=\/wp\/v2\/types\/post"}],"author":[{"embeddable":true,"href":"https:\/\/www.invarena.cz\/index.php?rest_route=\/wp\/v2\/users\/1"}],"replies":[{"embeddable":true,"href":"https:\/\/www.invarena.cz\/index.php?rest_route=%2Fwp%2Fv2%2Fcomments&post=14878"}],"version-history":[{"count":0,"href":"https:\/\/www.invarena.cz\/index.php?rest_route=\/wp\/v2\/posts\/14878\/revisions"}],"wp:featuredmedia":[{"embeddable":true,"href":"https:\/\/www.invarena.cz\/index.php?rest_route=\/wp\/v2\/media\/14137"}],"wp:attachment":[{"href":"https:\/\/www.invarena.cz\/index.php?rest_route=%2Fwp%2Fv2%2Fmedia&parent=14878"}],"wp:term":[{"taxonomy":"category","embeddable":true,"href":"https:\/\/www.invarena.cz\/index.php?rest_route=%2Fwp%2Fv2%2Fcategories&post=14878"},{"taxonomy":"post_tag","embeddable":true,"href":"https:\/\/www.invarena.cz\/index.php?rest_route=%2Fwp%2Fv2%2Ftags&post=14878"}],"curies":[{"name":"wp","href":"https:\/\/api.w.org\/{rel}","templated":true}]}}