{"id":14880,"date":"2014-02-21T09:04:31","date_gmt":"2014-02-21T08:04:31","guid":{"rendered":"http:\/\/www.invarena.cz\/?p=14880"},"modified":"2014-02-21T09:04:31","modified_gmt":"2014-02-21T08:04:31","slug":"urednici-budou-take-znakovat","status":"publish","type":"post","link":"https:\/\/www.invarena.cz\/?p=14880","title":{"rendered":"\u00da\u0159edn\u00edci budou tak\u00e9 znakovat"},"content":{"rendered":"<p><strong>\u00a0Prvn\u00ed \u00fa\u0159ady v zemi ji\u017e zav\u00e1d\u011bj\u00ed kursy znakov\u00e9 \u0159e\u010di pro sv\u00e9 \u00fa\u0159edn\u00edky, aby tak byli schopni komunikovat i s hluchon\u011bm\u00fdmi ob\u010dany. P\u0159\u00edkladem je p\u0159\u00edborsk\u00e1 radnice. <!--more--><!--more--><\/strong><\/p>\n<p>Znakovou \u0159e\u010d nebo alespo\u0148 jej\u00ed z\u00e1klady budou zvl\u00e1dat ji\u017e brzy \u00fa\u0159edn\u00edci na p\u0159\u00edborsk\u00e9 radnici. Konkr\u00e9tn\u011b jde o vybran\u00e9 zam\u011bstnance odboru soci\u00e1ln\u00edho, ve\u0159ejn\u00e9 spr\u00e1vy, kultury, odboru investic a spr\u00e1vy majetku a str\u00e1\u017enice m\u011bstsk\u00e9 policie, kte\u0159\u00ed nyn\u00ed absolvuj\u00ed \u010dtvrtletn\u00ed kurz.<\/p>\n<p>Hlavn\u00edm c\u00edlem, pro\u010d se m\u011bsto pustilo do tohoto kroku, je prolomit bari\u00e9ru mezi sv\u011btem sly\u0161\u00edc\u00edch a sv\u011btem ticha. &#8222;Z\u00e1kladem je vytvo\u0159en\u00ed p\u0159irozen\u00e9ho prost\u0159ed\u00ed, ve kter\u00e9m se nesly\u0161\u00edc\u00ed klienti budou c\u00edtit dob\u0159e. I kdy\u017e se t\u00edmto \u010dtvrtletn\u00edm kurzem znakovou \u0159e\u010d \u00fa\u0159edn\u00edci zcela nenau\u010d\u00ed, bude tato aktivita jist\u011b p\u0159\u00ednosem, a to d\u00edky vytvo\u0159en\u00ed atmosf\u00e9ry rovnocennosti a ochoty poradit a pomoci vy\u0159\u00eddit jakoukoliv z\u00e1le\u017eitost ve prosp\u011bch klienta,&#8220; vysv\u011btluje Iveta Buskov\u00e1, vedouc\u00ed Kancel\u00e1\u0159e veden\u00ed m\u011bsta P\u0159\u00edbor.<\/p>\n<p>\u00da\u0159edn\u00edci tak v nov\u00e9m sv\u011bt\u011b nesly\u0161\u00edc\u00edch tr\u00e1v\u00ed moment\u00e1ln\u011b ka\u017ed\u00fd p\u00e1tek po t\u0159i hodiny a kurz je veden nesly\u0161\u00edc\u00ed lektorkou z Moravskoslezsk\u00e9 unie nesly\u0161\u00edc\u00edch a je zcela hrazen z rozpo\u010dtov\u00fdch prost\u0159edk\u016f m\u011bsta P\u0159\u00edbora. Samotn\u00fd n\u00e1pad u\u010dit se znakovou \u0159e\u010d p\u0159i\u0161el p\u0159\u00edmo od jednoho ze zam\u011bstnanc\u016f m\u011bstsk\u00e9ho \u00fa\u0159adu, konkr\u00e9tn\u011b od Rudolfa Zahradn\u00edka, vedouc\u00edho odboru ve\u0159ejn\u00e9 spr\u00e1vy, kter\u00fd svou aktivitu vysv\u011btlil slovy: &#8222;Sna\u017e\u00edme se o zkvalitn\u011bn\u00ed slu\u017eeb a o p\u0159isp\u011bn\u00ed k odstran\u011bn\u00ed komunika\u010dn\u00ed bari\u00e9ry mezi nesly\u0161\u00edc\u00edmi klienty p\u0159i vy\u0159izov\u00e1n\u00ed z\u00e1le\u017eitost\u00ed na \u00fa\u0159ad\u011b.&#8220; Na radnici tak v\u011b\u0159\u00ed, \u017ee vynalo\u017een\u00e1 snaha bude p\u0159\u00ednosem k efektivn\u011bj\u0161\u00edmu poskytov\u00e1n\u00ed slu\u017eeb \u00fa\u0159edn\u00edky M\u011bstsk\u00e9ho \u00fa\u0159adu P\u0159\u00edbor.<\/p>\n<table>\n<tbody>\n<tr>\n<td>ADAM KNESL<\/td>\n<\/tr>\n<tr>\n<td><\/td>\n<td><a href=\"http:\/\/www.vlp.cz\" target=\"_blank\">http:\/\/www.vlp.cz<\/a><\/td>\n<\/tr>\n<\/tbody>\n<\/table>\n","protected":false},"excerpt":{"rendered":"<div class=\"mh-excerpt\"><p>\u00a0Prvn\u00ed \u00fa\u0159ady v zemi ji\u017e zav\u00e1d\u011bj\u00ed kursy znakov\u00e9 \u0159e\u010di pro sv\u00e9 \u00fa\u0159edn\u00edky, aby tak byli schopni komunikovat i s hluchon\u011bm\u00fdmi ob\u010dany. P\u0159\u00edkladem je p\u0159\u00edborsk\u00e1 radnice.<\/p>\n<\/div>","protected":false},"author":1,"featured_media":3624,"comment_status":"open","ping_status":"closed","sticky":false,"template":"","format":"standard","meta":{"footnotes":""},"categories":[7],"tags":[],"class_list":["post-14880","post","type-post","status-publish","format-standard","has-post-thumbnail","hentry","category-spolecnost"],"_links":{"self":[{"href":"https:\/\/www.invarena.cz\/index.php?rest_route=\/wp\/v2\/posts\/14880","targetHints":{"allow":["GET"]}}],"collection":[{"href":"https:\/\/www.invarena.cz\/index.php?rest_route=\/wp\/v2\/posts"}],"about":[{"href":"https:\/\/www.invarena.cz\/index.php?rest_route=\/wp\/v2\/types\/post"}],"author":[{"embeddable":true,"href":"https:\/\/www.invarena.cz\/index.php?rest_route=\/wp\/v2\/users\/1"}],"replies":[{"embeddable":true,"href":"https:\/\/www.invarena.cz\/index.php?rest_route=%2Fwp%2Fv2%2Fcomments&post=14880"}],"version-history":[{"count":0,"href":"https:\/\/www.invarena.cz\/index.php?rest_route=\/wp\/v2\/posts\/14880\/revisions"}],"wp:featuredmedia":[{"embeddable":true,"href":"https:\/\/www.invarena.cz\/index.php?rest_route=\/wp\/v2\/media\/3624"}],"wp:attachment":[{"href":"https:\/\/www.invarena.cz\/index.php?rest_route=%2Fwp%2Fv2%2Fmedia&parent=14880"}],"wp:term":[{"taxonomy":"category","embeddable":true,"href":"https:\/\/www.invarena.cz\/index.php?rest_route=%2Fwp%2Fv2%2Fcategories&post=14880"},{"taxonomy":"post_tag","embeddable":true,"href":"https:\/\/www.invarena.cz\/index.php?rest_route=%2Fwp%2Fv2%2Ftags&post=14880"}],"curies":[{"name":"wp","href":"https:\/\/api.w.org\/{rel}","templated":true}]}}