{"id":14898,"date":"2014-02-20T09:45:17","date_gmt":"2014-02-20T08:45:17","guid":{"rendered":"http:\/\/www.invarena.cz\/?p=14898"},"modified":"2014-02-20T09:46:47","modified_gmt":"2014-02-20T08:46:47","slug":"znecisteni-ovzdusi-v-praze-i-v-brne-je-vyrazne-vyssi-nez-v-zapadni-evrope","status":"publish","type":"post","link":"https:\/\/www.invarena.cz\/?p=14898","title":{"rendered":"Zne\u010di\u0161t\u011bn\u00ed ovzdu\u0161\u00ed v Praze i v Brn\u011b je v\u00fdrazn\u011b vy\u0161\u0161\u00ed ne\u017e v z\u00e1padn\u00ed Evrop\u011b"},"content":{"rendered":"<p><strong>M\u011b\u0159en\u00ed m\u00edry zne\u010di\u0161t\u011bn\u00ed ovzdu\u0161\u00ed ultrajemn\u00fdmi prachov\u00fdmi \u010d\u00e1sticemi v Praze a v Brn\u011b potvrdilo, \u017ee tato m\u011bsta pat\u0159\u00ed k nejv\u00edce zne\u010di\u0161t\u011bn\u00fdm v z\u00e1padn\u00ed a st\u0159edn\u00ed Evrop\u011b. P\u0159ekvapiv\u00e1 v\u0161ak byla pro d\u00e1nsk\u00e9ho odborn\u00edka Kaare Press-Kristensena z D\u00e1nsk\u00e9 ekologick\u00e9 rady m\u00edra zne\u010di\u0161t\u011bn\u00ed.<!--more--><\/strong><\/p>\n<p>&nbsp;<\/p>\n<p>Hodnoty v\u00fdrazn\u011b p\u0159ekra\u010dovaly \u00fadaje, kter\u00e9 nam\u011b\u0159il v jin\u00fdch evropsk\u00fdch velkom\u011bstech, jako jsou Berl\u00edn, Koda\u0148 \u010di Mil\u00e1n.<\/p>\n<p>Press-Kristensen m\u011b\u0159il ve dvou nejv\u011bt\u0161\u00edch \u010desk\u00fdch m\u011bstech od ned\u011ble do \u00fater\u00fd, kompletn\u00ed v\u00fdsledky z Brna p\u0159edstav\u00ed v p\u00e1tek. Ultrajemn\u00e9 prachov\u00e9 \u010d\u00e1stice zat\u00edm meteorologov\u00e9 pravideln\u011b nem\u011b\u0159\u00ed a nejsou ani stanoven\u00e9 limity, co\u017e by se m\u011blo do dvou let d\u00edky Evropsk\u00e9 komisi zm\u011bnit.<\/p>\n<p>&#8222;Jsou zhruba p\u011btsetkr\u00e1t a\u017e tis\u00edckr\u00e1t men\u0161\u00ed ne\u017e pr\u016fm\u011br lidsk\u00e9ho vlasu. Vznikaj\u00ed ve spalovac\u00edch motorech automobil\u016f a jejich v\u00fdznamn\u00fdm zdrojem ve m\u011bstech jsou vozidla s dieselov\u00fdmi motory. Pronikaj\u00ed hluboko do d\u00fdchac\u00edho syst\u00e9mu, v plicn\u00edch skl\u00edpc\u00edch se dost\u00e1vaj\u00ed do krve, kde po\u0161kozuj\u00ed st\u011bny c\u00e9v a vedou k v\u00e1\u017en\u00fdm onemocn\u011bn\u00edm, jakou jsou infarkt a mozkov\u00e1 mrtvice,&#8220; vysv\u011btlil Miroslav \u0160uta z Centra pro \u017eivotn\u00ed prost\u0159ed\u00ed a zdrav\u00ed.<\/p>\n<p>V Praze si D\u00e1n vybral k m\u011b\u0159en\u00ed sedm m\u00edst, a to jak se silnou dopravou, tak m\u00edsta od t\u011bchto lokalit vzd\u00e1len\u011bj\u0161\u00ed. Nejh\u016f\u0159e dopadlo m\u00edsto, odkud odj\u00ed\u017ed\u011bj\u00ed autobusy Student Agency na n\u00e1dra\u017e\u00ed Florenc. Zde bylo v krychlov\u00e9m centimetru vzduchu p\u0159es 110.000 \u010d\u00e1stic. P\u0159es 30.000, co\u017e je podle d\u00e1nsk\u00e9ho odborn\u00edka kritick\u00e1 hodnota, jich bylo i na jin\u00fdch m\u00edstech Florence, na magistr\u00e1le u hlavn\u00edho n\u00e1dra\u017e\u00ed \u010di na Evropsk\u00e9 ulici.<\/p>\n<p>&#8222;Zne\u010di\u0161t\u011bn\u00ed v Praze m\u016f\u017ee p\u0159edstavovat v\u00fdznamn\u00e9 zdravotn\u00ed riziko. P\u0159ekvapilo m\u011b, \u017ee modern\u00ed m\u011bsto jako Praha st\u00e1le nem\u00e1 n\u00edzkoemisn\u00ed z\u00f3ny, kter\u00e9 maj\u00ed mnoh\u00e9 v\u00fdznamn\u00e9 evropsk\u00e9 metropole v D\u00e1nsku, N\u011bmecku nebo \u0160v\u00e9dsku a kter\u00e9 omezuj\u00ed vjezd vozidl\u016fm s nejvy\u0161\u0161\u00edmi emisemi. Situaci je mo\u017en\u00e9 v\u00fdznamn\u011b zlep\u0161it tak\u00e9 zav\u00e1d\u011bn\u00edm dieselov\u00fdch filtr\u016f. Nejv\u011bt\u0161\u00edm p\u0159ekvapen\u00edm pro mne bylo, jak m\u00e1lo cyklist\u016f jsem vid\u011bl v Praze,&#8220; uvedl Press-Kristensen.<\/p>\n<p>Pokud se v D\u00e1nsku n\u011bkde p\u0159ekro\u010d\u00ed hodnota 30.000 \u010d\u00e1stic, m\u00edstn\u00ed autority mus\u00ed kritickou situaci zpravidla \u0159e\u0161it n\u011bjak\u00fdm opat\u0159en\u00edm, upozornil \u0160uta. &#8222;Evropsk\u00e1 komise nyn\u00ed chyst\u00e1 bal\u00ed\u010dek na zp\u0159\u00edsn\u011bn\u00ed st\u00e1vaj\u00edc\u00edch limit\u016f a nov\u011b by se m\u011bly m\u011b\u0159it pr\u00e1v\u011b i ultrajemn\u00e9 \u010d\u00e1stice. \u010clensk\u00e9 st\u00e1ty se na n\u011bj ale netv\u00e1\u0159\u00ed p\u0159\u00edli\u0161 p\u0159\u00edv\u011btiv\u011b, proto\u017ee p\u0159ekra\u010duj\u00ed sou\u010dasn\u00e9 limity,&#8220; poznamenal \u0160uta.<\/p>\n<p>&nbsp;<\/p>\n<p>&nbsp;<\/p>\n<p>&nbsp;<\/p>\n<p>Mno\u017estv\u00ed ultrajemn\u00fdch prachov\u00fdch \u010d\u00e1stic ve vzduchu v Praze a srovnateln\u00fdch m\u011bstech<\/p>\n<table>\n<tbody>\n<tr>\n<td>m\u00edsto a datum m\u011b\u0159en\u00ed<\/td>\n<td>mno\u017estv\u00ed ultrajemn\u00fdch prachov\u00fdch \u010d\u00e1stic na centimetr krychlov\u00fd vzduchu<\/td>\n<\/tr>\n<tr>\n<td>zele\u0148 cca 100 metr\u016f od Evropsk\u00e9 v oblasti \u0160\u00e1rky (pond\u011bl\u00ed 17. \u00fanora)<\/td>\n<td>8950<\/td>\n<\/tr>\n<tr>\n<td>zast\u00e1vka Horom\u011b\u0159ick\u00e1 v Evropsk\u00e9 ulici (pond\u011bl\u00ed 17. \u00fanora)<\/td>\n<td>68.600<\/td>\n<\/tr>\n<tr>\n<td>zast\u00e1vka Florenc (pond\u011bl\u00ed 17. \u00fanora)<\/td>\n<td>38.550<\/td>\n<\/tr>\n<tr>\n<td>n\u00e1dra\u017e\u00ed Florenc &#8211; p\u0159\u00edjezdy (pond\u011bl\u00ed 17. \u00fanora)<\/td>\n<td>47.650<\/td>\n<\/tr>\n<tr>\n<td>n\u00e1dra\u017e\u00ed Florenc &#8211; odjezdy, centr\u00e1ln\u00ed \u010d\u00e1st (pond\u011bl\u00ed 17. \u00fanora)<\/td>\n<td>33.500<\/td>\n<\/tr>\n<tr>\n<td>n\u00e1dra\u017e\u00ed Florenc &#8211; odjezdy Student Agency (pond\u011bl\u00ed 17. \u00fanora)<\/td>\n<td>110.500<\/td>\n<\/tr>\n<tr>\n<td>magistr\u00e1la nad hlavn\u00edm n\u00e1dra\u017e\u00edm (pond\u011bl\u00ed 17. \u00fanora)<\/td>\n<td>46.250<\/td>\n<\/tr>\n<tr>\n<td>Koda\u0148, autobusov\u00e1 zast\u00e1vka \u00d6sterbrohuset v centru m\u011bsta (\u010dtvrtek 23. \u0159\u00edjna)<\/td>\n<td>30.400<\/td>\n<\/tr>\n<tr>\n<td>Berl\u00edn, frekventovan\u00e1 silnice u hlavn\u00edho vlakov\u00e9ho n\u00e1dra\u017e\u00ed (ned\u011ble 8. z\u00e1\u0159\u00ed)<\/td>\n<td>27.950<\/td>\n<\/tr>\n<tr>\n<td>Mil\u00e1n, silni\u010dn\u00ed okruh v centru, Viale Bianca Maria (p\u00e1tek 7. \u010dervna)<\/td>\n<td>35.150<\/td>\n<\/tr>\n<\/tbody>\n<\/table>\n<p>Zdroj: Centrum pro \u017eivotn\u00ed prost\u0159ed\u00ed a zdrav\u00ed<br \/>\nZden\u011bk Meitner<\/p>\n","protected":false},"excerpt":{"rendered":"<div class=\"mh-excerpt\"><p>M\u011b\u0159en\u00ed m\u00edry zne\u010di\u0161t\u011bn\u00ed ovzdu\u0161\u00ed ultrajemn\u00fdmi prachov\u00fdmi \u010d\u00e1sticemi v Praze a v Brn\u011b potvrdilo, \u017ee tato m\u011bsta pat\u0159\u00ed k nejv\u00edce zne\u010di\u0161t\u011bn\u00fdm v z\u00e1padn\u00ed a st\u0159edn\u00ed Evrop\u011b. <a class=\"mh-excerpt-more\" href=\"https:\/\/www.invarena.cz\/?p=14898\" title=\"Zne\u010di\u0161t\u011bn\u00ed ovzdu\u0161\u00ed v Praze i v Brn\u011b je v\u00fdrazn\u011b vy\u0161\u0161\u00ed ne\u017e v z\u00e1padn\u00ed Evrop\u011b\">[&#8230;]<\/a><\/p>\n<\/div>","protected":false},"author":1,"featured_media":14646,"comment_status":"open","ping_status":"closed","sticky":false,"template":"","format":"standard","meta":{"footnotes":""},"categories":[11],"tags":[],"class_list":["post-14898","post","type-post","status-publish","format-standard","has-post-thumbnail","hentry","category-zdravi"],"_links":{"self":[{"href":"https:\/\/www.invarena.cz\/index.php?rest_route=\/wp\/v2\/posts\/14898","targetHints":{"allow":["GET"]}}],"collection":[{"href":"https:\/\/www.invarena.cz\/index.php?rest_route=\/wp\/v2\/posts"}],"about":[{"href":"https:\/\/www.invarena.cz\/index.php?rest_route=\/wp\/v2\/types\/post"}],"author":[{"embeddable":true,"href":"https:\/\/www.invarena.cz\/index.php?rest_route=\/wp\/v2\/users\/1"}],"replies":[{"embeddable":true,"href":"https:\/\/www.invarena.cz\/index.php?rest_route=%2Fwp%2Fv2%2Fcomments&post=14898"}],"version-history":[{"count":0,"href":"https:\/\/www.invarena.cz\/index.php?rest_route=\/wp\/v2\/posts\/14898\/revisions"}],"wp:featuredmedia":[{"embeddable":true,"href":"https:\/\/www.invarena.cz\/index.php?rest_route=\/wp\/v2\/media\/14646"}],"wp:attachment":[{"href":"https:\/\/www.invarena.cz\/index.php?rest_route=%2Fwp%2Fv2%2Fmedia&parent=14898"}],"wp:term":[{"taxonomy":"category","embeddable":true,"href":"https:\/\/www.invarena.cz\/index.php?rest_route=%2Fwp%2Fv2%2Fcategories&post=14898"},{"taxonomy":"post_tag","embeddable":true,"href":"https:\/\/www.invarena.cz\/index.php?rest_route=%2Fwp%2Fv2%2Ftags&post=14898"}],"curies":[{"name":"wp","href":"https:\/\/api.w.org\/{rel}","templated":true}]}}