{"id":14942,"date":"2014-02-25T07:22:29","date_gmt":"2014-02-25T06:22:29","guid":{"rendered":"http:\/\/www.invarena.cz\/?p=14942"},"modified":"2014-02-25T10:52:18","modified_gmt":"2014-02-25T09:52:18","slug":"hypochondru-je-vice-nez-se-odhadovalo","status":"publish","type":"post","link":"https:\/\/www.invarena.cz\/?p=14942","title":{"rendered":"Hypochondr\u016f je v\u00edce, ne\u017e se odhadovalo"},"content":{"rendered":"<p><strong>Na 13 procent Francouz\u016f trp\u00ed hypochondri\u00ed, tedy psychickou poruchou, kdy lid\u00e9 maj\u00ed p\u0159ehnan\u00fd strach, \u017ee jsou nemocn\u00ed, i kdy\u017e se u nich nemoc fakticky neprojevila. Po\u010det hypochondr\u016f je tak vy\u0161\u0161\u00ed, ne\u017e se p\u0159edpokl\u00e1dalo.<!--more--><\/strong><\/p>\n<p>Uk\u00e1zal to nov\u00fd pr\u016fzkum, jeho\u017e v\u00fdsledky v\u010dera zve\u0159ejnila francouzsk\u00e1 agentura Ifop. Podle tamn\u00edch odborn\u00edk\u016f zvy\u0161uje po\u010det hypochondr\u016f ve spole\u010dnosti tok informac\u00ed o zdrav\u00ed, je\u017e p\u0159ich\u00e1zej\u00ed z m\u00e9di\u00ed.<\/p>\n<p>T\u0159i \u010dtvrtiny hypochondr\u016f ve Francii hled\u00e1 informace o sv\u00e9 domn\u011bl\u00e9 nemoci na internetu. Hodn\u011b se tak\u00e9 rad\u00ed se sv\u00fdmi zn\u00e1m\u00fdmi, \u010dasto i s l\u00e9ka\u0159em, n\u011bkdy dokonce s v\u00edce l\u00e9ka\u0159i.<\/p>\n<p>P\u0159i p\u00e1tr\u00e1n\u00ed po informac\u00edch s c\u00edlem se uklidnit se ale podle ankety poda\u0159\u00ed naj\u00edt \u00fat\u011bchu jen asi t\u0159etin\u011b z nich, u zbyl\u00fdch 64 procent se \u00fazkost naopak zvy\u0161uje.<\/p>\n<p>Paradoxem je, \u017ee mnoho jich p\u0159itom odm\u00edt\u00e1 hloubkov\u00e1 vy\u0161et\u0159en\u00ed.<\/p>\n<p>&#8222;Tyto osoby, kter\u00e9 se ob\u00e1vaj\u00ed o sv\u00e9 zdrav\u00ed, se vyh\u00fdbaj\u00ed test\u016fm ke zji\u0161t\u011bn\u00ed p\u0159\u00edpadn\u00e9 rakoviny, nebo i krevn\u00edm test\u016fm,&#8220; uv\u00e1d\u011bj\u00ed podle zpravodajsk\u00e9ho webu JOL Press auto\u0159i studie. Patrn\u00e9 to je nap\u0159\u00edklad u hypochondrick\u00fdch \u017een, kter\u00e9 odm\u00edtaj\u00ed mamografii v mnohem v\u011bt\u0161\u00ed m\u00ed\u0159e ne\u017e ostatn\u00ed \u017eeny.<\/p>\n<p>ilustra\u010dn\u00ed foto: Digitalpress Photoxpress<\/p>\n","protected":false},"excerpt":{"rendered":"<div class=\"mh-excerpt\"><p>Na 13 procent Francouz\u016f trp\u00ed hypochondri\u00ed, tedy psychickou poruchou, kdy lid\u00e9 maj\u00ed p\u0159ehnan\u00fd strach, \u017ee jsou nemocn\u00ed, i kdy\u017e se u nich nemoc fakticky neprojevila. <a class=\"mh-excerpt-more\" href=\"https:\/\/www.invarena.cz\/?p=14942\" title=\"Hypochondr\u016f je v\u00edce, ne\u017e se odhadovalo\">[&#8230;]<\/a><\/p>\n<\/div>","protected":false},"author":1,"featured_media":14285,"comment_status":"open","ping_status":"closed","sticky":false,"template":"","format":"standard","meta":{"footnotes":""},"categories":[11],"tags":[],"class_list":["post-14942","post","type-post","status-publish","format-standard","has-post-thumbnail","hentry","category-zdravi"],"_links":{"self":[{"href":"https:\/\/www.invarena.cz\/index.php?rest_route=\/wp\/v2\/posts\/14942","targetHints":{"allow":["GET"]}}],"collection":[{"href":"https:\/\/www.invarena.cz\/index.php?rest_route=\/wp\/v2\/posts"}],"about":[{"href":"https:\/\/www.invarena.cz\/index.php?rest_route=\/wp\/v2\/types\/post"}],"author":[{"embeddable":true,"href":"https:\/\/www.invarena.cz\/index.php?rest_route=\/wp\/v2\/users\/1"}],"replies":[{"embeddable":true,"href":"https:\/\/www.invarena.cz\/index.php?rest_route=%2Fwp%2Fv2%2Fcomments&post=14942"}],"version-history":[{"count":0,"href":"https:\/\/www.invarena.cz\/index.php?rest_route=\/wp\/v2\/posts\/14942\/revisions"}],"wp:featuredmedia":[{"embeddable":true,"href":"https:\/\/www.invarena.cz\/index.php?rest_route=\/wp\/v2\/media\/14285"}],"wp:attachment":[{"href":"https:\/\/www.invarena.cz\/index.php?rest_route=%2Fwp%2Fv2%2Fmedia&parent=14942"}],"wp:term":[{"taxonomy":"category","embeddable":true,"href":"https:\/\/www.invarena.cz\/index.php?rest_route=%2Fwp%2Fv2%2Fcategories&post=14942"},{"taxonomy":"post_tag","embeddable":true,"href":"https:\/\/www.invarena.cz\/index.php?rest_route=%2Fwp%2Fv2%2Ftags&post=14942"}],"curies":[{"name":"wp","href":"https:\/\/api.w.org\/{rel}","templated":true}]}}