{"id":14948,"date":"2014-02-25T11:42:55","date_gmt":"2014-02-25T10:42:55","guid":{"rendered":"http:\/\/www.invarena.cz\/?p=14948"},"modified":"2014-02-25T11:43:05","modified_gmt":"2014-02-25T10:43:05","slug":"nevidomi-manzele-marne-usiluji-o-adopci-ditete","status":"publish","type":"post","link":"https:\/\/www.invarena.cz\/?p=14948","title":{"rendered":"Nevidom\u00ed man\u017eel\u00e9 marn\u011b usiluj\u00ed o adopci d\u00edt\u011bte"},"content":{"rendered":"<p><strong>Prvn\u00ed nevidom\u00fd man\u017eelsk\u00fd p\u00e1r v tuzemsku si hodl\u00e1 vysoudit mo\u017enost osvojit si d\u00edt\u011b. Man\u017eel\u00e9 Peterkovi o to usiluj\u00ed ji\u017e dva roky. Na \u00fa\u0159adech ale neusp\u011bli a odvol\u00e1n\u00ed zam\u00edtlo ministerstvo pr\u00e1ce a soci\u00e1ln\u00edch v\u011bc\u00ed.<\/strong><br \/>\n<!--more--><\/p>\n<p><em><strong>report\u00e1\u017e \u010cesk\u00e9 televize<\/strong><\/em><\/p>\n<p>Peterkovi bydl\u00ed v nov\u00e9m, v\u011bt\u0161\u00edm byt\u011b. P\u0159est\u011bhovali se, aby se ve\u0161li, a\u017e jich, jak doufaj\u00ed, bude v\u00edc ne\u017e 2.<\/p>\n<p>Oleg PETERKA<br \/>\nKdy\u017e se n\u00e1m poda\u0159\u00ed adoptovat d\u00edt\u011b, tak tady bude jeho d\u011btsk\u00fd pokoj.<\/p>\n<p>Oleg provozuje v Opav\u011b vlastn\u00ed mas\u00e9rsk\u00fd salon. Miloslava je doma s psy. \u017de by se o d\u00edt\u011b zvl\u00e1dli postarat, o tom jsou p\u0159esv\u011bd\u010deni.<\/p>\n<p>Miloslava PETERKOV\u00c1<br \/>\nTo d\u00edt\u011b bude m\u00edt m\u00e1mu, t\u00e1tu, bude m\u00edt l\u00e1sku, bude z\u00e1zem\u00ed, bude m\u00edt prost\u011b v\u0161echno.<\/p>\n<p>V \u010cesku \u017eij\u00ed des\u00edtky nevidom\u00fdch, kte\u0159\u00ed \u00fasp\u011b\u0161n\u011b vychov\u00e1vaj\u00ed sv\u00e9 biologick\u00e9 d\u011bti a podle \u00fa\u0159ad\u016f mo\u017en\u00e1 je i adopce p\u00e1rem, kdy jeden vid\u00ed a druh\u00fd ne. Peterkovi jsou ale prvn\u00edm nevidom\u00fdm p\u00e1rem, kter\u00fd chce adoptovat, a budou o to bojovat i u soudu.<\/p>\n<p>Lucie B\u00d6HMOV\u00c1, Krajsk\u00fd soud v Ostrav\u011b:<br \/>\nPotvrzuji, \u017ee soud takovou \u017ealobu eviduje. V sou\u010dasn\u00e9 dob\u011b \u010din\u00ed \u00fakony sm\u011b\u0159uj\u00edc\u00ed k tomu, aby mohl rozhodnout ve v\u011bci.<\/p>\n<p>Nevidom\u00ed Dietmar Janoschek a Elfriede Dallingerov\u00e1 z rakousk\u00e9ho Linzu. U\u017e jednou usp\u011bli, st\u00e1t se ale odvolal. Te\u010f soud rozhodl znovu, diskriminaci od\u0161kodn\u00ed, adopci ale nepovol\u00ed. Peterkovi cht\u011bj\u00ed napodobit p\u0159\u00edklad Raku\u0161an\u016f a soudit se..<\/p>\n<p>Dietmar JANOSCHEK<br \/>\nNenech\u00e1me se uml\u010det dv\u011bma tis\u00edci eur nam\u00edsto d\u00edt\u011bte, a proto jsme se odvolali k nejvy\u0161\u0161\u00edmu soudu ve V\u00eddni.<\/p>\n<p>Adopce d\u011bt\u00ed nevidom\u00fdmi p\u00e1ry se i jinde ve sv\u011bt\u011b prosazuje jen pozvolna. Nap\u0159\u00edklad ve Spojen\u00fdch st\u00e1tech nebo ve Velk\u00e9 Brit\u00e1nie u\u017e ale takov\u00e1 osvojen\u00ed podporuj\u00ed speci\u00e1ln\u00edmi programy. To Peterkovi nevy\u017eaduj\u00ed, cht\u011bj\u00ed jen dostat \u0161anci, b\u00fdt \u00faplnou rodinou. Kdy\u017e neusp\u011bj\u00ed v \u010cesku, obr\u00e1t\u00ed se na Evropsk\u00fd soud pro lidsk\u00e1 pr\u00e1va.<\/p>\n","protected":false},"excerpt":{"rendered":"<div class=\"mh-excerpt\"><p>Prvn\u00ed nevidom\u00fd man\u017eelsk\u00fd p\u00e1r v tuzemsku si hodl\u00e1 vysoudit mo\u017enost osvojit si d\u00edt\u011b. Man\u017eel\u00e9 Peterkovi o to usiluj\u00ed ji\u017e dva roky. Na \u00fa\u0159adech ale neusp\u011bli <a class=\"mh-excerpt-more\" href=\"https:\/\/www.invarena.cz\/?p=14948\" title=\"Nevidom\u00ed man\u017eel\u00e9 marn\u011b usiluj\u00ed o adopci d\u00edt\u011bte\">[&#8230;]<\/a><\/p>\n<\/div>","protected":false},"author":1,"featured_media":783,"comment_status":"open","ping_status":"closed","sticky":false,"template":"","format":"standard","meta":{"footnotes":""},"categories":[7],"tags":[],"class_list":["post-14948","post","type-post","status-publish","format-standard","has-post-thumbnail","hentry","category-spolecnost"],"_links":{"self":[{"href":"https:\/\/www.invarena.cz\/index.php?rest_route=\/wp\/v2\/posts\/14948","targetHints":{"allow":["GET"]}}],"collection":[{"href":"https:\/\/www.invarena.cz\/index.php?rest_route=\/wp\/v2\/posts"}],"about":[{"href":"https:\/\/www.invarena.cz\/index.php?rest_route=\/wp\/v2\/types\/post"}],"author":[{"embeddable":true,"href":"https:\/\/www.invarena.cz\/index.php?rest_route=\/wp\/v2\/users\/1"}],"replies":[{"embeddable":true,"href":"https:\/\/www.invarena.cz\/index.php?rest_route=%2Fwp%2Fv2%2Fcomments&post=14948"}],"version-history":[{"count":0,"href":"https:\/\/www.invarena.cz\/index.php?rest_route=\/wp\/v2\/posts\/14948\/revisions"}],"wp:featuredmedia":[{"embeddable":true,"href":"https:\/\/www.invarena.cz\/index.php?rest_route=\/wp\/v2\/media\/783"}],"wp:attachment":[{"href":"https:\/\/www.invarena.cz\/index.php?rest_route=%2Fwp%2Fv2%2Fmedia&parent=14948"}],"wp:term":[{"taxonomy":"category","embeddable":true,"href":"https:\/\/www.invarena.cz\/index.php?rest_route=%2Fwp%2Fv2%2Fcategories&post=14948"},{"taxonomy":"post_tag","embeddable":true,"href":"https:\/\/www.invarena.cz\/index.php?rest_route=%2Fwp%2Fv2%2Ftags&post=14948"}],"curies":[{"name":"wp","href":"https:\/\/api.w.org\/{rel}","templated":true}]}}