{"id":14964,"date":"2014-02-26T00:10:12","date_gmt":"2014-02-25T23:10:12","guid":{"rendered":"http:\/\/www.invarena.cz\/?p=14964"},"modified":"2014-10-20T20:16:06","modified_gmt":"2014-10-20T18:16:06","slug":"praci-daval-vse-ted-se-uci-chodit","status":"publish","type":"post","link":"https:\/\/www.invarena.cz\/?p=14964","title":{"rendered":"Pr\u00e1ci d\u00e1val v\u0161e, te\u010f se u\u010d\u00ed chodit"},"content":{"rendered":"<p><strong>Podnikal a v pr\u00e1ci b\u00fdval a\u017e do noci. Te\u010f mu\u017e kolem \u0161edes\u00e1tky smutn\u011b sed\u00ed na nemocni\u010dn\u00ed posteli. P\u0159ed necel\u00fdm m\u011bs\u00edcem jej z postihla mozkov\u00e1 mrtvice.<!--more--><\/strong><\/p>\n<p>V t\u011b\u017ek\u00e9m stavu prole\u017eel \u0159adu dn\u00ed na jednotce intenzivn\u00ed p\u00e9\u010de v nemocnici v Trutnov\u011b, ale u\u017e dva t\u00fddny dok\u00e1\u017ee rehabilitovat. Dokonce chod\u00ed a znovu mluv\u00ed.<\/p>\n<p>Zat\u00edmco zdravotnice kolem n\u011bj se raduj\u00ed, \u017ee p\u00e1n je vzorn\u00fdm p\u0159\u00edkladem raketov\u00e9ho pokroku, on mluv\u00ed sklesle i trochu zmaten\u011b. &#8222;Je mi \u0161patn\u011b, v\u017edy\u0165 mi nefunguje polovina t\u011bla. Na\u0161t\u011bst\u00ed m\u00e1m syna, kter\u00fd zvl\u00e1d\u00e1 v\u0161e s na\u0161\u00edm podnik\u00e1n\u00edm. On je \u0161ikovn\u00fd, ale j\u00e1 ne,&#8220; \u0159\u00edk\u00e1 mu\u017e skepticky. Depresivn\u00ed n\u00e1lady dol\u00e9haj\u00ed na pacienty po mrtvici hodn\u011b \u010dasto. &#8222;P\u00e1n byl zvykl\u00fd po\u0159\u00e1d pracovat, s novou situac\u00ed se je\u0161t\u011b nesm\u00ed\u0159il. Pobyt v nemocnici je pro n\u011bj trauma. Ale pokrok, kter\u00e9ho dos\u00e1hl, je velk\u00fd. Otev\u0159e ruku, zav\u0159e ruku, oto\u010d\u00ed se na bok, dok\u00e1\u017ee sed\u011bt del\u0161\u00ed dobu a u\u017e i chod\u00ed s oporou, obl\u00e9kne si tri\u010dko, naj\u00ed se s\u00e1m,&#8220; vypo\u010d\u00edt\u00e1v\u00e1 prim\u00e1\u0159ka rehabilita\u010dn\u00edho odd\u011blen\u00ed Ivana Uiberlayov\u00e1.<\/p>\n<p>Vrchn\u00ed sestra Tereza Dud\u00e1\u010dkov\u00e1 zase chv\u00e1l\u00ed jeho rodinu. Chod\u00ed za n\u00edm ka\u017ed\u00fd den, p\u0159inesli televizi a p\u00e1n se u\u017e u\u010d\u00ed zach\u00e1zet s ovlada\u010dem. I kdy\u017e nemocni\u010dn\u00ed pokoj s dv\u011bma l\u016f\u017eky vypad\u00e1 \u00fapln\u011b b\u011b\u017en\u011b, pro pacienty je tady \u0159ada mo\u017enost\u00ed k tr\u00e9ninku.<\/p>\n<p>Proto\u017ee mu ochrnula prav\u00e1 polovina t\u011bla, stolek i k\u0159eslo m\u00e1 napravo, aby ji musel nam\u00e1hat. M\u00e1 tu \u0161kop\u00edk, aby se s\u00e1m umyl.<\/p>\n<p>P\u0159ed dv\u011bma t\u00fddny mu\u017e jen le\u017eel, ale den nato u\u017e svedl oto\u010dit se na posteli. Nemluvil, pak \u0161eptal jednotliv\u00e1 slova, te\u010f u\u017e se celkem dob\u0159e domluv\u00ed. Podle zdravotn\u00edk\u016f je na dobr\u00e9 cest\u011b.<\/p>\n<p>\u010cek\u00e1 ho je\u0161t\u011b n\u011bjak\u00e1 doba v nemocnici, pak nejsp\u00ed\u0161 pojede do rehabilita\u010dn\u00edho \u00fastavu nebo l\u00e1zn\u00ed. Ne ka\u017ed\u00fd m\u00e1 tak nad\u011bjn\u00e9 vyhl\u00eddky. N\u011bkdo se nezbav\u00ed t\u011blesn\u00e9ho posti\u017een\u00ed, n\u011bkdo nepromluv\u00ed.<\/p>\n<p>Ka\u017ed\u00fd pacient m\u00e1 sv\u00e9ho fyzioterapeuta. Od ot\u00e1\u010den\u00ed a sezen\u00ed se pak lid\u00e9 po mrtvici propracuj\u00ed t\u0159eba i k ch\u016fzi. Ergoterapeutka s nimi cvi\u010d\u00ed \u010d\u00e1ste\u010dn\u011b ochrnutou ruku. A\u017e polovina pacient\u016f m\u00e1 poruchu \u0159e\u010di a ti tr\u00e9nuj\u00ed zase s logopedkou. Po rehabilitaci jdou pacienti dom\u016f, doporu\u010d\u00ed se jim pobyt v rehabilita\u010dn\u00edm \u00fastavu. N\u011bkdo se v\u0161ak o sebe u\u017e nikdy nepostar\u00e1, to je kv\u016fli nedostatku l\u016f\u017eek v \u00fastavech velk\u00fd soci\u00e1ln\u00ed probl\u00e9m.<\/p>\n<p>\u0160estaosmdes\u00e1tilet\u00e1 \u017eena z Trutnova si pobyt na rehabilitaci i sv\u00e9 pokroky pochvaluje. Poprv\u00e9 u\u017e pr\u00fd vyrazila s hol\u00ed na chodbu. Kdy\u017e ji potkala mrtvice, upadla v byt\u011b tak ne\u0161\u0165astn\u011b, \u017ee se nedok\u00e1zala postavit ani zatelefonovat. Zmrzl\u00e1, promodral\u00e1 a s prole\u017eeninou se dostala do nemocnice teprve po \u010dty\u0159ech dnech, kdy\u017e k n\u00ed dcera p\u0159i\u0161la na narozeniny.<\/p>\n<p>&#8222;Tady jsou sestry ohromn\u011b hodn\u00e9. V\u0161echna \u010dest, jak se o m\u011b staraj\u00ed,&#8220; chv\u00e1l\u00ed pacientka. Kam pan\u00ed p\u016fjde, a\u017e se jej\u00ed stav sprav\u00ed, v\u0161ak nen\u00ed p\u0159\u00edli\u0161 jasn\u00e9. Nemocnice letos pro pacienty s mrtvic\u00ed po\u0159\u00edd\u00ed vybaven\u00ed za 26 milion\u016f korun.<\/p>\n<p>Mlad\u00e1 fronta DNES<\/p>\n<p>\u0160t\u011bp\u00e1nka T\u016fmov\u00e1<\/p>\n<p>http:\/\/zpravy.idnes.cz\/ mfdnes.asp<\/p>\n<p><em>ilustra\u010dn\u00ed foto: PhotoRack<\/em><\/p>\n","protected":false},"excerpt":{"rendered":"<div class=\"mh-excerpt\"><p>Podnikal a v pr\u00e1ci b\u00fdval a\u017e do noci. Te\u010f mu\u017e kolem \u0161edes\u00e1tky smutn\u011b sed\u00ed na nemocni\u010dn\u00ed posteli. P\u0159ed necel\u00fdm m\u011bs\u00edcem jej z postihla mozkov\u00e1 mrtvice.<\/p>\n<\/div>","protected":false},"author":1,"featured_media":14574,"comment_status":"open","ping_status":"closed","sticky":false,"template":"","format":"standard","meta":{"footnotes":""},"categories":[11],"tags":[],"class_list":["post-14964","post","type-post","status-publish","format-standard","has-post-thumbnail","hentry","category-zdravi"],"_links":{"self":[{"href":"https:\/\/www.invarena.cz\/index.php?rest_route=\/wp\/v2\/posts\/14964","targetHints":{"allow":["GET"]}}],"collection":[{"href":"https:\/\/www.invarena.cz\/index.php?rest_route=\/wp\/v2\/posts"}],"about":[{"href":"https:\/\/www.invarena.cz\/index.php?rest_route=\/wp\/v2\/types\/post"}],"author":[{"embeddable":true,"href":"https:\/\/www.invarena.cz\/index.php?rest_route=\/wp\/v2\/users\/1"}],"replies":[{"embeddable":true,"href":"https:\/\/www.invarena.cz\/index.php?rest_route=%2Fwp%2Fv2%2Fcomments&post=14964"}],"version-history":[{"count":0,"href":"https:\/\/www.invarena.cz\/index.php?rest_route=\/wp\/v2\/posts\/14964\/revisions"}],"wp:featuredmedia":[{"embeddable":true,"href":"https:\/\/www.invarena.cz\/index.php?rest_route=\/wp\/v2\/media\/14574"}],"wp:attachment":[{"href":"https:\/\/www.invarena.cz\/index.php?rest_route=%2Fwp%2Fv2%2Fmedia&parent=14964"}],"wp:term":[{"taxonomy":"category","embeddable":true,"href":"https:\/\/www.invarena.cz\/index.php?rest_route=%2Fwp%2Fv2%2Fcategories&post=14964"},{"taxonomy":"post_tag","embeddable":true,"href":"https:\/\/www.invarena.cz\/index.php?rest_route=%2Fwp%2Fv2%2Ftags&post=14964"}],"curies":[{"name":"wp","href":"https:\/\/api.w.org\/{rel}","templated":true}]}}