{"id":14975,"date":"2014-02-27T11:04:55","date_gmt":"2014-02-27T10:04:55","guid":{"rendered":"http:\/\/www.invarena.cz\/?p=14975"},"modified":"2014-02-27T11:06:52","modified_gmt":"2014-02-27T10:06:52","slug":"policie-setri-tyrani-v-nemocnici-nasledne-pece","status":"publish","type":"post","link":"https:\/\/www.invarena.cz\/?p=14975","title":{"rendered":"Policie \u0161et\u0159\u00ed t\u00fdr\u00e1n\u00ed v nemocnici n\u00e1sledn\u00e9 p\u00e9\u010de"},"content":{"rendered":"<p><strong> P\u0159\u00edpad t\u00fdr\u00e1n\u00ed v nemocnici n\u00e1sledn\u00e9 p\u00e9\u010de v Ryjic\u00edch na \u00dastecku d\u00e1le \u0159e\u0161\u00ed policie. Ani po dvou m\u011bs\u00edc\u00edch vy\u0161et\u0159ov\u00e1n\u00ed ale zat\u00edm nikoho neobvinila. Nicm\u00e9n\u011b veden\u00ed nemocnice u\u017e o\u0161et\u0159ovatelku, kter\u00e1 m\u011bla b\u00edt pacienta, propustilo. <!--more--><\/strong><\/p>\n<p><em><strong>report\u00e1\u017e Prima FTV<\/strong><\/em><\/p>\n<p>Jist\u011b si pamatujete na nevyb\u00edrav\u00e1 slova o\u0161et\u0159ovatelky ryjick\u00e9 nemocnice. Takhle ost\u0159e jednala minim\u00e1ln\u011b s jedn\u00edm sv\u011b\u0159encem, konkr\u00e9tn\u011b s V\u00e1clavem Med\u0159ick\u00fdm. Ten skon\u010dil v za\u0159\u00edzen\u00ed po t\u011b\u017ek\u00e9 mrtvici. Z\u00e1znam po\u0159\u00eddila rodina pacienta pot\u00e9, kdy\u017e se mu\u017e v nemocnici klepal strachy, jakmile p\u0159i\u0161la o\u0161et\u0159ovatelka.<\/p>\n<p>z\u00e1znam z diktafonu:<br \/>\nTy magore, kam leze\u0161&#8230;.Jau, jau&#8230;..Hele, nech toho nebo ti fl\u00e1knu, \u017ee uvid\u00ed\u0161. Bude\u0161 m\u00edt kousav\u00fd dozadu.<\/p>\n<p>Chce\u0161 jednu facku, jednu&#8230;Chce\u0161 jednu facku? V\u00ed\u0161, \u017ee ti jednu vyp\u00e1l\u00edm, \u017ee se s tebou necrc\u00e1m&#8230;Co tady m\u00e1\u0161, na.<\/p>\n<p>Martin PERK, ze\u0165 V\u00e1clava Med\u0159ick\u00e9ho:<br \/>\nMysl\u00edm si, \u017ee to je nehor\u00e1zn\u00fd, v dne\u0161n\u00ed dob\u011b je to absolutn\u011b nep\u0159ijateln\u00fd.<\/p>\n<p>V\u00e1clav Med\u0159ick\u00fd jen p\u00e1r dn\u016f na to zem\u0159el. Tak\u00e9 proto se v tuto chv\u00edli rodina nechce k p\u0159\u00edpadu d\u00e1l vyjad\u0159ovat. Je to pro ni velk\u00e1 ztr\u00e1ta. Poda\u0159ilo se n\u00e1m z\u00edskat exkluzivn\u00ed informace o tom, kde \u017eena z nahr\u00e1vky bydl\u00ed. M\u011blo by to b\u00fdt v tomto dom\u011b. Na ot\u00e1zku, zda sv\u00e9ho jedn\u00e1n\u00ed lituje a pro\u010d se tak vlastn\u011b chovala, neodpov\u011bd\u011bla.<\/p>\n<p>Jolana \u017dIDOV\u00c1, o\u0161et\u0159ovatelka z nahr\u00e1vky, se necht\u011bla k t\u00e9to ud\u00e1losti vyj\u00e1d\u0159it. &#8222;Pros\u00edm v\u00e1s, jestli neodejdete vol\u00e1m policajty,&#8220;<\/p>\n<p>Nemocnice kr\u00e1tce po report\u00e1\u017ei \u017eenu propustila. Pr\u00fd se sama na nahr\u00e1vce poznala a p\u0159iznala se.<\/p>\n<p>Stanislav RYB\u00c1K, n\u00e1m\u011bstek hejtmana \u00dasteck\u00e9ho kraje: Skute\u010dn\u011b bylo zji\u0161t\u011bno osobn\u00ed pochyben\u00ed t\u00e9 doty\u010dn\u00e9 zdravotn\u00ed sestry, se kterou tak\u00e9 byl ukon\u010den pracovn\u00ed pom\u011br.<\/p>\n<p>T\u00edmto ale pro Jolanu \u017didovou rozhodn\u011b nekon\u010d\u00ed. P\u0159\u00edpad m\u00e1 st\u00e1le na stole policie.<\/p>\n<p>\u0160\u00e1rka POL\u00c1\u010cKOV\u00c1, mluv\u010d\u00ed Policie \u010cR \u00dasteck\u00e9ho kraje: V sou\u010dasn\u00e9 dob\u011b prob\u00edhaj\u00ed v\u00fdsledky sv\u011bdk\u016f.<\/p>\n<p>&nbsp;<\/p>\n","protected":false},"excerpt":{"rendered":"<div class=\"mh-excerpt\"><p>P\u0159\u00edpad t\u00fdr\u00e1n\u00ed v nemocnici n\u00e1sledn\u00e9 p\u00e9\u010de v Ryjic\u00edch na \u00dastecku d\u00e1le \u0159e\u0161\u00ed policie. Ani po dvou m\u011bs\u00edc\u00edch vy\u0161et\u0159ov\u00e1n\u00ed ale zat\u00edm nikoho neobvinila. Nicm\u00e9n\u011b veden\u00ed nemocnice <a class=\"mh-excerpt-more\" href=\"https:\/\/www.invarena.cz\/?p=14975\" title=\"Policie \u0161et\u0159\u00ed t\u00fdr\u00e1n\u00ed v nemocnici n\u00e1sledn\u00e9 p\u00e9\u010de\">[&#8230;]<\/a><\/p>\n<\/div>","protected":false},"author":1,"featured_media":1346,"comment_status":"open","ping_status":"closed","sticky":false,"template":"","format":"standard","meta":{"footnotes":""},"categories":[7],"tags":[],"class_list":["post-14975","post","type-post","status-publish","format-standard","has-post-thumbnail","hentry","category-spolecnost"],"_links":{"self":[{"href":"https:\/\/www.invarena.cz\/index.php?rest_route=\/wp\/v2\/posts\/14975","targetHints":{"allow":["GET"]}}],"collection":[{"href":"https:\/\/www.invarena.cz\/index.php?rest_route=\/wp\/v2\/posts"}],"about":[{"href":"https:\/\/www.invarena.cz\/index.php?rest_route=\/wp\/v2\/types\/post"}],"author":[{"embeddable":true,"href":"https:\/\/www.invarena.cz\/index.php?rest_route=\/wp\/v2\/users\/1"}],"replies":[{"embeddable":true,"href":"https:\/\/www.invarena.cz\/index.php?rest_route=%2Fwp%2Fv2%2Fcomments&post=14975"}],"version-history":[{"count":0,"href":"https:\/\/www.invarena.cz\/index.php?rest_route=\/wp\/v2\/posts\/14975\/revisions"}],"wp:featuredmedia":[{"embeddable":true,"href":"https:\/\/www.invarena.cz\/index.php?rest_route=\/wp\/v2\/media\/1346"}],"wp:attachment":[{"href":"https:\/\/www.invarena.cz\/index.php?rest_route=%2Fwp%2Fv2%2Fmedia&parent=14975"}],"wp:term":[{"taxonomy":"category","embeddable":true,"href":"https:\/\/www.invarena.cz\/index.php?rest_route=%2Fwp%2Fv2%2Fcategories&post=14975"},{"taxonomy":"post_tag","embeddable":true,"href":"https:\/\/www.invarena.cz\/index.php?rest_route=%2Fwp%2Fv2%2Ftags&post=14975"}],"curies":[{"name":"wp","href":"https:\/\/api.w.org\/{rel}","templated":true}]}}