{"id":14984,"date":"2014-02-28T08:33:06","date_gmt":"2014-02-28T07:33:06","guid":{"rendered":"http:\/\/www.invarena.cz\/?p=14984"},"modified":"2014-10-20T20:02:58","modified_gmt":"2014-10-20T18:02:58","slug":"domov-senioru-skoncil-majitel-ma-problemy-se-zakonem","status":"publish","type":"post","link":"https:\/\/www.invarena.cz\/?p=14984","title":{"rendered":"Domov senior\u016f skon\u010dil, majitel m\u00e1 probl\u00e9my se z\u00e1konem"},"content":{"rendered":"<p><strong>O b\u00fdval\u00e9ho majitele domova pro seniory v L\u00edchovech na P\u0159\u00edbramsku Martina Ma\u0165hu se zaj\u00edm\u00e1 policie. Podez\u0159\u00edv\u00e1 ho z nedovolen\u00e9ho podnik\u00e1n\u00ed, za co\u017e mu\u017ei hroz\u00ed a\u017e dva roky v\u011bzen\u00ed.<!--more--><\/strong><\/p>\n<p>&nbsp;<\/p>\n<p>Za\u0159\u00edzen\u00ed, kter\u00e9 p\u0159ed dv\u011bma lety ost\u0159e kritizoval nap\u0159\u00edklad ombudsman, pravd\u011bpodobn\u011b nem\u011blo registraci pro poskytov\u00e1n\u00ed soci\u00e1ln\u00edch slu\u017eeb.<\/p>\n<p>&#8222;Zah\u00e1jili jsme trestn\u00ed st\u00edh\u00e1n\u00ed, av\u0161ak Krajsk\u00e9 st\u00e1tn\u00ed zastupitelstv\u00ed v Praze toto usnesen\u00ed zru\u0161ilo a v sou\u010dasn\u00e9 dob\u011b prob\u00edh\u00e1 prov\u011b\u0159ov\u00e1n\u00ed,&#8220; uvedla p\u0159\u00edbramsk\u00e1 st\u00e1tn\u00ed z\u00e1stupkyn\u011b Daniela B\u00e1rt\u00edkov\u00e1.<\/p>\n<p>Ma\u0165ha domov na konci minul\u00e9ho roku uzav\u0159el. Tvrd\u00ed, \u017ee to bylo &#8222;kv\u016fli tlaku n\u011bkter\u00fdch vlivn\u00fdch lid\u00ed&#8220;. Dvan\u00e1ct klient\u016f se poda\u0159ilo um\u00edstit do okoln\u00edch za\u0159\u00edzen\u00ed a jeho firma je v insolvenci.<\/p>\n<p>Domov se nechvaln\u011b zviditelnil t\u00edm, \u017ee z n\u011bj za velk\u00e9 medi\u00e1ln\u00ed pozornosti ode\u0161el herec a mim Jaroslav \u010cejka.<\/p>\n<p>&#8222;Byl k nepozn\u00e1n\u00ed, d\u00e1vali mu sedativa. Cht\u011bli ho dokonce zbavit sv\u00e9pr\u00e1vnosti. Kdyby nebylo jeho vnu\u010dky, z domova by se dostal jen t\u011b\u017eko,&#8220; popisuje \u010cejk\u016fv p\u0159\u00edtel herec V\u00e1clav Glazar.<\/p>\n<p>Ma\u0165ha to opakovan\u011b odm\u00edtl. &#8222;To, \u017ee u n\u00e1s byl pan \u010cejka, byla \u017eivotn\u00ed chyba. Tak to dopadne, kdy\u017e chcete n\u011bkomu pomoct,&#8220; prohla\u0161oval. Kritikou na adresu domova v\u0161ak p\u0159ed dv\u011bma lety ne\u0161et\u0159ila ani kancel\u00e1\u0159 ombudsmana.<\/p>\n<p>Senior\u016fm v domov\u011b podle ombudsmanovy zpr\u00e1vy pod\u00e1vali sv\u00e9voln\u011b l\u00e9ky a ti\u0161\u00edc\u00ed medikamenty bez odborn\u00e9ho dohledu, o osmn\u00e1ct d\u016fchodc\u016f, z nich\u017e v\u011bt\u0161ina trp\u011bla demenc\u00ed, se staral neodborn\u00fd person\u00e1l. V\u011bt\u0161inu klient\u016f nav\u00edc koupali jen \u010dty\u0159ikr\u00e1t m\u011bs\u00ed\u010dn\u011b, byli neust\u00e1le pod kamerami a ven se dostali jen v p\u0159\u00edpad\u011b, \u017ee za nimi p\u0159ijela n\u00e1v\u0161t\u011bva.<\/p>\n<p><strong>FAKTA<\/strong> Co domovu vyt\u00fdkal ombudsman * zam\u011bstnanci domova nebyli dostate\u010dn\u011b pro\u0161koleni * pacienti dost\u00e1vali l\u00e9ky a ti\u0161\u00edc\u00ed medikamenty bez odborn\u00e9ho dohledu * v\u011bt\u0161inu klient\u016f koupali jen \u010dty\u0159ikr\u00e1t m\u011bs\u00ed\u010dn\u011b * senio\u0159i byli neust\u00e1le pod kamerami a ven se dostali, jen kdy\u017e za nimi p\u0159ijela n\u00e1v\u0161t\u011bva<\/p>\n<p>Mlad\u00e1 fronta DNES <a href=\"http:\/\/zpravy.idnes.cz\/mfdnes.asp\" target=\"_blank\">http:\/\/zpravy.idnes.cz\/ mfdnes.asp<\/a><\/p>\n","protected":false},"excerpt":{"rendered":"<div class=\"mh-excerpt\"><p>O b\u00fdval\u00e9ho majitele domova pro seniory v L\u00edchovech na P\u0159\u00edbramsku Martina Ma\u0165hu se zaj\u00edm\u00e1 policie. Podez\u0159\u00edv\u00e1 ho z nedovolen\u00e9ho podnik\u00e1n\u00ed, za co\u017e mu\u017ei hroz\u00ed a\u017e <a class=\"mh-excerpt-more\" href=\"https:\/\/www.invarena.cz\/?p=14984\" title=\"Domov senior\u016f skon\u010dil, majitel m\u00e1 probl\u00e9my se z\u00e1konem\">[&#8230;]<\/a><\/p>\n<\/div>","protected":false},"author":1,"featured_media":1346,"comment_status":"open","ping_status":"closed","sticky":false,"template":"","format":"standard","meta":{"footnotes":""},"categories":[7],"tags":[],"class_list":["post-14984","post","type-post","status-publish","format-standard","has-post-thumbnail","hentry","category-spolecnost"],"_links":{"self":[{"href":"https:\/\/www.invarena.cz\/index.php?rest_route=\/wp\/v2\/posts\/14984","targetHints":{"allow":["GET"]}}],"collection":[{"href":"https:\/\/www.invarena.cz\/index.php?rest_route=\/wp\/v2\/posts"}],"about":[{"href":"https:\/\/www.invarena.cz\/index.php?rest_route=\/wp\/v2\/types\/post"}],"author":[{"embeddable":true,"href":"https:\/\/www.invarena.cz\/index.php?rest_route=\/wp\/v2\/users\/1"}],"replies":[{"embeddable":true,"href":"https:\/\/www.invarena.cz\/index.php?rest_route=%2Fwp%2Fv2%2Fcomments&post=14984"}],"version-history":[{"count":0,"href":"https:\/\/www.invarena.cz\/index.php?rest_route=\/wp\/v2\/posts\/14984\/revisions"}],"wp:featuredmedia":[{"embeddable":true,"href":"https:\/\/www.invarena.cz\/index.php?rest_route=\/wp\/v2\/media\/1346"}],"wp:attachment":[{"href":"https:\/\/www.invarena.cz\/index.php?rest_route=%2Fwp%2Fv2%2Fmedia&parent=14984"}],"wp:term":[{"taxonomy":"category","embeddable":true,"href":"https:\/\/www.invarena.cz\/index.php?rest_route=%2Fwp%2Fv2%2Fcategories&post=14984"},{"taxonomy":"post_tag","embeddable":true,"href":"https:\/\/www.invarena.cz\/index.php?rest_route=%2Fwp%2Fv2%2Ftags&post=14984"}],"curies":[{"name":"wp","href":"https:\/\/api.w.org\/{rel}","templated":true}]}}