{"id":14990,"date":"2014-03-01T09:37:41","date_gmt":"2014-03-01T08:37:41","guid":{"rendered":"http:\/\/www.invarena.cz\/?p=14990"},"modified":"2014-03-01T09:46:46","modified_gmt":"2014-03-01T08:46:46","slug":"rozhovor-o-zarizeni-pro-handicapovane-bezdomovce","status":"publish","type":"post","link":"https:\/\/www.invarena.cz\/?p=14990","title":{"rendered":"Rozhovor o za\u0159\u00edzen\u00ed pro handicapovan\u00e9 bezdomovce"},"content":{"rendered":"<p><strong> Hostem Ud\u00e1lost\u00ed v regionech \u010cT byl Martin \u0160t\u011bp\u00e1nek, n\u00e1m\u011bstek prim\u00e1tora m\u011bsta Ostravy, kter\u00fd poskytl rozhovor o ojedin\u011bl\u00e9m za\u0159\u00edzen\u00ed pro handicapovan\u00e9 bezdomovce.<\/strong><!--more--><\/p>\n<p><strong>Pane n\u00e1m\u011bstku, odkud p\u0159ich\u00e1zej\u00ed zdravotn\u011b posti\u017een\u00ed bezdomovci pr\u00e1v\u011b do P\u0159\u00edstavu II? Vyhled\u00e1v\u00e1te je nebo p\u0159ich\u00e1zej\u00ed sami?<\/strong><\/p>\n<p>My dlouhodob\u011b spolupracujeme s neziskov\u00fdmi organizacemi, kter\u00e9 prov\u00e1d\u011bj\u00ed\u00a0 ter\u00e9nn\u00ed pr\u00e1ce a pr\u00e1v\u011b z jejich hl\u00e1\u0161en\u00ed jsme zjistili p\u0159ed n\u011bjakou dobou, \u017ee se postupn\u011b zvy\u0161uje po\u010det osob, kter\u00e9 pot\u0159ebuj\u00ed zv\u00fd\u0161enou zdravotnickou pomoc. Proto jsme se rozhodli vybudovat tento P\u0159\u00edstav II, kter\u00fd by se specializoval na tyto osoby. Tak\u017ee nej\u010dast\u011bji klienti p\u0159ich\u00e1z\u00ed pr\u00e1v\u011b p\u0159es neziskov\u00e9 organizace, ale postupn\u011b, jak roste pov\u011bdom\u00ed o tomto za\u0159\u00edzen\u00ed, tak se n\u011bkte\u0159\u00ed hl\u00e1s\u00ed i sami.<\/p>\n<p><strong>\u0158\u00edk\u00e1te, \u017ee jich p\u0159ib\u00fdv\u00e1. M\u00e1te p\u0159ehled, kolik zdravotn\u011b posti\u017een\u00fdch bezdomovc\u016f v\u016fbec je? Kolik jich pot\u0159ebuje pomoc?<\/strong><\/p>\n<p>Prov\u00e1d\u00edme ter\u00e9nn\u00ed \u0161et\u0159en\u00ed, ale samoz\u0159ejm\u011b je to v\u017edycky odhad. My to dneska odhadujeme n\u011bkde mezi zhruba 100 a\u017e 200 osobami, kter\u00e9 by takovou pomoc pot\u0159ebovaly. Byli jsme prvn\u00edm takov\u00fdm za\u0159\u00edzen\u00edm v \u010cesk\u00e9 republice, kter\u00e9 tuto specializovanou zv\u00fd\u0161enou pomoc uvedlo do praxe. A dneska vyhodnocujeme dopad tohoto opat\u0159en\u00ed na ter\u00e9nn\u00ed slu\u017eby.<\/p>\n<p><strong>Ti, co u\u017e se dostali do P\u0159\u00edstavu II, jak dlouho tam mohou \u017e\u00edt?<\/strong><\/p>\n<p>Tak pokud budou pot\u0159ebovat tu p\u00e9\u010di, tak nen\u00ed limitovan\u00e1. Mohou tam z\u016fstat, jak dlouho budou cht\u00edt. U t\u011bch, kte\u0159\u00ed se zdravotn\u00ed stav zlep\u0161\u00ed, mohou potom \u017e\u00e1dat o um\u00edst\u011bn\u00ed v klasick\u00fdch soci\u00e1ln\u00edch za\u0159\u00edzen\u00ed, jako jsou t\u0159eba domovy pro seniory, azylov\u00e9 domy a podobn\u011b.<\/p>\n<p><strong>No a \u0159ekn\u011bte, pro\u010d vlastn\u011b ty bezdomovce nep\u0159ij\u00edmaj\u00ed t\u0159eba domovy pro seniory. V \u010dem je nejv\u011bt\u0161\u00ed v\u00fdhoda pr\u00e1v\u011b toho za\u0159\u00edzen\u00ed, o kter\u00e9m se bav\u00edme?<\/strong><\/p>\n<p>Pro ty klasick\u00e9 soci\u00e1ln\u00ed za\u0159\u00edzen\u00ed je v\u017edycky velmi problematick\u00e9 speci\u00e1ln\u011b se starat o n\u011bkter\u00e9 klienty, kter\u00fd maj\u00ed zdravotn\u00ed pot\u00ed\u017ee a nem\u016f\u017eou jim poskytovat dostate\u010dnou p\u00e9\u010di. Proto jsme si \u0159ekli, \u017ee bude lep\u0161\u00ed je soust\u0159edit na jedno m\u00edsto, kde ud\u011bl\u00e1me speci\u00e1ln\u00ed slu\u017eby, bude tam speci\u00e1ln\u011b vytvo\u0159en\u00fd person\u00e1l a ten se o n\u011b mnohem l\u00e9pe postar\u00e1 ne\u017e v t\u011bch klasick\u00fdch slu\u017eb\u00e1ch.<\/p>\n<p><strong>\u0158\u00edk\u00e1 Martin \u0160t\u011bp\u00e1nek, n\u00e1m\u011bstek ostravsk\u00e9ho prim\u00e1tora. D\u011bkuji.<\/strong><\/p>\n","protected":false},"excerpt":{"rendered":"<div class=\"mh-excerpt\"><p>Hostem Ud\u00e1lost\u00ed v regionech \u010cT byl Martin \u0160t\u011bp\u00e1nek, n\u00e1m\u011bstek prim\u00e1tora m\u011bsta Ostravy, kter\u00fd poskytl rozhovor o ojedin\u011bl\u00e9m za\u0159\u00edzen\u00ed pro handicapovan\u00e9 bezdomovce.<\/p>\n<\/div>","protected":false},"author":1,"featured_media":5657,"comment_status":"open","ping_status":"closed","sticky":false,"template":"","format":"standard","meta":{"footnotes":""},"categories":[12],"tags":[],"class_list":["post-14990","post","type-post","status-publish","format-standard","has-post-thumbnail","hentry","category-rozhovory"],"_links":{"self":[{"href":"https:\/\/www.invarena.cz\/index.php?rest_route=\/wp\/v2\/posts\/14990","targetHints":{"allow":["GET"]}}],"collection":[{"href":"https:\/\/www.invarena.cz\/index.php?rest_route=\/wp\/v2\/posts"}],"about":[{"href":"https:\/\/www.invarena.cz\/index.php?rest_route=\/wp\/v2\/types\/post"}],"author":[{"embeddable":true,"href":"https:\/\/www.invarena.cz\/index.php?rest_route=\/wp\/v2\/users\/1"}],"replies":[{"embeddable":true,"href":"https:\/\/www.invarena.cz\/index.php?rest_route=%2Fwp%2Fv2%2Fcomments&post=14990"}],"version-history":[{"count":0,"href":"https:\/\/www.invarena.cz\/index.php?rest_route=\/wp\/v2\/posts\/14990\/revisions"}],"wp:featuredmedia":[{"embeddable":true,"href":"https:\/\/www.invarena.cz\/index.php?rest_route=\/wp\/v2\/media\/5657"}],"wp:attachment":[{"href":"https:\/\/www.invarena.cz\/index.php?rest_route=%2Fwp%2Fv2%2Fmedia&parent=14990"}],"wp:term":[{"taxonomy":"category","embeddable":true,"href":"https:\/\/www.invarena.cz\/index.php?rest_route=%2Fwp%2Fv2%2Fcategories&post=14990"},{"taxonomy":"post_tag","embeddable":true,"href":"https:\/\/www.invarena.cz\/index.php?rest_route=%2Fwp%2Fv2%2Ftags&post=14990"}],"curies":[{"name":"wp","href":"https:\/\/api.w.org\/{rel}","templated":true}]}}