{"id":14994,"date":"2014-03-01T09:44:03","date_gmt":"2014-03-01T08:44:03","guid":{"rendered":"http:\/\/www.invarena.cz\/?p=14994"},"modified":"2014-03-01T09:46:04","modified_gmt":"2014-03-01T08:46:04","slug":"jedine-zarizeni-pro-postizene-bezdomovce-v-cesku","status":"publish","type":"post","link":"https:\/\/www.invarena.cz\/?p=14994","title":{"rendered":"Jedin\u00e9 za\u0159\u00edzen\u00ed pro posti\u017een\u00e9 bezdomovce v \u010cesku"},"content":{"rendered":"<p><strong>Unik\u00e1tn\u00ed za\u0159\u00edzen\u00ed pro handicapovan\u00e9 lidi bez st\u0159echy nad hlavou v Ostrav\u011b m\u00e1 za sebou prvn\u00ed rok fungov\u00e1n\u00ed. Jmenuje se P\u0159\u00edstav II a je zcela obsazen. Z\u00e1jem o n\u011bj je obrovsk\u00fd..<!--more--><\/strong><\/p>\n<p>&nbsp;<\/p>\n<p>Jeho provozovatel Arm\u00e1da sp\u00e1sy mus\u00ed odm\u00edtat des\u00edtky z\u00e1jemc\u016f. Podobn\u00e9 za\u0159\u00edzen\u00ed v \u010cesk\u00e9 republice zat\u00edm neexistuje.<\/p>\n<p><em><strong>report\u00e1\u017e Ud\u00e1lost\u00ed v regionech\u00a0\u010cesk\u00e1 televize<\/strong><\/em><\/p>\n<p>Na voz\u00edk je upoutal jejich pobyt na ulici. Janu Havelkovi p\u0159ed 2 lety umrzly nohy. Ob\u011b m\u00e1 amputovan\u00e9.<\/p>\n<p>Jan HAVELKA, klient Domova P\u0159\u00edstav II: Byl jsem na \u017e\u00e1dnej autobus.<\/p>\n<p>O nohy p\u0159i\u0161el i Zden\u011bk Burian.<\/p>\n<p>Zden\u011bk BURIAN, klient Domova P\u0159\u00edstav II: Mn\u011b se to stalo p\u0159edloni, nohy mi uho\u0159ely, tak\u017ee &#8230;<\/p>\n<p>Tak\u00e9 Marie Ry\u0161kov\u00e1 skon\u010dila na voz\u00edku. Spadla a p\u0159estalo ji slou\u017eit koleno. I ona z\u016fstala se sv\u00fdm partnerem v zim\u011b bez st\u0159echy nad hlavou.<\/p>\n<p>Marie RY\u0160KOV\u00c1, klientka Domova P\u0159\u00edstav II: No tak jsme pendlovali po hospod\u00e1ch, restaurac\u00edch, m\u00e1lo sice pen\u011bz, tak jsme si tam dali kafe, sem tam \u010daj.<\/p>\n<p>Jaroslav KAIMER, pracovn\u00edk v p\u0159\u00edm\u00e9 p\u00e9\u010di:<br \/>\nJsou to lidi, kter\u00fdch se t\u0159eba rodina z\u0159ekla nebo tak, \u017ee tyto lidi z\u016fstali \u00fapln\u011b sami. A tady vlastn\u011b navazujou nov\u00e9 p\u0159\u00e1telstv\u00ed. Je to takov\u00e1 forma pomoci pro lidi, kte\u0159\u00ed si u\u017e v norm\u00e1ln\u00edm \u017eivot\u011b neporad\u00ed.<\/p>\n<p>Za\u0159\u00edzen\u00ed je bezbari\u00e9rov\u00e9 a o 29 klient\u016f se star\u00e1 17 pracovn\u00edk\u016f. Z\u00e1jem o pobyt je obrovsk\u00fd.<\/p>\n<p>Emilie RA\u0160KOV\u00c1, klientka Domova P\u0159\u00edstav II: M\u00e1m se tu velice dob\u0159e, jsem tady rok a nem\u016f\u017eu si na nic st\u011b\u017eovat.<\/p>\n<p>Jan VINCENC, \u0159editel, Domov P\u0159\u00edstav II: Samoz\u0159ejm\u011b p\u0159evis t\u011bch \u017e\u00e1dost\u00ed tady je. V minul\u00e9m roce jsme evidovali vlastn\u011b 91 \u017e\u00e1dost\u00ed, kter\u00e9 jsme z kapacitn\u00edch d\u016fvod\u016f nemohli uspokojit.<\/p>\n<p>Tom\u00e1\u0161 SUROVKA, oblastn\u00ed \u0159editel, Arm\u00e1da sp\u00e1sy \u010cR: M\u00e1me i zku\u0161enosti, \u017ee lid\u00e9 odsud odch\u00e1z\u00ed t\u0159eba i do klasick\u00fdch domov\u016f pro seniory, proto\u017ee v podstat\u011b si jakoby vy\u010dist\u00ed tu, tu svoji minulost a zjist\u00ed se, \u017ee v podstat\u011b to je \u010dlov\u011bk jako kter\u00fdkoli jin\u00fd.<\/p>\n<p>Podobn\u00e9 domovy p\u0159ipravuj\u00ed i dal\u0161\u00ed m\u011bsta v \u010cesk\u00e9 republice. Projekty vznikaj\u00ed ve Fr\u00fddku-M\u00edstku a v \u0160umperku.<\/p>\n<p><em>ilustra\u010dn\u00ed foto: PhotoRack<\/em><\/p>\n","protected":false},"excerpt":{"rendered":"<div class=\"mh-excerpt\"><p>Unik\u00e1tn\u00ed za\u0159\u00edzen\u00ed pro handicapovan\u00e9 lidi bez st\u0159echy nad hlavou v Ostrav\u011b m\u00e1 za sebou prvn\u00ed rok fungov\u00e1n\u00ed. Jmenuje se P\u0159\u00edstav II a je zcela obsazen. <a class=\"mh-excerpt-more\" href=\"https:\/\/www.invarena.cz\/?p=14994\" title=\"Jedin\u00e9 za\u0159\u00edzen\u00ed pro posti\u017een\u00e9 bezdomovce v \u010cesku\">[&#8230;]<\/a><\/p>\n<\/div>","protected":false},"author":1,"featured_media":14575,"comment_status":"open","ping_status":"closed","sticky":false,"template":"","format":"standard","meta":{"footnotes":""},"categories":[7],"tags":[],"class_list":["post-14994","post","type-post","status-publish","format-standard","has-post-thumbnail","hentry","category-spolecnost"],"_links":{"self":[{"href":"https:\/\/www.invarena.cz\/index.php?rest_route=\/wp\/v2\/posts\/14994","targetHints":{"allow":["GET"]}}],"collection":[{"href":"https:\/\/www.invarena.cz\/index.php?rest_route=\/wp\/v2\/posts"}],"about":[{"href":"https:\/\/www.invarena.cz\/index.php?rest_route=\/wp\/v2\/types\/post"}],"author":[{"embeddable":true,"href":"https:\/\/www.invarena.cz\/index.php?rest_route=\/wp\/v2\/users\/1"}],"replies":[{"embeddable":true,"href":"https:\/\/www.invarena.cz\/index.php?rest_route=%2Fwp%2Fv2%2Fcomments&post=14994"}],"version-history":[{"count":0,"href":"https:\/\/www.invarena.cz\/index.php?rest_route=\/wp\/v2\/posts\/14994\/revisions"}],"wp:featuredmedia":[{"embeddable":true,"href":"https:\/\/www.invarena.cz\/index.php?rest_route=\/wp\/v2\/media\/14575"}],"wp:attachment":[{"href":"https:\/\/www.invarena.cz\/index.php?rest_route=%2Fwp%2Fv2%2Fmedia&parent=14994"}],"wp:term":[{"taxonomy":"category","embeddable":true,"href":"https:\/\/www.invarena.cz\/index.php?rest_route=%2Fwp%2Fv2%2Fcategories&post=14994"},{"taxonomy":"post_tag","embeddable":true,"href":"https:\/\/www.invarena.cz\/index.php?rest_route=%2Fwp%2Fv2%2Ftags&post=14994"}],"curies":[{"name":"wp","href":"https:\/\/api.w.org\/{rel}","templated":true}]}}