{"id":14997,"date":"2014-03-01T09:15:07","date_gmt":"2014-03-01T08:15:07","guid":{"rendered":"http:\/\/www.invarena.cz\/?p=14997"},"modified":"2014-03-01T09:15:07","modified_gmt":"2014-03-01T08:15:07","slug":"spolecnost-snad-povazuje-hendikepovane-za-svate","status":"publish","type":"post","link":"https:\/\/www.invarena.cz\/?p=14997","title":{"rendered":"&#8222;Spole\u010dnost snad pova\u017euje hendikepovan\u00e9 za svat\u00e9&#8220;"},"content":{"rendered":"<p><strong>\u00a0Nemaj\u00ed svatoz\u00e1\u0159 p\u0159edplacenou, \u0159\u00edk\u00e1 o lidech na voz\u00edku i za voz\u00edkem Petra Lhotsk\u00e1 z Ostravy.<!--more--><\/strong><\/p>\n<p>&nbsp;<\/p>\n<p>Kdy\u017e se Veronika Lhotsk\u00e1 narodila, v\u00e1\u017eila 2,6 kilogramu. V roce 1992 to byla hrani\u010dn\u00ed v\u00e1ha pro um\u00edst\u011bn\u00ed do inkub\u00e1toru. Kdyby ale nebyla p\u0159ed\u010dasn\u011b o\u010dkovan\u00e1, vyrostla by z n\u00ed stejn\u011b zdatn\u00e1 holka, jako ka\u017ed\u00e1 jin\u00e1. &#8222;To o\u010dkov\u00e1n\u00ed, co v\u00edm, je st\u00e1le stejn\u00e9. Probl\u00e9m nen\u00ed p\u0159\u00edmo v n\u011bm,&#8220; vysv\u011btluje Ver\u010dina usm\u011bvav\u00e1 a energick\u00e1 maminka Petra Lhotsk\u00e1.<\/p>\n<p>P\u0159ed\u010dasn\u011b podan\u00e9 o\u010dkov\u00e1n\u00ed do oslaben\u00e9ho organismu miminka vyvolalo epilepsii. N\u00e1sledkem bylo fyzick\u00e9 i ment\u00e1ln\u00ed posti\u017een\u00ed. &#8222;Jsem Jakub Fatalista. Z ni\u010deho nikoho nevin\u00edm,&#8220; \u0159\u00edk\u00e1 Petra.<\/p>\n<p>Soudit se ji ani nenapadlo. &#8222;Byla jsem prvorodi\u010dka, co mi \u0159ekl l\u00e9ka\u0159, to bylo svat\u00e9,&#8220; dod\u00e1v\u00e1. Nav\u00edc vr\u00e1tit \u010das zp\u00e1tky nelze. A za t\u011bch dvacet let, co s Ver\u010dou putuj\u00ed od doktora k doktorovi, potkaly nepom\u011brn\u011b v\u00edce skv\u011bl\u00fdch l\u00e9ka\u0159\u016f, ne\u017e t\u011bch \u0161patn\u00fdch.<\/p>\n<p>&#8222;Hlavou se mi honily ot\u00e1zky typu: Co jsem ud\u011blala \u0161patn\u011b?&#8220; p\u0159izn\u00e1v\u00e1 absolventka ostravsk\u00e9 konzervato\u0159e, kter\u00e1 p\u0159ed narozen\u00edm dcery hr\u00e1la v \u010deskot\u011b\u0161\u00ednsk\u00e9m divadle, a kdy\u017e bylo mal\u00e9 Ver\u010di l\u00e9pe, pracovala i v ostravsk\u00e9m Divadle Petra Bezru\u010de.<\/p>\n<p>&#8222;Jsou to ale hloup\u00e9 ot\u00e1zky. V\u0161echno se d\u011bje z n\u011bjak\u00e9ho d\u016fvodu. Za v\u011b\u0159\u00edc\u00ed se pova\u017euju, ale jaksi intimn\u011b. Instituce mi moc nesed\u00ed. Nejv\u00edce odvahy a s\u00edly mi dod\u00e1v\u00e1 Ver\u010da samotn\u00e1. A douf\u00e1m, \u017ee j\u00ed to dostate\u010dn\u011b opl\u00e1c\u00edm,&#8220; sm\u011bje se Petra Lhotsk\u00e1 a vypr\u00e1v\u00ed, jak si d\u00edky sv\u00e9 nest\u00e1rnouc\u00ed dce\u0159i p\u0159ipad\u00e1 mnohem mlad\u0161\u00ed.<\/p>\n<p>Kdy\u017e bylo Ver\u010di osm let, rozhodla se maminka s herectv\u00edm, svou prac\u00ed a kon\u00ed\u010dkem v jednom, skon\u010dit, aby mohla b\u00fdt d\u011bv\u010deti neust\u00e1le nabl\u00edzku.<\/p>\n<p>&#8222;Pot\u0159ebujete nejl\u00e9pe t\u0159i p\u00e1ry po\u0159\u00e1d otev\u0159en\u00fdch o\u010d\u00ed,&#8220; popisuje p\u00e9\u010di o hendikepovan\u00e9 d\u00edt\u011b. Krom\u011b rodi\u010d\u016f, sestry a kamar\u00e1d\u016f, kte\u0159\u00ed j\u00ed s Ver\u010dou pomohli nebo st\u00e1le pom\u00e1haj\u00ed, vzpom\u00edn\u00e1 Petra tak\u00e9 kop\u0159ivnickou \u0161kolu Mot\u00fdlek.<\/p>\n<p>&#8222;Je to na\u0161e druh\u00e1 rodina. Neb\u00fdt jich, Ver\u010da by byla polovi\u010dn\u00ed,&#8220; chv\u00e1l\u00ed u\u010ditele speci\u00e1ln\u00ed \u0161koly a lituje, \u017ee z n\u00ed, kv\u016fli dce\u0159in\u011b v\u011bku, mus\u00ed tento rok odej\u00edt.<\/p>\n<p>Pot\u00e9, co se Petra Lhotsk\u00e1 rozhodla vydat CD Slune\u010dnice, odpov\u00eddala na ot\u00e1zky nejednoho m\u00e9dia. Rodil\u00e1 Ostrava\u010dka, kter\u00e1 s hlukem m\u011bstsk\u00e9 hromadn\u00e9 dopravy pod okny odmala us\u00ednala, m\u00e1 pocit, \u017ee m\u00e9dia a v\u016fbec cel\u00e1 spole\u010dnost pova\u017euje hendikepovan\u00e9 a jejich opatrovatele za svat\u00e9.<\/p>\n<p>&#8222;Svatoz\u00e1\u0159 apriori ale nemaj\u00ed lid\u00e9, kte\u0159\u00ed tla\u010d\u00ed voz\u00edk, ani ti, kte\u0159\u00ed na n\u011bm sed\u00ed. A my s Ver\u010dou tuhle pravdu v\u0161ude, kde m\u016f\u017eeme, p\u0159ipom\u00edn\u00e1me,&#8220; usm\u00edv\u00e1 se.<\/p>\n<p>Kdy\u017e se s t\u0159\u00edletou dcerou p\u0159est\u011bhovala do star\u00e9ho domu po prarodi\u010d\u00edch na vesnici, byla v \u0161oku z ticha, minima kultury i lid\u00ed. Dnes je to naopak.<\/p>\n<p>&#8222;Jak\u00e9koliv v\u011bt\u0161\u00ed m\u011bsto m\u011b roz\u010diluje,&#8220; popisuje. \u0158e\u010deno jej\u00ed terminologi\u00ed, n\u011bco z m\u011bstsk\u00e9 a hereck\u00e9 extravagantnosti \u201aPetry p\u0159ed Veronikou\u2018 st\u00e1le ale v \u201aPet\u0159e s Veronikou\u2018 z\u016fstalo. Ned\u011bl\u00e1 j\u00ed probl\u00e9m se p\u0159iznat ke sv\u00fdm slab\u00fdm chvilk\u00e1m a chyb\u00e1m.<\/p>\n<p>&#8222;Za\u0159\u00edd\u00edm pro Ver\u010du hl\u00edd\u00e1n\u00ed a odjedu se vybre\u010det. Kdy\u017e se vr\u00e1t\u00edm, obvykle se stane n\u011bco kr\u00e1sn\u00e9ho a j\u00e1 si v duchu nad\u00e1v\u00e1m a sama sebe se pt\u00e1m, pro\u010d jsem tak vyv\u00e1d\u011bla,&#8220; vypr\u00e1v\u00ed Petra Lhotsk\u00e1.<\/p>\n","protected":false},"excerpt":{"rendered":"<div class=\"mh-excerpt\"><p>\u00a0Nemaj\u00ed svatoz\u00e1\u0159 p\u0159edplacenou, \u0159\u00edk\u00e1 o lidech na voz\u00edku i za voz\u00edkem Petra Lhotsk\u00e1 z Ostravy.<\/p>\n<\/div>","protected":false},"author":1,"featured_media":4060,"comment_status":"open","ping_status":"closed","sticky":false,"template":"","format":"standard","meta":{"footnotes":""},"categories":[7],"tags":[],"class_list":["post-14997","post","type-post","status-publish","format-standard","has-post-thumbnail","hentry","category-spolecnost"],"_links":{"self":[{"href":"https:\/\/www.invarena.cz\/index.php?rest_route=\/wp\/v2\/posts\/14997","targetHints":{"allow":["GET"]}}],"collection":[{"href":"https:\/\/www.invarena.cz\/index.php?rest_route=\/wp\/v2\/posts"}],"about":[{"href":"https:\/\/www.invarena.cz\/index.php?rest_route=\/wp\/v2\/types\/post"}],"author":[{"embeddable":true,"href":"https:\/\/www.invarena.cz\/index.php?rest_route=\/wp\/v2\/users\/1"}],"replies":[{"embeddable":true,"href":"https:\/\/www.invarena.cz\/index.php?rest_route=%2Fwp%2Fv2%2Fcomments&post=14997"}],"version-history":[{"count":0,"href":"https:\/\/www.invarena.cz\/index.php?rest_route=\/wp\/v2\/posts\/14997\/revisions"}],"wp:featuredmedia":[{"embeddable":true,"href":"https:\/\/www.invarena.cz\/index.php?rest_route=\/wp\/v2\/media\/4060"}],"wp:attachment":[{"href":"https:\/\/www.invarena.cz\/index.php?rest_route=%2Fwp%2Fv2%2Fmedia&parent=14997"}],"wp:term":[{"taxonomy":"category","embeddable":true,"href":"https:\/\/www.invarena.cz\/index.php?rest_route=%2Fwp%2Fv2%2Fcategories&post=14997"},{"taxonomy":"post_tag","embeddable":true,"href":"https:\/\/www.invarena.cz\/index.php?rest_route=%2Fwp%2Fv2%2Ftags&post=14997"}],"curies":[{"name":"wp","href":"https:\/\/api.w.org\/{rel}","templated":true}]}}