{"id":15002,"date":"2014-03-01T19:43:47","date_gmt":"2014-03-01T18:43:47","guid":{"rendered":"http:\/\/www.invarena.cz\/?p=15002"},"modified":"2014-03-01T19:43:47","modified_gmt":"2014-03-01T18:43:47","slug":"pacienti-s-nemoci-motylich-kridel-jiz-nemusi-resit-velikost-naplasti","status":"publish","type":"post","link":"https:\/\/www.invarena.cz\/?p=15002","title":{"rendered":"Pacienti s nemoc\u00ed mot\u00fdl\u00edch k\u0159\u00eddel ji\u017e nemus\u00ed \u0159e\u0161it velikost n\u00e1plasti"},"content":{"rendered":"<p><strong>Pacienti s nemoc\u00ed mot\u00fdl\u00edch k\u0159\u00eddel u\u017e p\u0159es rok nemus\u00ed \u0159e\u0161it, jak velkou n\u00e1plast na ochranu citliv\u00e9 poko\u017eky pou\u017eij\u00ed. A to p\u0159esto, \u017ee ze z\u00e1kona maj\u00ed n\u00e1rok jen na malou n\u00e1plast.<!--more--><\/strong><\/p>\n<p>Zdravotn\u00ed poji\u0161\u0165ovny jim toti\u017e vy\u0161ly vst\u0159\u00edc a n\u00e1plasti jim r\u016fznou formou zp\u0159\u00edstupnily.<\/p>\n<p>Platn\u00fd z\u00e1kon stanov\u00ed, \u017ee pacienti maj\u00ed n\u00e1rok jen na mal\u00e9 n\u00e1plasti, kter\u00e9 ale velk\u00e9 plochy posti\u017een\u00e9 k\u016f\u017ee dostate\u010dn\u011b nepokryj\u00ed.<\/p>\n<p>Mluv\u010d\u00ed VZP Old\u0159ich Tich\u00fd sd\u011blil, \u017ee zavedli speci\u00e1ln\u00ed k\u00f3d, kter\u00fd umo\u017e\u0148uje, aby l\u00e9ka\u0159i psali t\u011bmto pacient\u016fm n\u00e1plasti bez omezen\u00ed, tedy i velkoform\u00e1tov\u00e9.<\/p>\n<p>Mluv\u010d\u00ed nejv\u011bt\u0161\u00ed zam\u011bstnaneck\u00e9 Zdravotn\u00ed poji\u0161\u0165ovny ministerstva vnitra Hana Kade\u010dkov\u00e1 \u0159ekla, \u017ee tak\u00e9 k jejich poji\u0161t\u011bnc\u016fm se pot\u0159ebn\u00e9 velkoform\u00e1tov\u00e9 n\u00e1plasti dostanou, schvaluje je pro n\u011b revizn\u00ed l\u00e9ka\u0159.<\/p>\n<p>Ne\u017e poji\u0161\u0165ovny u\u010dinily tento vst\u0159\u00edcn\u00fd krok, platil ka\u017ed\u00fd pacient za o\u0161et\u0159ovac\u00ed materi\u00e1l m\u011bs\u00ed\u010dn\u011b deset a\u017e patn\u00e1ct tis\u00edc korun. Materi\u00e1l od lo\u0148ska p\u0159edepisuje specializovan\u00e9 brn\u011bnsk\u00e9 centrum, osv\u011btu o nemoci pro ve\u0159ejnost a pomoc pacient\u016fm poskytuje ob\u010dansk\u00e9 sdru\u017een\u00ed Debra.<\/p>\n<p>Tich\u00fd up\u0159esnil, \u017ee v roce 2012 m\u011bla VZP 93 t\u011bchto pacient\u016f, loni 94. Meziro\u010dn\u011b je to pokles o jedno procento. Celkov\u00e9 n\u00e1klady na pacienty s nemoc\u00ed mot\u00fdl\u00edch k\u0159\u00eddel loni \u010dinily 5,563 milionu korun, p\u0159edloni 3,512 milionu &#8211; stouply tak v posledn\u00edm roce o 58,4 procenta.<\/p>\n<p>Pr\u016fm\u011brn\u00e9 n\u00e1klady na jednoho pacienta s nemoc\u00ed mot\u00fdl\u00edch k\u0159\u00eddel loni byly 59.816 korun, rok p\u0159edt\u00edm 37.359 korun. Pr\u016fm\u011brn\u00e9 n\u00e1klady tak stouply meziro\u010dn\u011b o 22.457 korun, o 60 procent. N\u00e1r\u016fst ovlivnilo to, \u017ee dost\u00e1vali v\u011bt\u0161\u00ed n\u00e1plasti.<\/p>\n<p>T\u00edmto puch\u00fd\u0159nat\u00fdm d\u011bdi\u010dn\u00fdm onemocn\u011bn\u00edm k\u016f\u017ee trp\u00ed v \u010cR kolem dvou stovek lid\u00ed.<\/p>\n<p>Jde o vz\u00e1cn\u00e9 onemocn\u011bn\u00ed, proto\u017ee j\u00edm trp\u00ed m\u00e9n\u011b ne\u017e p\u011bt pacient\u016f na 10.000 obyvatel. Posledn\u00ed \u00fanorov\u00fd den tradi\u010dn\u011b p\u0159ipom\u00edn\u00e1 osudy t\u011bchto pacient\u016f.<\/p>\n<p>Nemoc mot\u00fdl\u00edch k\u0159\u00eddel nelze vyl\u00e9\u010dit, vysoce specializovan\u00e1 l\u00e9ka\u0159sk\u00e1 p\u00e9\u010de v\u0161ak pom\u00e1h\u00e1 \u017eivot nemocn\u00fdch v\u00fdrazn\u011b zkvalit\u0148ovat.<\/p>\n","protected":false},"excerpt":{"rendered":"<div class=\"mh-excerpt\"><p>Pacienti s nemoc\u00ed mot\u00fdl\u00edch k\u0159\u00eddel u\u017e p\u0159es rok nemus\u00ed \u0159e\u0161it, jak velkou n\u00e1plast na ochranu citliv\u00e9 poko\u017eky pou\u017eij\u00ed. A to p\u0159esto, \u017ee ze z\u00e1kona maj\u00ed <a class=\"mh-excerpt-more\" href=\"https:\/\/www.invarena.cz\/?p=15002\" title=\"Pacienti s nemoc\u00ed mot\u00fdl\u00edch k\u0159\u00eddel ji\u017e nemus\u00ed \u0159e\u0161it velikost n\u00e1plasti\">[&#8230;]<\/a><\/p>\n<\/div>","protected":false},"author":1,"featured_media":14151,"comment_status":"open","ping_status":"closed","sticky":false,"template":"","format":"standard","meta":{"footnotes":""},"categories":[11],"tags":[],"class_list":["post-15002","post","type-post","status-publish","format-standard","has-post-thumbnail","hentry","category-zdravi"],"_links":{"self":[{"href":"https:\/\/www.invarena.cz\/index.php?rest_route=\/wp\/v2\/posts\/15002","targetHints":{"allow":["GET"]}}],"collection":[{"href":"https:\/\/www.invarena.cz\/index.php?rest_route=\/wp\/v2\/posts"}],"about":[{"href":"https:\/\/www.invarena.cz\/index.php?rest_route=\/wp\/v2\/types\/post"}],"author":[{"embeddable":true,"href":"https:\/\/www.invarena.cz\/index.php?rest_route=\/wp\/v2\/users\/1"}],"replies":[{"embeddable":true,"href":"https:\/\/www.invarena.cz\/index.php?rest_route=%2Fwp%2Fv2%2Fcomments&post=15002"}],"version-history":[{"count":0,"href":"https:\/\/www.invarena.cz\/index.php?rest_route=\/wp\/v2\/posts\/15002\/revisions"}],"wp:featuredmedia":[{"embeddable":true,"href":"https:\/\/www.invarena.cz\/index.php?rest_route=\/wp\/v2\/media\/14151"}],"wp:attachment":[{"href":"https:\/\/www.invarena.cz\/index.php?rest_route=%2Fwp%2Fv2%2Fmedia&parent=15002"}],"wp:term":[{"taxonomy":"category","embeddable":true,"href":"https:\/\/www.invarena.cz\/index.php?rest_route=%2Fwp%2Fv2%2Fcategories&post=15002"},{"taxonomy":"post_tag","embeddable":true,"href":"https:\/\/www.invarena.cz\/index.php?rest_route=%2Fwp%2Fv2%2Ftags&post=15002"}],"curies":[{"name":"wp","href":"https:\/\/api.w.org\/{rel}","templated":true}]}}