{"id":15010,"date":"2014-03-03T12:13:32","date_gmt":"2014-03-03T11:13:32","guid":{"rendered":"http:\/\/www.invarena.cz\/?p=15010"},"modified":"2014-03-03T12:13:32","modified_gmt":"2014-03-03T11:13:32","slug":"ma-narok-na-auto-clovek-se-stredne-tezkou-mentalni-retardaci","status":"publish","type":"post","link":"https:\/\/www.invarena.cz\/?p=15010","title":{"rendered":"M\u00e1 n\u00e1rok na auto \u010dlov\u011bk se st\u0159edn\u011b t\u011b\u017ekou ment\u00e1ln\u00ed retardac\u00ed?"},"content":{"rendered":"<p><strong>M\u00e1 n\u00e1rok na p\u0159\u00edsp\u011bvek na auto syn (30 let) se st\u0159edn\u011b t\u011b\u017ekou retardac\u00ed, jen\u017e je zbaven pr\u00e1vn\u00ed zp\u016fsobilosti? Odpov\u011b\u010f se do\u010dtete v \u010dl\u00e1nku&#8230;<\/strong><\/p>\n<p><!--more--><br \/>\n\u010cist\u011b z pr\u00e1vn\u00edho hlediska V\u00e1\u0161 syn na p\u0159\u00edsp\u011bvek na motorov\u00e9 vozidlo n\u00e1rok nem\u00e1, proto\u017ee:<\/p>\n<p>N\u00e1rok na p\u0159\u00edsp\u011bvek na zvl\u00e1\u0161tn\u00ed pom\u016fcku poskytovan\u00fd na po\u0159\u00edzen\u00ed motorov\u00e9ho vozidla m\u00e1 osoba, kter\u00e1 m\u00e1 t\u011b\u017ekou vadu nosn\u00e9ho nebo pohybov\u00e9ho \u00fastroj\u00ed anebo t\u011b\u017ekou nebo hlubokou ment\u00e1ln\u00ed retardaci charakteru dlouhodob\u011b nep\u0159\u00edzniv\u00e9ho zdravotn\u00edho stavu, a jej\u00ed zdravotn\u00ed stav nevylu\u010duje p\u0159izn\u00e1n\u00ed tohoto p\u0159\u00edsp\u011bvku.<\/p>\n<p>V\u00e1\u0161 syn m\u00e1 \u201epouze\u201c st\u0159edn\u011b t\u011b\u017ekou ment\u00e1ln\u00ed retardaci, av\u0161ak v p\u0159\u00edloze k z\u00e1konu se p\u0159ipou\u0161t\u00ed i stavy na rozhran\u00ed t\u011b\u017ek\u00e9 ment\u00e1ln\u00ed retardace, to by mohl b\u00fdt i v\u00e1\u0161 p\u0159\u00edpad.<\/p>\n<p>Doporu\u010dil bych V\u00e1m, abyste si o p\u0159\u00edsp\u011bvek zkusili za\u017e\u00e1dat, proto\u017ee \u0159ada rozhodnut\u00ed b\u00fdv\u00e1 hrani\u010dn\u00ed a je mo\u017en\u00e9, \u017ee zrovna u Va\u0161eho syna se bude jednat o p\u0159\u00edpad, kdy se l\u00e9ka\u0159sk\u00e1 posudkov\u00e1 slu\u017eba m\u016f\u017ee p\u0159iklonit ke kladn\u00e9mu vy\u0159\u00edzen\u00ed p\u0159\u00edsp\u011bvku.<\/p>\n<p>Ji\u0159\u00ed Marek<br \/>\ninvArena<\/p>\n","protected":false},"excerpt":{"rendered":"<div class=\"mh-excerpt\"><p>M\u00e1 n\u00e1rok na p\u0159\u00edsp\u011bvek na auto syn (30 let) se st\u0159edn\u011b t\u011b\u017ekou retardac\u00ed, jen\u017e je zbaven pr\u00e1vn\u00ed zp\u016fsobilosti? Odpov\u011b\u010f se do\u010dtete v \u010dl\u00e1nku&#8230;<\/p>\n<\/div>","protected":false},"author":3,"featured_media":0,"comment_status":"open","ping_status":"closed","sticky":false,"template":"","format":"standard","meta":{"footnotes":""},"categories":[18],"tags":[],"class_list":["post-15010","post","type-post","status-publish","format-standard","hentry","category-poradna"],"_links":{"self":[{"href":"https:\/\/www.invarena.cz\/index.php?rest_route=\/wp\/v2\/posts\/15010","targetHints":{"allow":["GET"]}}],"collection":[{"href":"https:\/\/www.invarena.cz\/index.php?rest_route=\/wp\/v2\/posts"}],"about":[{"href":"https:\/\/www.invarena.cz\/index.php?rest_route=\/wp\/v2\/types\/post"}],"author":[{"embeddable":true,"href":"https:\/\/www.invarena.cz\/index.php?rest_route=\/wp\/v2\/users\/3"}],"replies":[{"embeddable":true,"href":"https:\/\/www.invarena.cz\/index.php?rest_route=%2Fwp%2Fv2%2Fcomments&post=15010"}],"version-history":[{"count":0,"href":"https:\/\/www.invarena.cz\/index.php?rest_route=\/wp\/v2\/posts\/15010\/revisions"}],"wp:attachment":[{"href":"https:\/\/www.invarena.cz\/index.php?rest_route=%2Fwp%2Fv2%2Fmedia&parent=15010"}],"wp:term":[{"taxonomy":"category","embeddable":true,"href":"https:\/\/www.invarena.cz\/index.php?rest_route=%2Fwp%2Fv2%2Fcategories&post=15010"},{"taxonomy":"post_tag","embeddable":true,"href":"https:\/\/www.invarena.cz\/index.php?rest_route=%2Fwp%2Fv2%2Ftags&post=15010"}],"curies":[{"name":"wp","href":"https:\/\/api.w.org\/{rel}","templated":true}]}}