{"id":15013,"date":"2014-03-03T21:23:01","date_gmt":"2014-03-03T20:23:01","guid":{"rendered":"http:\/\/www.invarena.cz\/?p=15013"},"modified":"2014-03-03T21:42:16","modified_gmt":"2014-03-03T20:42:16","slug":"liberecke-stredisko-pro-ranou-peci-je-na-hrane-sve-kapacity","status":"publish","type":"post","link":"https:\/\/www.invarena.cz\/?p=15013","title":{"rendered":"Libereck\u00e9 St\u0159edisko pro ranou p\u00e9\u010di se u\u017e nem\u016f\u017ee starat o v\u00edce rodin"},"content":{"rendered":"<p><strong>Libereck\u00e9 St\u0159edisko pro ranou p\u00e9\u010di, je\u017e bezplatn\u011b pom\u00e1h\u00e1 rodin\u00e1m d\u011bt\u00ed s posti\u017een\u00edm v Libereck\u00e9m, Kr\u00e1lov\u00e9hradeck\u00e9m a \u010d\u00e1sti \u00dasteck\u00e9ho kraje, je na hran\u011b sv\u00e9 kapacity.<\/strong> <!--more--><\/p>\n<p>&nbsp;<\/p>\n<p>Kv\u016fli nedostatku pen\u011bz ji ale zat\u00edm nen\u00ed schopno nav\u00fd\u0161it. Najednou m\u016f\u017ee nab\u00edzet sv\u00e9 slu\u017eby a\u017e 160 rodin\u00e1m, kapacitu by ale pot\u0159ebovalo o 20 nav\u00fd\u0161it.<\/p>\n<p>Veden\u00ed v\u0161ak nechce dopustit, aby \u017eadatel\u00e9 o jejich slu\u017eby museli \u010dekat v po\u0159adn\u00edku, ne\u017e se uvoln\u00ed m\u00edsto. &#8222;Zat\u00edm jsme to neud\u011blali a ani to nechceme, nebo\u0165 se jedn\u00e1 o rodiny s velmi mal\u00fdmi d\u011btmi t\u0159eba v t\u011b\u017ek\u00e9m zdravotn\u00edm stavu nebo rodiny s d\u011btmi s autismem, jejich\u017e situace je velmi komplikovan\u00e1,&#8220; vysv\u011btlila zakladatelka libereck\u00e9ho st\u0159ediska Alexandra Be\u010dv\u00e1\u0159ov\u00e1.<\/p>\n<p>Pot\u00ed\u017ee s kapacitou podle n\u00ed \u0159e\u0161\u00ed del\u0161\u00ed dobu. &#8222;U\u017e jsme nastavili r\u016fzn\u00e1 krit\u00e9ria a omezen\u00ed, abychom mohli slu\u017eby poskytovat v\u00edcero rodin\u00e1m,&#8220; uvedla Be\u010dv\u00e1\u0159ov\u00e1. Nap\u0159\u00edklad u\u017e s rodinami neuzav\u00edraj\u00ed smlouvy o poskytov\u00e1n\u00ed slu\u017eeb na dobu neur\u010ditou, ale jen na rok a p\u016fl.<\/p>\n<p>Ro\u010dn\u00ed rozpo\u010det obecn\u011b prosp\u011b\u0161n\u00e9 spole\u010dnosti je zhruba sedm milion\u016f korun, \u0161est milion\u016f z\u00edsk\u00e1v\u00e1 od st\u00e1tu, zbytek od kraj\u016f, m\u011bst, nadac\u00ed a sponzor\u016f. Zajistit finan\u010dn\u011b chod organizace poskytuj\u00edc\u00ed soci\u00e1ln\u00ed slu\u017eby nen\u00ed podle Be\u010dv\u00e1\u0159ov\u00e9 jednoduch\u00e9. &#8222;\u0158e\u0161\u00edme to ka\u017ed\u00fd rok. Je to boj o p\u0159e\u017eit\u00ed, neust\u00e1le sh\u00e1n\u00edme finan\u010dn\u00ed zdroje,&#8220; konstatovala.<\/p>\n<p>St\u0159edisko pro ranou p\u00e9\u010di v Liberci letos slav\u00ed 20 let od zalo\u017een\u00ed. V roce 1993 tam pracovala Be\u010dv\u00e1\u0159ov\u00e1 jako jedin\u00e1 a pom\u00e1hala jen d\u011btem se zrakov\u00fdm posti\u017een\u00edm. Dnes v neziskov\u00e9 organizaci pracuje 12 vysoko\u0161kolsky vzd\u011blan\u00fdch zam\u011bstnanc\u016f, kte\u0159\u00ed pom\u00e1haj\u00ed rodin\u00e1m d\u011bt\u00ed se zrakov\u00fdm, ment\u00e1ln\u00edm i pohybov\u00fdm posti\u017een\u00edm a rodin\u00e1m d\u011bt\u00ed s autismem.<\/p>\n<p>&#8222;Sna\u017e\u00edme se, abychom zm\u00edrnili dopad posti\u017een\u00ed na celkov\u00fd v\u00fdvoj d\u00edt\u011bte,&#8220; konstatovala Be\u010dv\u00e1\u0159ov\u00e1. V ran\u00e9m v\u011bku m\u00e1 toti\u017e mozek s\u00edlu vyvinout n\u00e1hradn\u00ed mechanismy, pokud se mu dost\u00e1v\u00e1 podn\u011bt\u016f a spr\u00e1vn\u00e9 stimulace.<\/p>\n<p>&#8222;Kdy\u017e m\u00e1 nap\u0159\u00edklad zrakov\u00fd probl\u00e9m, d\u011bl\u00e1me stimulaci zraku a rozv\u00edj\u00ed se u d\u00edt\u011bte to, \u010d\u00edm m\u016f\u017ee kompenzovat sv\u016fj zrakov\u00fd nedostatek,&#8220; uvedla. &#8220;<\/p>\n<p>C\u00edlem je, aby d\u00edt\u011b s posti\u017een\u00edm vyu\u017eilo v\u0161ech sv\u00fdch dovednost\u00ed a schopnost\u00ed, mohlo b\u00fdt vychov\u00e1v\u00e1no v rodin\u011b a mohlo chodit do p\u0159ed\u0161koln\u00edch za\u0159\u00edzen\u00ed,&#8220; dodala. Sedmdes\u00e1t procent klient\u016f libereck\u00e9ho St\u0159ediska pro ranou p\u00e9\u010di je z Libereck\u00e9ho kraje, kde tuto slu\u017ebu poskytuje jako jedin\u00e9.<\/p>\n","protected":false},"excerpt":{"rendered":"<div class=\"mh-excerpt\"><p>Libereck\u00e9 St\u0159edisko pro ranou p\u00e9\u010di, je\u017e bezplatn\u011b pom\u00e1h\u00e1 rodin\u00e1m d\u011bt\u00ed s posti\u017een\u00edm v Libereck\u00e9m, Kr\u00e1lov\u00e9hradeck\u00e9m a \u010d\u00e1sti \u00dasteck\u00e9ho kraje, je na hran\u011b sv\u00e9 kapacity.<\/p>\n<\/div>","protected":false},"author":1,"featured_media":1827,"comment_status":"open","ping_status":"closed","sticky":false,"template":"","format":"standard","meta":{"footnotes":""},"categories":[7],"tags":[],"class_list":["post-15013","post","type-post","status-publish","format-standard","has-post-thumbnail","hentry","category-spolecnost"],"_links":{"self":[{"href":"https:\/\/www.invarena.cz\/index.php?rest_route=\/wp\/v2\/posts\/15013","targetHints":{"allow":["GET"]}}],"collection":[{"href":"https:\/\/www.invarena.cz\/index.php?rest_route=\/wp\/v2\/posts"}],"about":[{"href":"https:\/\/www.invarena.cz\/index.php?rest_route=\/wp\/v2\/types\/post"}],"author":[{"embeddable":true,"href":"https:\/\/www.invarena.cz\/index.php?rest_route=\/wp\/v2\/users\/1"}],"replies":[{"embeddable":true,"href":"https:\/\/www.invarena.cz\/index.php?rest_route=%2Fwp%2Fv2%2Fcomments&post=15013"}],"version-history":[{"count":0,"href":"https:\/\/www.invarena.cz\/index.php?rest_route=\/wp\/v2\/posts\/15013\/revisions"}],"wp:featuredmedia":[{"embeddable":true,"href":"https:\/\/www.invarena.cz\/index.php?rest_route=\/wp\/v2\/media\/1827"}],"wp:attachment":[{"href":"https:\/\/www.invarena.cz\/index.php?rest_route=%2Fwp%2Fv2%2Fmedia&parent=15013"}],"wp:term":[{"taxonomy":"category","embeddable":true,"href":"https:\/\/www.invarena.cz\/index.php?rest_route=%2Fwp%2Fv2%2Fcategories&post=15013"},{"taxonomy":"post_tag","embeddable":true,"href":"https:\/\/www.invarena.cz\/index.php?rest_route=%2Fwp%2Fv2%2Ftags&post=15013"}],"curies":[{"name":"wp","href":"https:\/\/api.w.org\/{rel}","templated":true}]}}